{"id":10979,"date":"2020-01-24T13:10:52","date_gmt":"2020-01-24T12:10:52","guid":{"rendered":"https:\/\/it-service.network\/blog\/?p=10979"},"modified":"2026-01-30T10:03:49","modified_gmt":"2026-01-30T09:03:49","slug":"buchbinder-autovermietung-datenleck","status":"publish","type":"post","link":"https:\/\/it-service.network\/blog\/2020\/01\/24\/buchbinder-autovermietung-datenleck\/","title":{"rendered":"Buchbinder: Datenleck bei Autovermieter ## Mehr als 3 Millionen Kunden Opfer einer Datenpanne"},"content":{"rendered":"<p><strong>Buchbinder ist einer der gr\u00f6\u00dften Kfz-Vermieter in Deutschland. Jetzt wurde bekannt, dass 10 Terabyte pers\u00f6nliche Kundendaten \u00f6ffentlich zug\u00e4nglich waren. Und es kommt noch schlimmer: Auch Nutzer anderer Miet- und Vergleichsportale sind betroffen.\u00a0<\/strong><br \/>\nExperten sprechen schon von der gr\u00f6\u00dften Datenpanne in der Geschichte der Republik. Alle Hintergr\u00fcnde und was Betroffene tun sollten, jetzt bei uns.<!--more--><\/p>\n<div id=\"attachment_10992\" style=\"width: 310px\" class=\"wp-caption alignright\"><img loading=\"lazy\" decoding=\"async\" aria-describedby=\"caption-attachment-10992\" class=\"size-medium wp-image-10992\" src=\"https:\/\/it-service.network\/blog\/wp-content\/uploads\/2020\/01\/buchbinder-datenleck-300x189.jpg\" alt=\"buchbinder datenleck\" width=\"300\" height=\"189\" srcset=\"https:\/\/it-service.network\/blog\/wp-content\/uploads\/2020\/01\/buchbinder-datenleck-300x189.jpg 300w, https:\/\/it-service.network\/blog\/wp-content\/uploads\/2020\/01\/buchbinder-datenleck-1024x646.jpg 1024w, https:\/\/it-service.network\/blog\/wp-content\/uploads\/2020\/01\/buchbinder-datenleck-768x485.jpg 768w, https:\/\/it-service.network\/blog\/wp-content\/uploads\/2020\/01\/buchbinder-datenleck.jpg 1066w\" sizes=\"auto, (max-width: 300px) 100vw, 300px\" \/><p id=\"caption-attachment-10992\" class=\"wp-caption-text\">Mehr als 3 Millionen Kundendaten sind betroffen.<br \/>Bild: Pixabay\/JanBaby<\/p><\/div>\n<h3>Buchbinder \u2013 einer der gr\u00f6\u00dften Autovermieter<\/h3>\n<p>Eigenen Angaben zufolge handelt es sich um den gr\u00f6\u00dften deutschen Autovermieter und Marktf\u00fchrer im Bereich PKW und LKW Vermietung (ja, noch vor Sixt, Avis und Co.). Hinter Buchbinder steckt wiederum der Gro\u00dfkonzern Europcar aus Frankreich, der vor knapp drei Jahren die Anteile erwarb. Mehr als 2.500 Mitarbeiter betreiben \u00fcber 160 Mietstationen in Europa, der Umsatz der Unternehmensgruppe lag zuletzt bei fast 350 Millionen Euro.<br \/>\nBerichten zufolge wurde das Unternehmen per E-Mail von der \u201e<a href=\"https:\/\/www.dg-cybersicherheit.de\/\" target=\"_blank\" rel=\"noopener noreferrer\">Deutschen Gesellschaft f\u00fcr Cybersicherheit<\/a>\u201c, der das Datenleck bei einem Routine-Scan aufgefallen war, \u00fcber die L\u00fccke informiert, reagierte aber nicht. Daraufhin schalteten die Security Experten den Landesdatenschutzbeauftragten in Bayern und die Medien ein.<\/p>\n<h3>Buchbinder Datenleck \u2013 mehr als 3 Millionen Kunden betroffen<\/h3>\n<p>Von Unfallberichten, Rechnungen und Mietvertr\u00e4gen \u00fcber Adressen und Geburtsdaten bis hin zu Telefonnummern \u2013 sensible Daten von mehr als drei Millionen Kunden sollen wochenlang \u00f6ffentlich zug\u00e4nglich gewesen sein. Darunter sind sogar die Angaben von prominenten Personen wie dem Bundesvorsitzenden der Gr\u00fcnen, Robert Habeck, der ebenso wenig erfreut sein d\u00fcrfte wie der Chef der deutschen Cyber-Sicherheitsbeh\u00f6rde, der ebenfalls zu den Opfern z\u00e4hlt.<br \/>\nAber es geht noch weiter: Auch Login-Daten der eigenen Buchbinder-Mitarbeiter schwirrten frei im Netz herum. Ver\u00f6ffentlicht haben das die Zeitung \u201e<a href=\"https:\/\/www.zeit.de\/2020\/05\/datenleck-autoverleiher-buchbinder-datensicherheit-cyberkriminalitaet\" target=\"_blank\" rel=\"noopener noreferrer\">Die Zeit<\/a>\u201c und das Fachmagazin \u201e<a href=\"https:\/\/www.heise.de\/ct\/artikel\/Daten-Leak-bei-Autovermietung-Buchbinder-3-Millionen-Kundendaten-offen-im-Netz-4643015.html\" target=\"_blank\" rel=\"noopener noreferrer\">c&#8217;t<\/a>\u201c. Das gigantische Ausma\u00df des Datenskandals ist bislang noch nicht absehbar. Fest steht: Betroffene sollten jetzt schnell handeln \u2013 und den Anbieter erwartet wohl ein Rekord-DSVGO-Bu\u00dfgeld.<\/p>\n<h3>Sind Sie Opfer des Datenlecks?<\/h3>\n<p>Eine (halb-)gute Nachricht gibt es: Kreditkartendaten waren kein Teil des Datenlecks. Daf\u00fcr aber Bankverbindungen und Zahlungsinformationen auf Rechnungen. Wichtig ist, dass Sie jetzt genau \u00fcberlegen, ob Sie privat oder beruflich Buchbinder-Fahrzeuge genutzt haben \u2013 und zwar von 2003 bis heute.<br \/>\nT\u00fcckisch dabei: Es sind auch die Daten von Kunden betroffen, die Buchbinder-Fahrzeuge \u00fcber Vergleichs- und andere Mietportale gebucht haben und im Zweifel gar nicht im Detail wissen, welcher Anbieter dahintersteckte. Der Anbieter hat zwar vor, alle Betroffenen zu kontaktieren, das kann aber allein durch Umz\u00fcge und Telefonnummern-Wechsel nicht in G\u00e4nze gelingen.<\/p>\n<h4>Tipps f\u00fcr Betroffene der Buchbinder-Datenpanne<\/h4>\n<p>Fest steht: Rund 2,5 Millionen Daten stammen von Kunden aus Deutschland. Sollten Sie dazu geh\u00f6ren, geben wir folgende Handlungsempfehlung:<\/p>\n<ul>\n<li>Nutzen Sie Ihren Auskunftsanspruch gem\u00e4\u00df <a href=\"https:\/\/it-service.network\/it-lexikon\/dsgvo\">DSGVO<\/a>, falls Sie nicht auf eine Info durch den Anbieter warten wollen. Eine entsprechende Vorlage finden Sie <a href=\"https:\/\/www.heise.de\/select\/ct\/2018\/5\/softlinks\/ycyu?wt_mc=pred.red.ct.ct052018.112.softlink.softlink\" target=\"_blank\" rel=\"noopener noreferrer\">hier.<\/a><\/li>\n<li>\u00c4ndern Sie Ihre Passw\u00f6rter und Zugangsdaten, sofern Sie sie nicht nur bei Mietportalen und Buchbinder selbst, sondern auch auf anderen Websites eingesetzt haben.<\/li>\n<li>Beobachten Sie Ihre Konten. Ein pauschales Sperren der Kreditkarte ist aufgrund des Fehlens dieser Datenart unserer Meinung nach aber nicht n\u00f6tig.<\/li>\n<li>Richten Sie ggf. ein neues E-Mail Postfach ein, falls Sie in n\u00e4chster Zeit mit Spam-Nachrichten \u00fcbersch\u00fcttet werden.<\/li>\n<\/ul>\n<h3>Server-Konfigurationsfehler schuld an Datenleck<\/h3>\n<p>Die Ursache des Lecks war \u00fcbrigens schnell gefunden. Durch einen Konfigurationsfehler bei einem Backup-Server stand der Port 445 offen. Selbiger erlaubt Zugriffe \u00fcber das Netzwerkprotokoll. Bedeutet auf Deutsch: Jeder Besucher der Buchbinder-Website war theoretisch in der Lage, ohne Passwort oder sonstige Zugangsdaten s\u00e4mtliche Dateien herunterzuladen, die auf dem Server abgelegt waren. Einzige H\u00fcrde war die Eingabe der Server-IP-Adresse in den Windows-Datei-Explorer \u2013 daf\u00fcr muss man noch nicht einmal von Berufswegen Hacker sein. Wer dann noch gro\u00dfe Festplatten und einige Stunden Zeit er\u00fcbrigen konnte, gelangte ohne Umst\u00e4nde in den Besitz der Daten.<br \/>\nBleibt nur die Hoffnung, dass die Anbieter aus dieser Datenpanne lernen und Ihre Server k\u00fcnftig besser sch\u00fctzen.<\/p>\n","protected":false},"excerpt":{"rendered":"<p>Buchbinder ist einer der gr\u00f6\u00dften Kfz-Vermieter in Deutschland. Jetzt wurde bekannt, dass 10 Terabyte pers\u00f6nliche Kundendaten \u00f6ffentlich zug\u00e4nglich waren. Und es kommt noch schlimmer: Auch Nutzer anderer Miet- und Vergleichsportale sind betroffen.\u00a0 Experten sprechen schon von der gr\u00f6\u00dften Datenpanne in der Geschichte der Republik. Alle Hintergr\u00fcnde und was Betroffene tun sollten, jetzt bei uns.<\/p>\n","protected":false},"author":14,"featured_media":10992,"comment_status":"open","ping_status":"open","sticky":false,"template":"","format":"standard","meta":{"footnotes":""},"categories":[408],"tags":[523,215,90],"class_list":["post-10979","post","type-post","status-publish","format-standard","has-post-thumbnail","hentry","category-arbeitswelt-trends","tag-datendiebstahl","tag-datenleck","tag-datensicherheit"],"yoast_head":"<!-- This site is optimized with the Yoast SEO plugin v26.5 - https:\/\/yoast.com\/wordpress\/plugins\/seo\/ -->\n<title>Buchbinder Autovermietung: riesiges Datenleck entdeckt<\/title>\n<meta name=\"description\" content=\"Riesiger Datenskandel bei der Buchbinder Autovermietung: Mehr als 3 Millionen Kundendaten waren offen zug\u00e4nglich. Infos bei uns.\" \/>\n<meta name=\"robots\" content=\"index, follow, max-snippet:-1, max-image-preview:large, max-video-preview:-1\" \/>\n<link rel=\"canonical\" href=\"https:\/\/it-service.network\/blog\/2020\/01\/24\/buchbinder-autovermietung-datenleck\/\" \/>\n<meta property=\"og:locale\" content=\"de_DE\" \/>\n<meta property=\"og:type\" content=\"article\" \/>\n<meta property=\"og:title\" content=\"Buchbinder Autovermietung: riesiges Datenleck entdeckt\" \/>\n<meta property=\"og:description\" content=\"Riesiger Datenskandel bei der Buchbinder Autovermietung: Mehr als 3 Millionen Kundendaten waren offen zug\u00e4nglich. Infos bei uns.\" \/>\n<meta property=\"og:url\" content=\"https:\/\/it-service.network\/blog\/2020\/01\/24\/buchbinder-autovermietung-datenleck\/\" \/>\n<meta property=\"og:site_name\" content=\"IT-SERVICE.NETWORK Blog\" \/>\n<meta property=\"article:publisher\" content=\"https:\/\/www.facebook.com\/itservicenetwork\/\" \/>\n<meta property=\"article:published_time\" content=\"2020-01-24T12:10:52+00:00\" \/>\n<meta property=\"article:modified_time\" content=\"2026-01-30T09:03:49+00:00\" \/>\n<meta property=\"og:image\" content=\"https:\/\/it-service.network\/blog\/wp-content\/uploads\/2020\/01\/buchbinder-datenleck.jpg\" \/>\n\t<meta property=\"og:image:width\" content=\"1066\" \/>\n\t<meta property=\"og:image:height\" content=\"673\" \/>\n\t<meta property=\"og:image:type\" content=\"image\/jpeg\" \/>\n<meta name=\"author\" content=\"Lena Klaus\" \/>\n<meta name=\"twitter:card\" content=\"summary_large_image\" \/>\n<meta name=\"twitter:creator\" content=\"@ITSERVICNETWORK\" \/>\n<meta name=\"twitter:site\" content=\"@ITSERVICNETWORK\" \/>\n<meta name=\"twitter:label1\" content=\"Verfasst von\" \/>\n\t<meta name=\"twitter:data1\" content=\"Lena Klaus\" \/>\n\t<meta name=\"twitter:label2\" content=\"Gesch\u00e4tzte Lesezeit\" \/>\n\t<meta name=\"twitter:data2\" content=\"4\u00a0Minuten\" \/>\n<script type=\"application\/ld+json\" class=\"yoast-schema-graph\">{\"@context\":\"https:\/\/schema.org\",\"@graph\":[{\"@type\":\"WebPage\",\"@id\":\"https:\/\/it-service.network\/blog\/2020\/01\/24\/buchbinder-autovermietung-datenleck\/\",\"url\":\"https:\/\/it-service.network\/blog\/2020\/01\/24\/buchbinder-autovermietung-datenleck\/\",\"name\":\"Buchbinder Autovermietung: riesiges Datenleck entdeckt\",\"isPartOf\":{\"@id\":\"https:\/\/it-service.network\/blog\/#website\"},\"primaryImageOfPage\":{\"@id\":\"https:\/\/it-service.network\/blog\/2020\/01\/24\/buchbinder-autovermietung-datenleck\/#primaryimage\"},\"image\":{\"@id\":\"https:\/\/it-service.network\/blog\/2020\/01\/24\/buchbinder-autovermietung-datenleck\/#primaryimage\"},\"thumbnailUrl\":\"https:\/\/it-service.network\/blog\/wp-content\/uploads\/2020\/01\/buchbinder-datenleck.jpg\",\"datePublished\":\"2020-01-24T12:10:52+00:00\",\"dateModified\":\"2026-01-30T09:03:49+00:00\",\"author\":{\"@id\":\"https:\/\/it-service.network\/blog\/#\/schema\/person\/9cffbe4f537d5e70bde59b560ce9aac6\"},\"description\":\"Riesiger Datenskandel bei der Buchbinder Autovermietung: Mehr als 3 Millionen Kundendaten waren offen zug\u00e4nglich. Infos bei uns.\",\"breadcrumb\":{\"@id\":\"https:\/\/it-service.network\/blog\/2020\/01\/24\/buchbinder-autovermietung-datenleck\/#breadcrumb\"},\"inLanguage\":\"de\",\"potentialAction\":[{\"@type\":\"ReadAction\",\"target\":[\"https:\/\/it-service.network\/blog\/2020\/01\/24\/buchbinder-autovermietung-datenleck\/\"]}]},{\"@type\":\"ImageObject\",\"inLanguage\":\"de\",\"@id\":\"https:\/\/it-service.network\/blog\/2020\/01\/24\/buchbinder-autovermietung-datenleck\/#primaryimage\",\"url\":\"https:\/\/it-service.network\/blog\/wp-content\/uploads\/2020\/01\/buchbinder-datenleck.jpg\",\"contentUrl\":\"https:\/\/it-service.network\/blog\/wp-content\/uploads\/2020\/01\/buchbinder-datenleck.jpg\",\"width\":1066,\"height\":673,\"caption\":\"Mehr als 3 Millionen Kundendaten sind betroffen Bild: Pixabay\/JanBaby\"},{\"@type\":\"BreadcrumbList\",\"@id\":\"https:\/\/it-service.network\/blog\/2020\/01\/24\/buchbinder-autovermietung-datenleck\/#breadcrumb\",\"itemListElement\":[{\"@type\":\"ListItem\",\"position\":1,\"name\":\"Startseite\",\"item\":\"https:\/\/it-service.network\/blog\/\"},{\"@type\":\"ListItem\",\"position\":2,\"name\":\"Buchbinder: Datenleck bei Autovermieter ## Mehr als 3 Millionen Kunden Opfer einer Datenpanne\"}]},{\"@type\":\"WebSite\",\"@id\":\"https:\/\/it-service.network\/blog\/#website\",\"url\":\"https:\/\/it-service.network\/blog\/\",\"name\":\"IT-SERVICE.NETWORK Blog\",\"description\":\"Der IT-SERVICE.NETWORK Blog mit spannenden IT-News: \u2713 IT-Themen \u2713 IT-Trends \u2713 Business-Themen \u2713 IT-Dienstleistungen\",\"potentialAction\":[{\"@type\":\"SearchAction\",\"target\":{\"@type\":\"EntryPoint\",\"urlTemplate\":\"https:\/\/it-service.network\/blog\/?s={search_term_string}\"},\"query-input\":{\"@type\":\"PropertyValueSpecification\",\"valueRequired\":true,\"valueName\":\"search_term_string\"}}],\"inLanguage\":\"de\"},{\"@type\":\"Person\",\"@id\":\"https:\/\/it-service.network\/blog\/#\/schema\/person\/9cffbe4f537d5e70bde59b560ce9aac6\",\"name\":\"Lena Klaus\",\"image\":{\"@type\":\"ImageObject\",\"inLanguage\":\"de\",\"@id\":\"https:\/\/it-service.network\/blog\/#\/schema\/person\/image\/\",\"url\":\"https:\/\/it-service.network\/blog\/wp-content\/uploads\/2019\/04\/lena-klaus-96x96.jpg\",\"contentUrl\":\"https:\/\/it-service.network\/blog\/wp-content\/uploads\/2019\/04\/lena-klaus-96x96.jpg\",\"caption\":\"Lena Klaus\"},\"description\":\"Lena Klaus arbeitet seit 2018 als freie Autorin und SEO-Expertin f\u00fcr das IT-SERVICE.NETWORK. Besonders die Themen rund um den digitalen Wandel und New Work haben es ihr angetan. Dar\u00fcber hinaus ist die erfahrene Texterin immer wieder fasziniert davon, welche neue Methoden und Tricks Hackern und Cyberkriminellen einfallen. Seit 2013 kennt Lena Klaus die IT-Branche und hat sich in diesem Zusammenhang auf die Erstellung von Webtexten und Blogartikeln f\u00fcr B2C- und B2B-orientierte Content-Plattformen spezialisiert. Bis zu ihrer Elternzeit im Jahr 2017 war sie als Content Marketing- und PR-Managerin bei der SYNAXON AG, dem Mutterunternehmen des IT-SERVICE.NETWORK, fest angestellt. W\u00e4hrend dieser T\u00e4tigkeit verantwortete sie nicht nur die allgemeine Unternehmenskommunikation und Pressearbeit, sondern auch s\u00e4mtlichen Content der SYNAXON-Marke PC-SPEZIALIST. Nach ihrer Elternzeit wechselte sie hauptberuflich die Branche, blieb der SYNAXON AG und der mittlerweile fest etablierten Marke IT-SERVICE.NETWORK aber weiterhin als freie Mitarbeiterin treu. Neben ihrer Arbeit als Redakteurin f\u00fcr den IT-SERVICE.NETWORK-Blog verfasst sie auch Texte f\u00fcr das IT-SERVICE.NETWORK-Lexikon, einzelne Themenseiten, Leistungsbeschreibungen oder Profilseiten der Partner. In ihrer Freizeit bleibt der Laptop dann allerdings meist aus: Sie genie\u00dft die Zeit mit Ihrem Mann (nat\u00fcrlich auch ein ITler) und ihrer Tochter \u2013 am liebsten auf Reisen in fernen L\u00e4ndern.\",\"sameAs\":[\"https:\/\/it-service.network\/\"],\"url\":\"https:\/\/it-service.network\/blog\/author\/lena-klaus\/\"}]}<\/script>\n<!-- \/ Yoast SEO plugin. -->","yoast_head_json":{"title":"Buchbinder Autovermietung: riesiges Datenleck entdeckt","description":"Riesiger Datenskandel bei der Buchbinder Autovermietung: Mehr als 3 Millionen Kundendaten waren offen zug\u00e4nglich. Infos bei uns.","robots":{"index":"index","follow":"follow","max-snippet":"max-snippet:-1","max-image-preview":"max-image-preview:large","max-video-preview":"max-video-preview:-1"},"canonical":"https:\/\/it-service.network\/blog\/2020\/01\/24\/buchbinder-autovermietung-datenleck\/","og_locale":"de_DE","og_type":"article","og_title":"Buchbinder Autovermietung: riesiges Datenleck entdeckt","og_description":"Riesiger Datenskandel bei der Buchbinder Autovermietung: Mehr als 3 Millionen Kundendaten waren offen zug\u00e4nglich. Infos bei uns.","og_url":"https:\/\/it-service.network\/blog\/2020\/01\/24\/buchbinder-autovermietung-datenleck\/","og_site_name":"IT-SERVICE.NETWORK Blog","article_publisher":"https:\/\/www.facebook.com\/itservicenetwork\/","article_published_time":"2020-01-24T12:10:52+00:00","article_modified_time":"2026-01-30T09:03:49+00:00","og_image":[{"width":1066,"height":673,"url":"https:\/\/it-service.network\/blog\/wp-content\/uploads\/2020\/01\/buchbinder-datenleck.jpg","type":"image\/jpeg"}],"author":"Lena Klaus","twitter_card":"summary_large_image","twitter_creator":"@ITSERVICNETWORK","twitter_site":"@ITSERVICNETWORK","twitter_misc":{"Verfasst von":"Lena Klaus","Gesch\u00e4tzte Lesezeit":"4\u00a0Minuten"},"schema":{"@context":"https:\/\/schema.org","@graph":[{"@type":"WebPage","@id":"https:\/\/it-service.network\/blog\/2020\/01\/24\/buchbinder-autovermietung-datenleck\/","url":"https:\/\/it-service.network\/blog\/2020\/01\/24\/buchbinder-autovermietung-datenleck\/","name":"Buchbinder Autovermietung: riesiges Datenleck entdeckt","isPartOf":{"@id":"https:\/\/it-service.network\/blog\/#website"},"primaryImageOfPage":{"@id":"https:\/\/it-service.network\/blog\/2020\/01\/24\/buchbinder-autovermietung-datenleck\/#primaryimage"},"image":{"@id":"https:\/\/it-service.network\/blog\/2020\/01\/24\/buchbinder-autovermietung-datenleck\/#primaryimage"},"thumbnailUrl":"https:\/\/it-service.network\/blog\/wp-content\/uploads\/2020\/01\/buchbinder-datenleck.jpg","datePublished":"2020-01-24T12:10:52+00:00","dateModified":"2026-01-30T09:03:49+00:00","author":{"@id":"https:\/\/it-service.network\/blog\/#\/schema\/person\/9cffbe4f537d5e70bde59b560ce9aac6"},"description":"Riesiger Datenskandel bei der Buchbinder Autovermietung: Mehr als 3 Millionen Kundendaten waren offen zug\u00e4nglich. Infos bei uns.","breadcrumb":{"@id":"https:\/\/it-service.network\/blog\/2020\/01\/24\/buchbinder-autovermietung-datenleck\/#breadcrumb"},"inLanguage":"de","potentialAction":[{"@type":"ReadAction","target":["https:\/\/it-service.network\/blog\/2020\/01\/24\/buchbinder-autovermietung-datenleck\/"]}]},{"@type":"ImageObject","inLanguage":"de","@id":"https:\/\/it-service.network\/blog\/2020\/01\/24\/buchbinder-autovermietung-datenleck\/#primaryimage","url":"https:\/\/it-service.network\/blog\/wp-content\/uploads\/2020\/01\/buchbinder-datenleck.jpg","contentUrl":"https:\/\/it-service.network\/blog\/wp-content\/uploads\/2020\/01\/buchbinder-datenleck.jpg","width":1066,"height":673,"caption":"Mehr als 3 Millionen Kundendaten sind betroffen Bild: Pixabay\/JanBaby"},{"@type":"BreadcrumbList","@id":"https:\/\/it-service.network\/blog\/2020\/01\/24\/buchbinder-autovermietung-datenleck\/#breadcrumb","itemListElement":[{"@type":"ListItem","position":1,"name":"Startseite","item":"https:\/\/it-service.network\/blog\/"},{"@type":"ListItem","position":2,"name":"Buchbinder: Datenleck bei Autovermieter ## Mehr als 3 Millionen Kunden Opfer einer Datenpanne"}]},{"@type":"WebSite","@id":"https:\/\/it-service.network\/blog\/#website","url":"https:\/\/it-service.network\/blog\/","name":"IT-SERVICE.NETWORK Blog","description":"Der IT-SERVICE.NETWORK Blog mit spannenden IT-News: \u2713 IT-Themen \u2713 IT-Trends \u2713 Business-Themen \u2713 IT-Dienstleistungen","potentialAction":[{"@type":"SearchAction","target":{"@type":"EntryPoint","urlTemplate":"https:\/\/it-service.network\/blog\/?s={search_term_string}"},"query-input":{"@type":"PropertyValueSpecification","valueRequired":true,"valueName":"search_term_string"}}],"inLanguage":"de"},{"@type":"Person","@id":"https:\/\/it-service.network\/blog\/#\/schema\/person\/9cffbe4f537d5e70bde59b560ce9aac6","name":"Lena Klaus","image":{"@type":"ImageObject","inLanguage":"de","@id":"https:\/\/it-service.network\/blog\/#\/schema\/person\/image\/","url":"https:\/\/it-service.network\/blog\/wp-content\/uploads\/2019\/04\/lena-klaus-96x96.jpg","contentUrl":"https:\/\/it-service.network\/blog\/wp-content\/uploads\/2019\/04\/lena-klaus-96x96.jpg","caption":"Lena Klaus"},"description":"Lena Klaus arbeitet seit 2018 als freie Autorin und SEO-Expertin f\u00fcr das IT-SERVICE.NETWORK. Besonders die Themen rund um den digitalen Wandel und New Work haben es ihr angetan. Dar\u00fcber hinaus ist die erfahrene Texterin immer wieder fasziniert davon, welche neue Methoden und Tricks Hackern und Cyberkriminellen einfallen. Seit 2013 kennt Lena Klaus die IT-Branche und hat sich in diesem Zusammenhang auf die Erstellung von Webtexten und Blogartikeln f\u00fcr B2C- und B2B-orientierte Content-Plattformen spezialisiert. Bis zu ihrer Elternzeit im Jahr 2017 war sie als Content Marketing- und PR-Managerin bei der SYNAXON AG, dem Mutterunternehmen des IT-SERVICE.NETWORK, fest angestellt. W\u00e4hrend dieser T\u00e4tigkeit verantwortete sie nicht nur die allgemeine Unternehmenskommunikation und Pressearbeit, sondern auch s\u00e4mtlichen Content der SYNAXON-Marke PC-SPEZIALIST. Nach ihrer Elternzeit wechselte sie hauptberuflich die Branche, blieb der SYNAXON AG und der mittlerweile fest etablierten Marke IT-SERVICE.NETWORK aber weiterhin als freie Mitarbeiterin treu. Neben ihrer Arbeit als Redakteurin f\u00fcr den IT-SERVICE.NETWORK-Blog verfasst sie auch Texte f\u00fcr das IT-SERVICE.NETWORK-Lexikon, einzelne Themenseiten, Leistungsbeschreibungen oder Profilseiten der Partner. In ihrer Freizeit bleibt der Laptop dann allerdings meist aus: Sie genie\u00dft die Zeit mit Ihrem Mann (nat\u00fcrlich auch ein ITler) und ihrer Tochter \u2013 am liebsten auf Reisen in fernen L\u00e4ndern.","sameAs":["https:\/\/it-service.network\/"],"url":"https:\/\/it-service.network\/blog\/author\/lena-klaus\/"}]}},"_links":{"self":[{"href":"https:\/\/it-service.network\/blog\/wp-json\/wp\/v2\/posts\/10979","targetHints":{"allow":["GET"]}}],"collection":[{"href":"https:\/\/it-service.network\/blog\/wp-json\/wp\/v2\/posts"}],"about":[{"href":"https:\/\/it-service.network\/blog\/wp-json\/wp\/v2\/types\/post"}],"author":[{"embeddable":true,"href":"https:\/\/it-service.network\/blog\/wp-json\/wp\/v2\/users\/14"}],"replies":[{"embeddable":true,"href":"https:\/\/it-service.network\/blog\/wp-json\/wp\/v2\/comments?post=10979"}],"version-history":[{"count":1,"href":"https:\/\/it-service.network\/blog\/wp-json\/wp\/v2\/posts\/10979\/revisions"}],"predecessor-version":[{"id":29954,"href":"https:\/\/it-service.network\/blog\/wp-json\/wp\/v2\/posts\/10979\/revisions\/29954"}],"wp:featuredmedia":[{"embeddable":true,"href":"https:\/\/it-service.network\/blog\/wp-json\/wp\/v2\/media\/10992"}],"wp:attachment":[{"href":"https:\/\/it-service.network\/blog\/wp-json\/wp\/v2\/media?parent=10979"}],"wp:term":[{"taxonomy":"category","embeddable":true,"href":"https:\/\/it-service.network\/blog\/wp-json\/wp\/v2\/categories?post=10979"},{"taxonomy":"post_tag","embeddable":true,"href":"https:\/\/it-service.network\/blog\/wp-json\/wp\/v2\/tags?post=10979"}],"curies":[{"name":"wp","href":"https:\/\/api.w.org\/{rel}","templated":true}]}}