{"id":11520,"date":"2020-03-13T08:22:07","date_gmt":"2020-03-13T07:22:07","guid":{"rendered":"https:\/\/it-service.network\/blog\/?p=11520"},"modified":"2020-03-13T08:22:07","modified_gmt":"2020-03-13T07:22:07","slug":"recht-auf-home-office","status":"publish","type":"post","link":"https:\/\/it-service.network\/blog\/2020\/03\/13\/recht-auf-home-office\/","title":{"rendered":"Recht auf Home Office wegen Corona? ## Infos f\u00fcr Arbeitgeber &#038; Arbeitnehmer"},"content":{"rendered":"<p><strong>Habe ich ein Recht auf Home Office, um das Risiko zu vermindern, mich mit dem Coronavirus zu infizieren? Eine Frage, die sich derzeit wohl unz\u00e4hlige Arbeitnehmer in ganz Deutschland stellen.<\/strong><br \/>\nWir verraten, ob es in derartigen Krisenzeiten einen Anspruch auf Heimarbeit oder den Abbruch von Dienstreisen gibt und wie Arbeitnehmer und Arbeitgeber jetzt handeln sollten.<!--more--><br \/>\n<div id=\"attachment_11530\" style=\"width: 310px\" class=\"wp-caption alignright\"><img loading=\"lazy\" decoding=\"async\" aria-describedby=\"caption-attachment-11530\" class=\"size-medium wp-image-11530\" src=\"https:\/\/it-service.network\/blog\/wp-content\/uploads\/2020\/03\/recht-auf-homeoffice-wegen-corona-300x200.jpg\" alt=\"recht auf homeoffice wegen corona\" width=\"300\" height=\"200\" srcset=\"https:\/\/it-service.network\/blog\/wp-content\/uploads\/2020\/03\/recht-auf-homeoffice-wegen-corona-300x200.jpg 300w, https:\/\/it-service.network\/blog\/wp-content\/uploads\/2020\/03\/recht-auf-homeoffice-wegen-corona-1024x683.jpg 1024w, https:\/\/it-service.network\/blog\/wp-content\/uploads\/2020\/03\/recht-auf-homeoffice-wegen-corona-768x512.jpg 768w, https:\/\/it-service.network\/blog\/wp-content\/uploads\/2020\/03\/recht-auf-homeoffice-wegen-corona.jpg 1050w\" sizes=\"auto, (max-width: 300px) 100vw, 300px\" \/><p id=\"caption-attachment-11530\" class=\"wp-caption-text\">Sofa statt B\u00fcrostuhl: Aktuell sinnvoll, aber ein Recht auf Home Office gibt es nicht. Bild: Unsplash\/ConvertKit<\/p><\/div><\/p>\n<h3>Recht auf Home Office existiert auch in Zeiten von Corona nicht<\/h3>\n<p>Um die wichtigste Frage zu Beginn zu beantworten: Es gibt in Deutschland <strong>kein grunds\u00e4tzliches, gesetzliches Recht auf Home Office<\/strong> (auch wenn die SPD schon einmal einen <a href=\"https:\/\/it-service.network\/blog\/2019\/01\/28\/anspruch-auf-homeoffice\/\" target=\"_blank\" rel=\"noopener noreferrer\">Home-Office-Gesetzesentwurf<\/a> ins Gespr\u00e4ch gebracht hat). Und das gilt unabh\u00e4ngig von der Verbreitung des Coronavirus oder anderen Krankheiten. Ob ein Arbeitgeber seinen Mitarbeitern erlaubt, von Zuhause zu arbeiten, ist allein seine Entscheidung. Und jedes Unternehmen handhabt das dementsprechend anders.<br \/>\nZwar ist der Anteil derer, die Home Office generell erlauben, in den vergangenen Jahren unter Einfluss der <a href=\"https:\/\/it-service.network\/blog\/tag\/new-work\/\">\u201eNew Work\u201c-Bewegung<\/a> gestiegen, von einer bundesweiten Fl\u00e4chendeckung kann aber noch lange keine Rede sein. Auch die Rahmenbedingungen f\u00fcr Heimarbeit variieren stark. Manche Betriebe erlauben Home Office an maximal einem Tag pro Woche, sehr fortschrittliche Unternehmen sind dagegen schon beim Prinzip der <strong>freien Arbeitszeit-und-Arbeitsort-Wahl<\/strong> angekommen.<br \/>\nDurch die Verbreitung von Covid-19 beziehungsweise <abbr class=\"glossaryentry\" tabindex=\"0\" title=\"\" data-toggle=\"popover\" data-original-title=\"Schweres Akutes Respiratorisches Syndrom\">SARS<\/abbr>-CoV-2 fordern nun immer mehr Angestellte die Arbeit aus dem Home Office, um den Kontakt zu anderem Menschen vermeiden und damit das Risiko einer Ansteckung minimieren zu k\u00f6nnen.<\/p>\n<h3>Home Office in Zeiten von Corona \u2013 keine Pflicht, aber klare Empfehlung<\/h3>\n<p>Grunds\u00e4tzlich haben Arbeitgeber ihren Mitarbeitern gegen\u00fcber eine so genannte <strong>Schutzpflicht<\/strong>, der sie nachkommen m\u00fcssen. Jedoch gibt es f\u00fcr Krisensituationen wie der aktuellen keinen allgemeinen oder gar verbindlichen Leitfaden. Arbeitgeber k\u00f6nnen daher \u2013 Stand M\u00e4rz 2020 \u2013 selbst entscheiden, ob sie ihre Mitarbeiter ins Home Office \u201eentlassen\u201c oder nicht. Anders sieht es aus, wenn ein Angestellter nachweislich mit dem <abbr class=\"glossaryentry\" tabindex=\"0\" title=\"\" data-toggle=\"popover\" data-original-title=\"Schweres Akutes Respiratorisches Syndrom\">SARS<\/abbr>-CoV-2-Virus infiziert ist.<br \/>\nEin solcher Fall ist umgehend dem Gesundheitsamt und der Bezirksverwaltung zu melden. In der Regel entscheiden diese dann, dass alle, die mit der infizierten Person Kontakt hatten, unter Quarant\u00e4ne gestellt werden. Laut Experten wie denen des Robert Koch-Instituts und Gesundheitsminister Jens Spahn hat es oberste Priorit\u00e4t, die Ausbreitung des Virus bestm\u00f6glich zu verlangsamen. Vollkommen verhindern kann man sie ohnehin nicht mehr.<\/p>\n<h3>Dienstreisen aus Sorge vor Corona absagen \u2013 darf ich das?<\/h3>\n<p>Auch bei <strong>Dienstreisen<\/strong> gilt generell, dass Arbeitnehmer kein eigenes Recht auf selbstst\u00e4ndige oder gar unabgesprochene Absagen haben, wenn der Arbeitgeber die Reisen angeordnet hat beziehungsweise sie zur Erf\u00fcllung des Arbeitsverh\u00e4ltnisses dienen. Jedoch wird es aktuell wohl kein Unternehmen geben, das seine Mitarbeiter absichtlich in Krisenregionen entsendet. Einmal ganz unabh\u00e4ngig davon, dass der Zugang in diese gr\u00f6\u00dftenteils gar nicht mehr m\u00f6glich ist.<br \/>\nZudem gilt auch hier die <strong>Schutz- beziehungsweise F\u00fcrsorgepflicht<\/strong> des Arbeitgebers. Er muss nach \u201ebilligem Ermessen\u201c abw\u00e4gen, ob und wann eine T\u00e4tigkeit unter welchen Umst\u00e4nden durchgef\u00fchrt wird und welche Auswirkungen das auf das Wohl des Mitarbeiters und der Allgemeinheit hat.<br \/>\n<div id=\"attachment_11535\" style=\"width: 310px\" class=\"wp-caption alignleft\"><img loading=\"lazy\" decoding=\"async\" aria-describedby=\"caption-attachment-11535\" class=\"size-medium wp-image-11535\" src=\"https:\/\/it-service.network\/blog\/wp-content\/uploads\/2020\/03\/coronavirus-300x195.jpg\" alt=\"coronavirus h\u00e4nde sch\u00fctteln\" width=\"300\" height=\"195\" srcset=\"https:\/\/it-service.network\/blog\/wp-content\/uploads\/2020\/03\/coronavirus-300x195.jpg 300w, https:\/\/it-service.network\/blog\/wp-content\/uploads\/2020\/03\/coronavirus-1024x665.jpg 1024w, https:\/\/it-service.network\/blog\/wp-content\/uploads\/2020\/03\/coronavirus-768x499.jpg 768w, https:\/\/it-service.network\/blog\/wp-content\/uploads\/2020\/03\/coronavirus.jpg 1066w\" sizes=\"auto, (max-width: 300px) 100vw, 300px\" \/><p id=\"caption-attachment-11535\" class=\"wp-caption-text\">Pers\u00f6nliche Kontakte sollten reduziert werden. Bild: Pixabay\/geralt<\/p><\/div><\/p>\n<h3>Mitarbeiter ins Home Office schicken \u2013 Vorsicht ist besser als Nachsicht<\/h3>\n<p>Es bringt nat\u00fcrlich niemandem etwas, in blinde Panik zu verfallen (Stichwort: Hamsterk\u00e4ufe). Dennoch ist man als Arbeitgeber grunds\u00e4tzlich gut beraten, in den eigenen Reihen m\u00f6glichst wenig Ausf\u00e4lle zu verzeichnen. Und dieses Risiko l\u00e4sst sich durchaus mit Heimarbeit minimieren \u2013 das gilt vor allem f\u00fcr Unternehmen mit Gro\u00dfraumb\u00fcros.<br \/>\nZwar kann sich jeder Mitarbeiter auch beim Supermarkt-Besuch anstecken. So lange er aber w\u00e4hrend der Inkubationszeit von zuhause aus arbeitet, sind die Kollegen sicher. Wichtig nur: Schaffen Sie zeitnah die <strong>n\u00f6tigen, technischen Voraussetzungen<\/strong> f\u00fcr das Home Office.\u00a0Ein Tipp: Das Kollaborationstool Microsoft Teams, das die Arbeit im Home Office deutlich erleichtert, stellt Microsoft aktuell <a href=\"https:\/\/it-service.network\/blog\/2020\/03\/11\/microsoft-teams-kostenlos\/\">kostenlos zur Verf\u00fcgung<\/a>!<br \/>\nUnabh\u00e4ngig davon kann es je nach weiterer Ausbreitung durchaus auch noch passieren, dass die Politik Einfluss auf die Entscheidung nimmt. Schon jetzt sind alle Gro\u00dfveranstaltungen abgesagt und viele Schulen und Kinderg\u00e4rten schlie\u00dfen&#8230;<\/p>\n<h3>Kein Recht auf Home Office \u2013 Arbeitnehmer haben Pflichten<\/h3>\n<p>So wie Arbeitgeber ihren Mitarbeitern gegen\u00fcber Pflichten haben, so haben auch Mitarbeiter Pflichten gegen\u00fcber dem Unternehmen, in dem sie angestellt sind. Arbeitnehmer sind ihrem Arbeitgeber <strong>auskunftspflichtig<\/strong>, sobald sie sich zum Beispiel in Regionen mit einem hohem Krankheitsstand aufgehalten haben.<br \/>\nGleiches gilt, wenn Kontakt zu einer nachweislich oder vermutlich infizierten Person bestand. In diesen F\u00e4llen darf der Arbeitgeber einen Angestellten auch dazu auffordern, sich untersuchen und testen zu lassen. Tut er dies, muss er seinen Angestellten <strong>bezahlt<\/strong> von der Arbeit daf\u00fcr freistellen.<\/p>\n<h3>Update vom 24.05.2020: Altmaier lehnt Recht auf Home Office ab<\/h3>\n<p>Im Zuge der Corona-Krise forderte die SPD nun ein Recht auf Home Office. Bundeswirtschaftsminister Peter Altmaier lehnt die Forderung ab. Er h\u00e4lt nichts davon, dass der Staat Unternehmen in dieser Hinsicht Vorschriften macht. Seiner Meinung nach h\u00e4tte ein Gro\u00dfteil der Unternehmen im Zuge der Covid-Pandemie bewiesen, flexibel agieren und Home Office erm\u00f6glichen zu k\u00f6nnen.<\/p>\n<h3>Update vom 01.10.2020: Bundesarbeitsminister plant Gesetzesentwurf<\/h3>\n<p>Bundesarbeitsminister Hubertus Heil (SPD) m\u00f6chte im Herbst einen <strong>Gesetzesentwurf zum Thema Home Office<\/strong> vorlegen. \u201eJeder, der m\u00f6chte und bei dem es der Arbeitsplatz zul\u00e4sst, soll im Home Office arbeiten k\u00f6nnen \u2013 auch wenn die Corona-Pandemie wieder vorbei ist\u201c, sagte Heil dazu den Medien.<br \/>\nKoalitionskrach ist aber schon jetzt vorprogrammiert, denn die CDU spricht sich in gro\u00dfen Teilen gegen den Vorschlag aus. Denn: Sie h\u00e4lt ein allgemeines Recht auf Home Office f\u00fcr <strong>verfassungswidrig<\/strong>. Institutionen wie Greenpeace und Arbeitnehmer-Verb\u00e4nde hingegen unterst\u00fctzen den Vorschlag.<\/p>\n<h3>Update vom 21.01.2021: Neuer Beschluss zur Home-Office-Pflicht<\/h3>\n<p>Von einer \u201ePflicht\u201c kann vielleicht noch nicht gesprochen werden. Aber: Ein erster Schritt in diese Richtung ist \u2013 zumindest in Zeiten der Pandemie \u2013 jetzt getan. In ihrem Beschluss vom 19. Januar 2021 hat die Ministerpr\u00e4sidentenkonferenz n\u00e4mlich den Lockdown verl\u00e4ngert und einige Regeln versch\u00e4rft.\u00a0Der mit <strong>\u201eArbeiten im Home Office\u201c<\/strong> \u00fcberschriebene Punkt 8 des Beschlusses ist hier besonders interessant.<br \/>\nDarin hei\u00dft es: \u201eArbeitgeber [m\u00fcssen] \u00fcberall dort, wo es m\u00f6glich ist, den Besch\u00e4ftigten das Arbeiten im Home Office erm\u00f6glichen [&#8230;], sofern die T\u00e4tigkeiten es zulassen.\u201c Eine entsprechende Verordnung, die durch das Bundesministerium f\u00fcr Arbeit und Soziales noch erlassen wird, soll zun\u00e4chst bis\u00a0zum <strong>15. M\u00e4rz 2021<\/strong> gelten. Das Ziel: Die Kontakte am Arbeitsort und auf dem Weg dorthin sollen reduziert werden.<br \/>\nDerweil bleibt auch Hubertus Heil nicht inaktiv. Derzeit liegt ein Referentenentwurf f\u00fcr ein <strong>\u201eMobile-Arbeit-Gesetz\u201c<\/strong> innerhalb der Bundesregierung in einer Ressortabstimmung. Es sieht allerdings keinen Rechtsanspruch vor. Vielmehr geht es um eine <strong>gesetzliche Er\u00f6rterungspflicht<\/strong>. Bedeutet: Arbeitgeber und -nehmer sollen die Home-Office-Option er\u00f6rtern und m\u00f6glichst zu einer Vereinbarung kommen.<\/p>\n<hr \/>\n<p><small><strong>Weiterf\u00fchrende Links:<\/strong><br \/>\n<a href=\"https:\/\/t3n.de\/news\/angst-corona-covid-19-recht-auf-homeoffice-1261205\/\" target=\"_blank\" rel=\"noopener\">t3n<\/a>, <a href=\"https:\/\/www.berliner-zeitung.de\/politik-gesellschaft\/die-cdu-haelt-ein-recht-auf-homeoffice-fuer-verfassungswidrig-li.100202\" target=\"_blank\" rel=\"noopener\">Berliner Zeitung<\/a>, <a href=\"https:\/\/www.bundesregierung.de\/resource\/blob\/997532\/1840868\/1c68fcd2008b53cf12691162bf20626f\/2021-01-19-mpk-data.pdf?download=1\" target=\"_blank\" rel=\"noopener\">Beschluss Ministerpr\u00e4sidentenkonferenz<\/a>, <a href=\"https:\/\/www.haufe.de\/personal\/arbeitsrecht\/homeoffice-was-beim-arbeiten-von-zuhause-zu-beachten-ist_76_301172.html\" target=\"_blank\" rel=\"noopener\">Haufe<\/a><\/small><\/p>\n","protected":false},"excerpt":{"rendered":"<p>Habe ich ein Recht auf Home Office, um das Risiko zu vermindern, mich mit dem Coronavirus zu infizieren? Eine Frage, die sich derzeit wohl unz\u00e4hlige Arbeitnehmer in ganz Deutschland stellen. Wir verraten, ob es in derartigen Krisenzeiten einen Anspruch auf Heimarbeit oder den Abbruch von Dienstreisen gibt und wie Arbeitnehmer und Arbeitgeber jetzt handeln sollten.<\/p>\n","protected":false},"author":14,"featured_media":11530,"comment_status":"open","ping_status":"open","sticky":false,"template":"","format":"standard","meta":{"footnotes":""},"categories":[408],"tags":[954,922,526],"class_list":["post-11520","post","type-post","status-publish","format-standard","has-post-thumbnail","hentry","category-arbeitswelt-trends","tag-coronavirus","tag-gesundheit","tag-home-office"],"yoast_head":"<!-- This site is optimized with the Yoast SEO plugin v26.5 - https:\/\/yoast.com\/wordpress\/plugins\/seo\/ -->\n<title>Recht auf Home Office wegen Corona? Arbeitgeber- &amp; Arbeitnehmer-Infos<\/title>\n<meta name=\"description\" content=\"Haben Mitarbeiter ein Recht auf Home Office, um das Risiko zu vermindern, sich mit dem Coronavirus zu infizieren? Wir geben Antwort.\" \/>\n<meta name=\"robots\" content=\"index, follow, max-snippet:-1, max-image-preview:large, max-video-preview:-1\" \/>\n<link rel=\"canonical\" href=\"https:\/\/it-service.network\/blog\/2020\/03\/13\/recht-auf-home-office\/\" \/>\n<meta property=\"og:locale\" content=\"de_DE\" \/>\n<meta property=\"og:type\" content=\"article\" \/>\n<meta property=\"og:title\" content=\"Recht auf Home Office wegen Corona? Arbeitgeber- &amp; Arbeitnehmer-Infos\" \/>\n<meta property=\"og:description\" content=\"Haben Mitarbeiter ein Recht auf Home Office, um das Risiko zu vermindern, sich mit dem Coronavirus zu infizieren? Wir geben Antwort.\" \/>\n<meta property=\"og:url\" content=\"https:\/\/it-service.network\/blog\/2020\/03\/13\/recht-auf-home-office\/\" \/>\n<meta property=\"og:site_name\" content=\"IT-SERVICE.NETWORK Blog\" \/>\n<meta property=\"article:publisher\" content=\"https:\/\/www.facebook.com\/itservicenetwork\/\" \/>\n<meta property=\"article:published_time\" content=\"2020-03-13T07:22:07+00:00\" \/>\n<meta property=\"og:image\" content=\"https:\/\/it-service.network\/blog\/wp-content\/uploads\/2020\/03\/recht-auf-homeoffice-wegen-corona.jpg\" \/>\n\t<meta property=\"og:image:width\" content=\"1050\" \/>\n\t<meta property=\"og:image:height\" content=\"700\" \/>\n\t<meta property=\"og:image:type\" content=\"image\/jpeg\" \/>\n<meta name=\"author\" content=\"Lena Klaus\" \/>\n<meta name=\"twitter:card\" content=\"summary_large_image\" \/>\n<meta name=\"twitter:creator\" content=\"@ITSERVICNETWORK\" \/>\n<meta name=\"twitter:site\" content=\"@ITSERVICNETWORK\" \/>\n<meta name=\"twitter:label1\" content=\"Verfasst von\" \/>\n\t<meta name=\"twitter:data1\" content=\"Lena Klaus\" \/>\n\t<meta name=\"twitter:label2\" content=\"Gesch\u00e4tzte Lesezeit\" \/>\n\t<meta name=\"twitter:data2\" content=\"6\u00a0Minuten\" \/>\n<script type=\"application\/ld+json\" class=\"yoast-schema-graph\">{\"@context\":\"https:\/\/schema.org\",\"@graph\":[{\"@type\":\"WebPage\",\"@id\":\"https:\/\/it-service.network\/blog\/2020\/03\/13\/recht-auf-home-office\/\",\"url\":\"https:\/\/it-service.network\/blog\/2020\/03\/13\/recht-auf-home-office\/\",\"name\":\"Recht auf Home Office wegen Corona? Arbeitgeber- & Arbeitnehmer-Infos\",\"isPartOf\":{\"@id\":\"https:\/\/it-service.network\/blog\/#website\"},\"primaryImageOfPage\":{\"@id\":\"https:\/\/it-service.network\/blog\/2020\/03\/13\/recht-auf-home-office\/#primaryimage\"},\"image\":{\"@id\":\"https:\/\/it-service.network\/blog\/2020\/03\/13\/recht-auf-home-office\/#primaryimage\"},\"thumbnailUrl\":\"https:\/\/it-service.network\/blog\/wp-content\/uploads\/2020\/03\/recht-auf-homeoffice-wegen-corona.jpg\",\"datePublished\":\"2020-03-13T07:22:07+00:00\",\"author\":{\"@id\":\"https:\/\/it-service.network\/blog\/#\/schema\/person\/9cffbe4f537d5e70bde59b560ce9aac6\"},\"description\":\"Haben Mitarbeiter ein Recht auf Home Office, um das Risiko zu vermindern, sich mit dem Coronavirus zu infizieren? Wir geben Antwort.\",\"breadcrumb\":{\"@id\":\"https:\/\/it-service.network\/blog\/2020\/03\/13\/recht-auf-home-office\/#breadcrumb\"},\"inLanguage\":\"de\",\"potentialAction\":[{\"@type\":\"ReadAction\",\"target\":[\"https:\/\/it-service.network\/blog\/2020\/03\/13\/recht-auf-home-office\/\"]}]},{\"@type\":\"ImageObject\",\"inLanguage\":\"de\",\"@id\":\"https:\/\/it-service.network\/blog\/2020\/03\/13\/recht-auf-home-office\/#primaryimage\",\"url\":\"https:\/\/it-service.network\/blog\/wp-content\/uploads\/2020\/03\/recht-auf-homeoffice-wegen-corona.jpg\",\"contentUrl\":\"https:\/\/it-service.network\/blog\/wp-content\/uploads\/2020\/03\/recht-auf-homeoffice-wegen-corona.jpg\",\"width\":1050,\"height\":700,\"caption\":\"Sofa statt B\u00fcrostuhl: Aktuell sinnvoll, aber ein Recht auf Homeoffice gibt es nicht. Bild: Unsplash\/ConvertKit\"},{\"@type\":\"BreadcrumbList\",\"@id\":\"https:\/\/it-service.network\/blog\/2020\/03\/13\/recht-auf-home-office\/#breadcrumb\",\"itemListElement\":[{\"@type\":\"ListItem\",\"position\":1,\"name\":\"Startseite\",\"item\":\"https:\/\/it-service.network\/blog\/\"},{\"@type\":\"ListItem\",\"position\":2,\"name\":\"Recht auf Home Office wegen Corona? ## Infos f\u00fcr Arbeitgeber &#038; Arbeitnehmer\"}]},{\"@type\":\"WebSite\",\"@id\":\"https:\/\/it-service.network\/blog\/#website\",\"url\":\"https:\/\/it-service.network\/blog\/\",\"name\":\"IT-SERVICE.NETWORK Blog\",\"description\":\"Der IT-SERVICE.NETWORK Blog mit spannenden IT-News: \u2713 IT-Themen \u2713 IT-Trends \u2713 Business-Themen \u2713 IT-Dienstleistungen\",\"potentialAction\":[{\"@type\":\"SearchAction\",\"target\":{\"@type\":\"EntryPoint\",\"urlTemplate\":\"https:\/\/it-service.network\/blog\/?s={search_term_string}\"},\"query-input\":{\"@type\":\"PropertyValueSpecification\",\"valueRequired\":true,\"valueName\":\"search_term_string\"}}],\"inLanguage\":\"de\"},{\"@type\":\"Person\",\"@id\":\"https:\/\/it-service.network\/blog\/#\/schema\/person\/9cffbe4f537d5e70bde59b560ce9aac6\",\"name\":\"Lena Klaus\",\"image\":{\"@type\":\"ImageObject\",\"inLanguage\":\"de\",\"@id\":\"https:\/\/it-service.network\/blog\/#\/schema\/person\/image\/\",\"url\":\"https:\/\/it-service.network\/blog\/wp-content\/uploads\/2019\/04\/lena-klaus-96x96.jpg\",\"contentUrl\":\"https:\/\/it-service.network\/blog\/wp-content\/uploads\/2019\/04\/lena-klaus-96x96.jpg\",\"caption\":\"Lena Klaus\"},\"description\":\"Lena Klaus arbeitet seit 2018 als freie Autorin und SEO-Expertin f\u00fcr das IT-SERVICE.NETWORK. Besonders die Themen rund um den digitalen Wandel und New Work haben es ihr angetan. Dar\u00fcber hinaus ist die erfahrene Texterin immer wieder fasziniert davon, welche neue Methoden und Tricks Hackern und Cyberkriminellen einfallen. Seit 2013 kennt Lena Klaus die IT-Branche und hat sich in diesem Zusammenhang auf die Erstellung von Webtexten und Blogartikeln f\u00fcr B2C- und B2B-orientierte Content-Plattformen spezialisiert. Bis zu ihrer Elternzeit im Jahr 2017 war sie als Content Marketing- und PR-Managerin bei der SYNAXON AG, dem Mutterunternehmen des IT-SERVICE.NETWORK, fest angestellt. W\u00e4hrend dieser T\u00e4tigkeit verantwortete sie nicht nur die allgemeine Unternehmenskommunikation und Pressearbeit, sondern auch s\u00e4mtlichen Content der SYNAXON-Marke PC-SPEZIALIST. Nach ihrer Elternzeit wechselte sie hauptberuflich die Branche, blieb der SYNAXON AG und der mittlerweile fest etablierten Marke IT-SERVICE.NETWORK aber weiterhin als freie Mitarbeiterin treu. Neben ihrer Arbeit als Redakteurin f\u00fcr den IT-SERVICE.NETWORK-Blog verfasst sie auch Texte f\u00fcr das IT-SERVICE.NETWORK-Lexikon, einzelne Themenseiten, Leistungsbeschreibungen oder Profilseiten der Partner. In ihrer Freizeit bleibt der Laptop dann allerdings meist aus: Sie genie\u00dft die Zeit mit Ihrem Mann (nat\u00fcrlich auch ein ITler) und ihrer Tochter \u2013 am liebsten auf Reisen in fernen L\u00e4ndern.\",\"sameAs\":[\"https:\/\/it-service.network\/\"],\"url\":\"https:\/\/it-service.network\/blog\/author\/lena-klaus\/\"}]}<\/script>\n<!-- \/ Yoast SEO plugin. -->","yoast_head_json":{"title":"Recht auf Home Office wegen Corona? Arbeitgeber- & Arbeitnehmer-Infos","description":"Haben Mitarbeiter ein Recht auf Home Office, um das Risiko zu vermindern, sich mit dem Coronavirus zu infizieren? Wir geben Antwort.","robots":{"index":"index","follow":"follow","max-snippet":"max-snippet:-1","max-image-preview":"max-image-preview:large","max-video-preview":"max-video-preview:-1"},"canonical":"https:\/\/it-service.network\/blog\/2020\/03\/13\/recht-auf-home-office\/","og_locale":"de_DE","og_type":"article","og_title":"Recht auf Home Office wegen Corona? Arbeitgeber- & Arbeitnehmer-Infos","og_description":"Haben Mitarbeiter ein Recht auf Home Office, um das Risiko zu vermindern, sich mit dem Coronavirus zu infizieren? Wir geben Antwort.","og_url":"https:\/\/it-service.network\/blog\/2020\/03\/13\/recht-auf-home-office\/","og_site_name":"IT-SERVICE.NETWORK Blog","article_publisher":"https:\/\/www.facebook.com\/itservicenetwork\/","article_published_time":"2020-03-13T07:22:07+00:00","og_image":[{"width":1050,"height":700,"url":"https:\/\/it-service.network\/blog\/wp-content\/uploads\/2020\/03\/recht-auf-homeoffice-wegen-corona.jpg","type":"image\/jpeg"}],"author":"Lena Klaus","twitter_card":"summary_large_image","twitter_creator":"@ITSERVICNETWORK","twitter_site":"@ITSERVICNETWORK","twitter_misc":{"Verfasst von":"Lena Klaus","Gesch\u00e4tzte Lesezeit":"6\u00a0Minuten"},"schema":{"@context":"https:\/\/schema.org","@graph":[{"@type":"WebPage","@id":"https:\/\/it-service.network\/blog\/2020\/03\/13\/recht-auf-home-office\/","url":"https:\/\/it-service.network\/blog\/2020\/03\/13\/recht-auf-home-office\/","name":"Recht auf Home Office wegen Corona? Arbeitgeber- & Arbeitnehmer-Infos","isPartOf":{"@id":"https:\/\/it-service.network\/blog\/#website"},"primaryImageOfPage":{"@id":"https:\/\/it-service.network\/blog\/2020\/03\/13\/recht-auf-home-office\/#primaryimage"},"image":{"@id":"https:\/\/it-service.network\/blog\/2020\/03\/13\/recht-auf-home-office\/#primaryimage"},"thumbnailUrl":"https:\/\/it-service.network\/blog\/wp-content\/uploads\/2020\/03\/recht-auf-homeoffice-wegen-corona.jpg","datePublished":"2020-03-13T07:22:07+00:00","author":{"@id":"https:\/\/it-service.network\/blog\/#\/schema\/person\/9cffbe4f537d5e70bde59b560ce9aac6"},"description":"Haben Mitarbeiter ein Recht auf Home Office, um das Risiko zu vermindern, sich mit dem Coronavirus zu infizieren? Wir geben Antwort.","breadcrumb":{"@id":"https:\/\/it-service.network\/blog\/2020\/03\/13\/recht-auf-home-office\/#breadcrumb"},"inLanguage":"de","potentialAction":[{"@type":"ReadAction","target":["https:\/\/it-service.network\/blog\/2020\/03\/13\/recht-auf-home-office\/"]}]},{"@type":"ImageObject","inLanguage":"de","@id":"https:\/\/it-service.network\/blog\/2020\/03\/13\/recht-auf-home-office\/#primaryimage","url":"https:\/\/it-service.network\/blog\/wp-content\/uploads\/2020\/03\/recht-auf-homeoffice-wegen-corona.jpg","contentUrl":"https:\/\/it-service.network\/blog\/wp-content\/uploads\/2020\/03\/recht-auf-homeoffice-wegen-corona.jpg","width":1050,"height":700,"caption":"Sofa statt B\u00fcrostuhl: Aktuell sinnvoll, aber ein Recht auf Homeoffice gibt es nicht. Bild: Unsplash\/ConvertKit"},{"@type":"BreadcrumbList","@id":"https:\/\/it-service.network\/blog\/2020\/03\/13\/recht-auf-home-office\/#breadcrumb","itemListElement":[{"@type":"ListItem","position":1,"name":"Startseite","item":"https:\/\/it-service.network\/blog\/"},{"@type":"ListItem","position":2,"name":"Recht auf Home Office wegen Corona? ## Infos f\u00fcr Arbeitgeber &#038; Arbeitnehmer"}]},{"@type":"WebSite","@id":"https:\/\/it-service.network\/blog\/#website","url":"https:\/\/it-service.network\/blog\/","name":"IT-SERVICE.NETWORK Blog","description":"Der IT-SERVICE.NETWORK Blog mit spannenden IT-News: \u2713 IT-Themen \u2713 IT-Trends \u2713 Business-Themen \u2713 IT-Dienstleistungen","potentialAction":[{"@type":"SearchAction","target":{"@type":"EntryPoint","urlTemplate":"https:\/\/it-service.network\/blog\/?s={search_term_string}"},"query-input":{"@type":"PropertyValueSpecification","valueRequired":true,"valueName":"search_term_string"}}],"inLanguage":"de"},{"@type":"Person","@id":"https:\/\/it-service.network\/blog\/#\/schema\/person\/9cffbe4f537d5e70bde59b560ce9aac6","name":"Lena Klaus","image":{"@type":"ImageObject","inLanguage":"de","@id":"https:\/\/it-service.network\/blog\/#\/schema\/person\/image\/","url":"https:\/\/it-service.network\/blog\/wp-content\/uploads\/2019\/04\/lena-klaus-96x96.jpg","contentUrl":"https:\/\/it-service.network\/blog\/wp-content\/uploads\/2019\/04\/lena-klaus-96x96.jpg","caption":"Lena Klaus"},"description":"Lena Klaus arbeitet seit 2018 als freie Autorin und SEO-Expertin f\u00fcr das IT-SERVICE.NETWORK. Besonders die Themen rund um den digitalen Wandel und New Work haben es ihr angetan. Dar\u00fcber hinaus ist die erfahrene Texterin immer wieder fasziniert davon, welche neue Methoden und Tricks Hackern und Cyberkriminellen einfallen. Seit 2013 kennt Lena Klaus die IT-Branche und hat sich in diesem Zusammenhang auf die Erstellung von Webtexten und Blogartikeln f\u00fcr B2C- und B2B-orientierte Content-Plattformen spezialisiert. Bis zu ihrer Elternzeit im Jahr 2017 war sie als Content Marketing- und PR-Managerin bei der SYNAXON AG, dem Mutterunternehmen des IT-SERVICE.NETWORK, fest angestellt. W\u00e4hrend dieser T\u00e4tigkeit verantwortete sie nicht nur die allgemeine Unternehmenskommunikation und Pressearbeit, sondern auch s\u00e4mtlichen Content der SYNAXON-Marke PC-SPEZIALIST. Nach ihrer Elternzeit wechselte sie hauptberuflich die Branche, blieb der SYNAXON AG und der mittlerweile fest etablierten Marke IT-SERVICE.NETWORK aber weiterhin als freie Mitarbeiterin treu. Neben ihrer Arbeit als Redakteurin f\u00fcr den IT-SERVICE.NETWORK-Blog verfasst sie auch Texte f\u00fcr das IT-SERVICE.NETWORK-Lexikon, einzelne Themenseiten, Leistungsbeschreibungen oder Profilseiten der Partner. In ihrer Freizeit bleibt der Laptop dann allerdings meist aus: Sie genie\u00dft die Zeit mit Ihrem Mann (nat\u00fcrlich auch ein ITler) und ihrer Tochter \u2013 am liebsten auf Reisen in fernen L\u00e4ndern.","sameAs":["https:\/\/it-service.network\/"],"url":"https:\/\/it-service.network\/blog\/author\/lena-klaus\/"}]}},"_links":{"self":[{"href":"https:\/\/it-service.network\/blog\/wp-json\/wp\/v2\/posts\/11520","targetHints":{"allow":["GET"]}}],"collection":[{"href":"https:\/\/it-service.network\/blog\/wp-json\/wp\/v2\/posts"}],"about":[{"href":"https:\/\/it-service.network\/blog\/wp-json\/wp\/v2\/types\/post"}],"author":[{"embeddable":true,"href":"https:\/\/it-service.network\/blog\/wp-json\/wp\/v2\/users\/14"}],"replies":[{"embeddable":true,"href":"https:\/\/it-service.network\/blog\/wp-json\/wp\/v2\/comments?post=11520"}],"version-history":[{"count":0,"href":"https:\/\/it-service.network\/blog\/wp-json\/wp\/v2\/posts\/11520\/revisions"}],"wp:featuredmedia":[{"embeddable":true,"href":"https:\/\/it-service.network\/blog\/wp-json\/wp\/v2\/media\/11530"}],"wp:attachment":[{"href":"https:\/\/it-service.network\/blog\/wp-json\/wp\/v2\/media?parent=11520"}],"wp:term":[{"taxonomy":"category","embeddable":true,"href":"https:\/\/it-service.network\/blog\/wp-json\/wp\/v2\/categories?post=11520"},{"taxonomy":"post_tag","embeddable":true,"href":"https:\/\/it-service.network\/blog\/wp-json\/wp\/v2\/tags?post=11520"}],"curies":[{"name":"wp","href":"https:\/\/api.w.org\/{rel}","templated":true}]}}