{"id":12350,"date":"2020-04-24T07:35:35","date_gmt":"2020-04-24T05:35:35","guid":{"rendered":"https:\/\/it-service.network\/blog\/?p=12350"},"modified":"2020-04-24T07:35:35","modified_gmt":"2020-04-24T05:35:35","slug":"ifa-2020","status":"publish","type":"post","link":"https:\/\/it-service.network\/blog\/2020\/04\/24\/ifa-2020\/","title":{"rendered":"IFA 2020 ## Neues Format aufgrund des Veranstaltungsverbots geplant"},"content":{"rendered":"<p><strong>Die IFA 2020 reiht sich in die Riege der Messen ein, die aufgrund der Corona-Krise nicht wie geplant stattfinden k\u00f6nnen. Bis zuletzt waren die Veranstalter davon ausgegangen, im September die Tore zu \u00f6ffnen, daraus wird nun nichts. Ganz aufgeben will man die Technik-Leitmesse aber nicht.<\/strong><br \/>\nWelche Pl\u00e4ne die Veranstalter nun stattdessen verfolgen, jetzt bei uns.<!--more--><br \/>\n<div id=\"attachment_12355\" style=\"width: 310px\" class=\"wp-caption alignright\"><img loading=\"lazy\" decoding=\"async\" aria-describedby=\"caption-attachment-12355\" class=\"size-medium wp-image-12355\" src=\"https:\/\/it-service.network\/blog\/wp-content\/uploads\/2020\/04\/IFA-2020-300x200.jpg\" alt=\"IFA 2020\" width=\"300\" height=\"200\" srcset=\"https:\/\/it-service.network\/blog\/wp-content\/uploads\/2020\/04\/IFA-2020-300x200.jpg 300w, https:\/\/it-service.network\/blog\/wp-content\/uploads\/2020\/04\/IFA-2020-768x512.jpg 768w, https:\/\/it-service.network\/blog\/wp-content\/uploads\/2020\/04\/IFA-2020.jpg 850w\" sizes=\"auto, (max-width: 300px) 100vw, 300px\" \/><p id=\"caption-attachment-12355\" class=\"wp-caption-text\">So wie im letzten Jahr wird die IFA 2020 nicht aussehen.<br \/>Bild: Messe Berlin<\/p><\/div><\/p>\n<h3>Corona-Krise zwingt IFA 2020 in die Knie<\/h3>\n<p>Die IFA Messe ist sp\u00e4testens seit dem Ende der CeBit die Leitmesse f\u00fcr Technik und Technologie in Deutschland. Jedes Jahr im Herbst in Berlin stattfindend, lockte sie zuletzt knapp 240.000 Besucher aus der ganzen Welt in die Hauptstadt der Bundesrepublik. Und bis vor wenigen Tagen ging man trotz der anhaltenden <a href=\"https:\/\/it-service.network\/blog\/tag\/coronavirus\/\" target=\"_blank\" rel=\"noopener noreferrer\">Corona-Krise<\/a> noch davon aus, dass das Event vom 4. bis zum 9. September wie geplant stattfinden k\u00f6nne. Diesen Pl\u00e4nen hat der Senat jetzt einen Strich durch die Rechnung gemacht.<br \/>\nDas Verbot von Gro\u00dfveranstaltungen, vom Bund zun\u00e4chst bis zum 31. August des Jahres angedacht, wurde durch den Berliner Senat bis zum 24. Oktober erweitert. Darunter fallen alle Events, zu denen mehr als 5.000 Teilnehmer erwartet werden.<\/p>\n<h3>IFA 2020 will alternatives Konzept vorlegen<\/h3>\n<p>Die Messe Berlin sowie die <a href=\"https:\/\/gfu.de\/\" target=\"_blank\" rel=\"noopener noreferrer\">GFU<\/a> als Veranstalter der IFA zeigten sich nat\u00fcrlich wenig begeistert. Schnell stand aber der Beschluss fest, die IFA 2020 nicht komplett aufzugeben. Sie soll stattfinden \u2013 wenn auch anders als gewohnt. Beide Parteien wollen nun mit Hochdruck an einem alternativen Konzept arbeiten, die \u00a0\u201eweltweit bedeutendste Messe f\u00fcr Consumer Electronics und Home Appliances\u201c doch noch irgendwie \u00fcber die B\u00fchne zu bringen.<br \/>\nGrunds\u00e4tzlich sind die Weichen daf\u00fcr gestellt, was an der Natur der IFA und seinen \u00fcber 1.900 Ausstellern liegt. Warum sollten es f\u00fchrende Technologiekonzerne und Innovationstreiber nicht schaffen, ihre geliebte Leitmesse in Form eines Tech-Events stattfinden zu lassen? Wie dieses Konzept allerdings im Detail aussieht, kann zum jetzigen Stand nat\u00fcrlich noch nicht bekannt gegeben werden.<\/p>\n<h3>Konkrete Alternativpl\u00e4ne f\u00fcr die IFA 2020 in der Vorbereitung<\/h3>\n<p>GFU-Aufsichtsratsvorsitzender Hans-Joachim Kamp zeigte sich trotz aller Entt\u00e4uschung auch erleichter dar\u00fcber, dass die neuen Rahmenbedingungen nun feststehen und damit Klarheit geschaffen wurde. Das erm\u00f6gliche der GFU in enger Zusammenarbeit mit der Messe Berlin und den bereits angemeldeten Ausstellern eine konkrete Planung vorzubereiten.<br \/>\nWas besagte Aussteller von diesen Pl\u00e4nen halten, ist bislang noch nicht bekannt. Hier sind noch viele offene Fragen zu erwarten \u2013 allein zum Beispiel die nach einer Anpassung oder Erstattung der Standgeb\u00fchren. Es ist davon auszugehen, dass sich nicht jeder Aussteller mit der Idee eines Tech-Events anfreundet.<\/p>\n<h3>Corona-Krise \u201et\u00f6dlich\u201c f\u00fcr das Veranstaltungswesen<\/h3>\n<p>Am Ende des Tages kann sich die IFA im Gegensatz zu vielen anderen Messen und Gro\u00dfveranstaltungen noch gl\u00fccklich sch\u00e4tzen, die besten Technologie-Experten \u00fcberhaupt mit im Boot zu haben. Anderen Branchen ist es nicht einfach m\u00f6glich, ihre Events mal schnell nach \u201eDigitalien\u201c zu verlagern. Einmal ganz abgesehen von den Dienstleistern, Catering-Unternehmen und Messebauern, denen das Virus vielfach schon jetzt das Genick gebrochen hat.<br \/>\nNur die wichtige Frage, ob der Erfolg eines Tech-Events auch nur ansatzweise vergleichbar mit dem einer Face-to-Face-Veranstaltung ist, werden die Verantwortlichen der IFA 2020 mit sehr hoher Wahrscheinlichkeit aber auch verneinen m\u00fcssen.<\/p>\n","protected":false},"excerpt":{"rendered":"<p>Die IFA 2020 reiht sich in die Riege der Messen ein, die aufgrund der Corona-Krise nicht wie geplant stattfinden k\u00f6nnen. Bis zuletzt waren die Veranstalter davon ausgegangen, im September die Tore zu \u00f6ffnen, daraus wird nun nichts. Ganz aufgeben will man die Technik-Leitmesse aber nicht. Welche Pl\u00e4ne die Veranstalter nun stattdessen verfolgen, jetzt bei uns.<\/p>\n","protected":false},"author":14,"featured_media":12355,"comment_status":"open","ping_status":"open","sticky":false,"template":"","format":"standard","meta":{"footnotes":""},"categories":[408],"tags":[954,923],"class_list":["post-12350","post","type-post","status-publish","format-standard","has-post-thumbnail","hentry","category-arbeitswelt-trends","tag-coronavirus","tag-events"],"yoast_head":"<!-- This site is optimized with the Yoast SEO plugin v26.5 - https:\/\/yoast.com\/wordpress\/plugins\/seo\/ -->\n<title>IFA 2020 \u2013 neues Format aufgrund des Veranstaltungsverbots geplant<\/title>\n<meta name=\"description\" content=\"Die IFA 2020 kann aufgrund der Corona-Krise im September nicht in ihrer gewohnten Form stattfinden. Die Veranstalter basteln jetzt an einer Alternative.\" \/>\n<meta name=\"robots\" content=\"index, follow, max-snippet:-1, max-image-preview:large, max-video-preview:-1\" \/>\n<link rel=\"canonical\" href=\"https:\/\/it-service.network\/blog\/2020\/04\/24\/ifa-2020\/\" \/>\n<meta property=\"og:locale\" content=\"de_DE\" \/>\n<meta property=\"og:type\" content=\"article\" \/>\n<meta property=\"og:title\" content=\"IFA 2020 \u2013 neues Format aufgrund des Veranstaltungsverbots geplant\" \/>\n<meta property=\"og:description\" content=\"Die IFA 2020 kann aufgrund der Corona-Krise im September nicht in ihrer gewohnten Form stattfinden. Die Veranstalter basteln jetzt an einer Alternative.\" \/>\n<meta property=\"og:url\" content=\"https:\/\/it-service.network\/blog\/2020\/04\/24\/ifa-2020\/\" \/>\n<meta property=\"og:site_name\" content=\"IT-SERVICE.NETWORK Blog\" \/>\n<meta property=\"article:publisher\" content=\"https:\/\/www.facebook.com\/itservicenetwork\/\" \/>\n<meta property=\"article:published_time\" content=\"2020-04-24T05:35:35+00:00\" \/>\n<meta property=\"og:image\" content=\"https:\/\/it-service.network\/blog\/wp-content\/uploads\/2020\/04\/IFA-2020.jpg\" \/>\n\t<meta property=\"og:image:width\" content=\"850\" \/>\n\t<meta property=\"og:image:height\" content=\"567\" \/>\n\t<meta property=\"og:image:type\" content=\"image\/jpeg\" \/>\n<meta name=\"author\" content=\"Lena Klaus\" \/>\n<meta name=\"twitter:card\" content=\"summary_large_image\" \/>\n<meta name=\"twitter:creator\" content=\"@ITSERVICNETWORK\" \/>\n<meta name=\"twitter:site\" content=\"@ITSERVICNETWORK\" \/>\n<meta name=\"twitter:label1\" content=\"Verfasst von\" \/>\n\t<meta name=\"twitter:data1\" content=\"Lena Klaus\" \/>\n\t<meta name=\"twitter:label2\" content=\"Gesch\u00e4tzte Lesezeit\" \/>\n\t<meta name=\"twitter:data2\" content=\"3\u00a0Minuten\" \/>\n<script type=\"application\/ld+json\" class=\"yoast-schema-graph\">{\"@context\":\"https:\/\/schema.org\",\"@graph\":[{\"@type\":\"WebPage\",\"@id\":\"https:\/\/it-service.network\/blog\/2020\/04\/24\/ifa-2020\/\",\"url\":\"https:\/\/it-service.network\/blog\/2020\/04\/24\/ifa-2020\/\",\"name\":\"IFA 2020 \u2013 neues Format aufgrund des Veranstaltungsverbots geplant\",\"isPartOf\":{\"@id\":\"https:\/\/it-service.network\/blog\/#website\"},\"primaryImageOfPage\":{\"@id\":\"https:\/\/it-service.network\/blog\/2020\/04\/24\/ifa-2020\/#primaryimage\"},\"image\":{\"@id\":\"https:\/\/it-service.network\/blog\/2020\/04\/24\/ifa-2020\/#primaryimage\"},\"thumbnailUrl\":\"https:\/\/it-service.network\/blog\/wp-content\/uploads\/2020\/04\/IFA-2020.jpg\",\"datePublished\":\"2020-04-24T05:35:35+00:00\",\"author\":{\"@id\":\"https:\/\/it-service.network\/blog\/#\/schema\/person\/9cffbe4f537d5e70bde59b560ce9aac6\"},\"description\":\"Die IFA 2020 kann aufgrund der Corona-Krise im September nicht in ihrer gewohnten Form stattfinden. Die Veranstalter basteln jetzt an einer Alternative.\",\"breadcrumb\":{\"@id\":\"https:\/\/it-service.network\/blog\/2020\/04\/24\/ifa-2020\/#breadcrumb\"},\"inLanguage\":\"de\",\"potentialAction\":[{\"@type\":\"ReadAction\",\"target\":[\"https:\/\/it-service.network\/blog\/2020\/04\/24\/ifa-2020\/\"]}]},{\"@type\":\"ImageObject\",\"inLanguage\":\"de\",\"@id\":\"https:\/\/it-service.network\/blog\/2020\/04\/24\/ifa-2020\/#primaryimage\",\"url\":\"https:\/\/it-service.network\/blog\/wp-content\/uploads\/2020\/04\/IFA-2020.jpg\",\"contentUrl\":\"https:\/\/it-service.network\/blog\/wp-content\/uploads\/2020\/04\/IFA-2020.jpg\",\"width\":850,\"height\":567,\"caption\":\"So wie im letzten Jahr wird die IFA 2020 nicht aussehen. Bild: Messe Berlin\"},{\"@type\":\"BreadcrumbList\",\"@id\":\"https:\/\/it-service.network\/blog\/2020\/04\/24\/ifa-2020\/#breadcrumb\",\"itemListElement\":[{\"@type\":\"ListItem\",\"position\":1,\"name\":\"Startseite\",\"item\":\"https:\/\/it-service.network\/blog\/\"},{\"@type\":\"ListItem\",\"position\":2,\"name\":\"IFA 2020 ## Neues Format aufgrund des Veranstaltungsverbots geplant\"}]},{\"@type\":\"WebSite\",\"@id\":\"https:\/\/it-service.network\/blog\/#website\",\"url\":\"https:\/\/it-service.network\/blog\/\",\"name\":\"IT-SERVICE.NETWORK Blog\",\"description\":\"Der IT-SERVICE.NETWORK Blog mit spannenden IT-News: \u2713 IT-Themen \u2713 IT-Trends \u2713 Business-Themen \u2713 IT-Dienstleistungen\",\"potentialAction\":[{\"@type\":\"SearchAction\",\"target\":{\"@type\":\"EntryPoint\",\"urlTemplate\":\"https:\/\/it-service.network\/blog\/?s={search_term_string}\"},\"query-input\":{\"@type\":\"PropertyValueSpecification\",\"valueRequired\":true,\"valueName\":\"search_term_string\"}}],\"inLanguage\":\"de\"},{\"@type\":\"Person\",\"@id\":\"https:\/\/it-service.network\/blog\/#\/schema\/person\/9cffbe4f537d5e70bde59b560ce9aac6\",\"name\":\"Lena Klaus\",\"image\":{\"@type\":\"ImageObject\",\"inLanguage\":\"de\",\"@id\":\"https:\/\/it-service.network\/blog\/#\/schema\/person\/image\/\",\"url\":\"https:\/\/it-service.network\/blog\/wp-content\/uploads\/2019\/04\/lena-klaus-96x96.jpg\",\"contentUrl\":\"https:\/\/it-service.network\/blog\/wp-content\/uploads\/2019\/04\/lena-klaus-96x96.jpg\",\"caption\":\"Lena Klaus\"},\"description\":\"Lena Klaus arbeitet seit 2018 als freie Autorin und SEO-Expertin f\u00fcr das IT-SERVICE.NETWORK. Besonders die Themen rund um den digitalen Wandel und New Work haben es ihr angetan. Dar\u00fcber hinaus ist die erfahrene Texterin immer wieder fasziniert davon, welche neue Methoden und Tricks Hackern und Cyberkriminellen einfallen. Seit 2013 kennt Lena Klaus die IT-Branche und hat sich in diesem Zusammenhang auf die Erstellung von Webtexten und Blogartikeln f\u00fcr B2C- und B2B-orientierte Content-Plattformen spezialisiert. Bis zu ihrer Elternzeit im Jahr 2017 war sie als Content Marketing- und PR-Managerin bei der SYNAXON AG, dem Mutterunternehmen des IT-SERVICE.NETWORK, fest angestellt. W\u00e4hrend dieser T\u00e4tigkeit verantwortete sie nicht nur die allgemeine Unternehmenskommunikation und Pressearbeit, sondern auch s\u00e4mtlichen Content der SYNAXON-Marke PC-SPEZIALIST. Nach ihrer Elternzeit wechselte sie hauptberuflich die Branche, blieb der SYNAXON AG und der mittlerweile fest etablierten Marke IT-SERVICE.NETWORK aber weiterhin als freie Mitarbeiterin treu. Neben ihrer Arbeit als Redakteurin f\u00fcr den IT-SERVICE.NETWORK-Blog verfasst sie auch Texte f\u00fcr das IT-SERVICE.NETWORK-Lexikon, einzelne Themenseiten, Leistungsbeschreibungen oder Profilseiten der Partner. In ihrer Freizeit bleibt der Laptop dann allerdings meist aus: Sie genie\u00dft die Zeit mit Ihrem Mann (nat\u00fcrlich auch ein ITler) und ihrer Tochter \u2013 am liebsten auf Reisen in fernen L\u00e4ndern.\",\"sameAs\":[\"https:\/\/it-service.network\/\"],\"url\":\"https:\/\/it-service.network\/blog\/author\/lena-klaus\/\"}]}<\/script>\n<!-- \/ Yoast SEO plugin. -->","yoast_head_json":{"title":"IFA 2020 \u2013 neues Format aufgrund des Veranstaltungsverbots geplant","description":"Die IFA 2020 kann aufgrund der Corona-Krise im September nicht in ihrer gewohnten Form stattfinden. Die Veranstalter basteln jetzt an einer Alternative.","robots":{"index":"index","follow":"follow","max-snippet":"max-snippet:-1","max-image-preview":"max-image-preview:large","max-video-preview":"max-video-preview:-1"},"canonical":"https:\/\/it-service.network\/blog\/2020\/04\/24\/ifa-2020\/","og_locale":"de_DE","og_type":"article","og_title":"IFA 2020 \u2013 neues Format aufgrund des Veranstaltungsverbots geplant","og_description":"Die IFA 2020 kann aufgrund der Corona-Krise im September nicht in ihrer gewohnten Form stattfinden. Die Veranstalter basteln jetzt an einer Alternative.","og_url":"https:\/\/it-service.network\/blog\/2020\/04\/24\/ifa-2020\/","og_site_name":"IT-SERVICE.NETWORK Blog","article_publisher":"https:\/\/www.facebook.com\/itservicenetwork\/","article_published_time":"2020-04-24T05:35:35+00:00","og_image":[{"width":850,"height":567,"url":"https:\/\/it-service.network\/blog\/wp-content\/uploads\/2020\/04\/IFA-2020.jpg","type":"image\/jpeg"}],"author":"Lena Klaus","twitter_card":"summary_large_image","twitter_creator":"@ITSERVICNETWORK","twitter_site":"@ITSERVICNETWORK","twitter_misc":{"Verfasst von":"Lena Klaus","Gesch\u00e4tzte Lesezeit":"3\u00a0Minuten"},"schema":{"@context":"https:\/\/schema.org","@graph":[{"@type":"WebPage","@id":"https:\/\/it-service.network\/blog\/2020\/04\/24\/ifa-2020\/","url":"https:\/\/it-service.network\/blog\/2020\/04\/24\/ifa-2020\/","name":"IFA 2020 \u2013 neues Format aufgrund des Veranstaltungsverbots geplant","isPartOf":{"@id":"https:\/\/it-service.network\/blog\/#website"},"primaryImageOfPage":{"@id":"https:\/\/it-service.network\/blog\/2020\/04\/24\/ifa-2020\/#primaryimage"},"image":{"@id":"https:\/\/it-service.network\/blog\/2020\/04\/24\/ifa-2020\/#primaryimage"},"thumbnailUrl":"https:\/\/it-service.network\/blog\/wp-content\/uploads\/2020\/04\/IFA-2020.jpg","datePublished":"2020-04-24T05:35:35+00:00","author":{"@id":"https:\/\/it-service.network\/blog\/#\/schema\/person\/9cffbe4f537d5e70bde59b560ce9aac6"},"description":"Die IFA 2020 kann aufgrund der Corona-Krise im September nicht in ihrer gewohnten Form stattfinden. Die Veranstalter basteln jetzt an einer Alternative.","breadcrumb":{"@id":"https:\/\/it-service.network\/blog\/2020\/04\/24\/ifa-2020\/#breadcrumb"},"inLanguage":"de","potentialAction":[{"@type":"ReadAction","target":["https:\/\/it-service.network\/blog\/2020\/04\/24\/ifa-2020\/"]}]},{"@type":"ImageObject","inLanguage":"de","@id":"https:\/\/it-service.network\/blog\/2020\/04\/24\/ifa-2020\/#primaryimage","url":"https:\/\/it-service.network\/blog\/wp-content\/uploads\/2020\/04\/IFA-2020.jpg","contentUrl":"https:\/\/it-service.network\/blog\/wp-content\/uploads\/2020\/04\/IFA-2020.jpg","width":850,"height":567,"caption":"So wie im letzten Jahr wird die IFA 2020 nicht aussehen. Bild: Messe Berlin"},{"@type":"BreadcrumbList","@id":"https:\/\/it-service.network\/blog\/2020\/04\/24\/ifa-2020\/#breadcrumb","itemListElement":[{"@type":"ListItem","position":1,"name":"Startseite","item":"https:\/\/it-service.network\/blog\/"},{"@type":"ListItem","position":2,"name":"IFA 2020 ## Neues Format aufgrund des Veranstaltungsverbots geplant"}]},{"@type":"WebSite","@id":"https:\/\/it-service.network\/blog\/#website","url":"https:\/\/it-service.network\/blog\/","name":"IT-SERVICE.NETWORK Blog","description":"Der IT-SERVICE.NETWORK Blog mit spannenden IT-News: \u2713 IT-Themen \u2713 IT-Trends \u2713 Business-Themen \u2713 IT-Dienstleistungen","potentialAction":[{"@type":"SearchAction","target":{"@type":"EntryPoint","urlTemplate":"https:\/\/it-service.network\/blog\/?s={search_term_string}"},"query-input":{"@type":"PropertyValueSpecification","valueRequired":true,"valueName":"search_term_string"}}],"inLanguage":"de"},{"@type":"Person","@id":"https:\/\/it-service.network\/blog\/#\/schema\/person\/9cffbe4f537d5e70bde59b560ce9aac6","name":"Lena Klaus","image":{"@type":"ImageObject","inLanguage":"de","@id":"https:\/\/it-service.network\/blog\/#\/schema\/person\/image\/","url":"https:\/\/it-service.network\/blog\/wp-content\/uploads\/2019\/04\/lena-klaus-96x96.jpg","contentUrl":"https:\/\/it-service.network\/blog\/wp-content\/uploads\/2019\/04\/lena-klaus-96x96.jpg","caption":"Lena Klaus"},"description":"Lena Klaus arbeitet seit 2018 als freie Autorin und SEO-Expertin f\u00fcr das IT-SERVICE.NETWORK. Besonders die Themen rund um den digitalen Wandel und New Work haben es ihr angetan. Dar\u00fcber hinaus ist die erfahrene Texterin immer wieder fasziniert davon, welche neue Methoden und Tricks Hackern und Cyberkriminellen einfallen. Seit 2013 kennt Lena Klaus die IT-Branche und hat sich in diesem Zusammenhang auf die Erstellung von Webtexten und Blogartikeln f\u00fcr B2C- und B2B-orientierte Content-Plattformen spezialisiert. Bis zu ihrer Elternzeit im Jahr 2017 war sie als Content Marketing- und PR-Managerin bei der SYNAXON AG, dem Mutterunternehmen des IT-SERVICE.NETWORK, fest angestellt. W\u00e4hrend dieser T\u00e4tigkeit verantwortete sie nicht nur die allgemeine Unternehmenskommunikation und Pressearbeit, sondern auch s\u00e4mtlichen Content der SYNAXON-Marke PC-SPEZIALIST. Nach ihrer Elternzeit wechselte sie hauptberuflich die Branche, blieb der SYNAXON AG und der mittlerweile fest etablierten Marke IT-SERVICE.NETWORK aber weiterhin als freie Mitarbeiterin treu. Neben ihrer Arbeit als Redakteurin f\u00fcr den IT-SERVICE.NETWORK-Blog verfasst sie auch Texte f\u00fcr das IT-SERVICE.NETWORK-Lexikon, einzelne Themenseiten, Leistungsbeschreibungen oder Profilseiten der Partner. In ihrer Freizeit bleibt der Laptop dann allerdings meist aus: Sie genie\u00dft die Zeit mit Ihrem Mann (nat\u00fcrlich auch ein ITler) und ihrer Tochter \u2013 am liebsten auf Reisen in fernen L\u00e4ndern.","sameAs":["https:\/\/it-service.network\/"],"url":"https:\/\/it-service.network\/blog\/author\/lena-klaus\/"}]}},"_links":{"self":[{"href":"https:\/\/it-service.network\/blog\/wp-json\/wp\/v2\/posts\/12350","targetHints":{"allow":["GET"]}}],"collection":[{"href":"https:\/\/it-service.network\/blog\/wp-json\/wp\/v2\/posts"}],"about":[{"href":"https:\/\/it-service.network\/blog\/wp-json\/wp\/v2\/types\/post"}],"author":[{"embeddable":true,"href":"https:\/\/it-service.network\/blog\/wp-json\/wp\/v2\/users\/14"}],"replies":[{"embeddable":true,"href":"https:\/\/it-service.network\/blog\/wp-json\/wp\/v2\/comments?post=12350"}],"version-history":[{"count":0,"href":"https:\/\/it-service.network\/blog\/wp-json\/wp\/v2\/posts\/12350\/revisions"}],"wp:featuredmedia":[{"embeddable":true,"href":"https:\/\/it-service.network\/blog\/wp-json\/wp\/v2\/media\/12355"}],"wp:attachment":[{"href":"https:\/\/it-service.network\/blog\/wp-json\/wp\/v2\/media?parent=12350"}],"wp:term":[{"taxonomy":"category","embeddable":true,"href":"https:\/\/it-service.network\/blog\/wp-json\/wp\/v2\/categories?post=12350"},{"taxonomy":"post_tag","embeddable":true,"href":"https:\/\/it-service.network\/blog\/wp-json\/wp\/v2\/tags?post=12350"}],"curies":[{"name":"wp","href":"https:\/\/api.w.org\/{rel}","templated":true}]}}