{"id":1409,"date":"2017-08-16T11:30:03","date_gmt":"2017-08-16T09:30:03","guid":{"rendered":"https:\/\/it-service.network\/blog\/?p=1409"},"modified":"2021-11-23T08:56:46","modified_gmt":"2021-11-23T07:56:46","slug":"ueberwachung-per-videoaufnahme","status":"publish","type":"post","link":"https:\/\/it-service.network\/blog\/2017\/08\/16\/ueberwachung-per-videoaufnahme\/","title":{"rendered":"\u00dcberwachung per Video ## Was d\u00fcrfen Unternehmen wie filmen"},"content":{"rendered":"<p><strong>Vandalismus, Einbruch, Diebstahl: Zum Schutz setzen Firmen und vermehrt auch Privatpersonen auf Video\u00fcberwachung. Nicht zuletzt, weil es durch digitale Technik wie IP-Kameras zunehmend preiswerter, einfacher und damit attraktiver wird.<\/strong><\/p>\n<p>Allerdings m\u00fcssen Sie bei dieser Form der \u00dcberwachung auch einiges beachten. Was genau, erfahren Sie hier.<br \/>\n<!--more--><\/p>\n<div id=\"attachment_1542\" style=\"width: 310px\" class=\"wp-caption alignright\"><img loading=\"lazy\" decoding=\"async\" aria-describedby=\"caption-attachment-1542\" class=\"size-medium wp-image-1542\" src=\"https:\/\/it-service.network\/blog\/wp-content\/uploads\/2017\/08\/blur-1866950_1920-300x200.jpg\" alt=\"\u00fcberwachung\" width=\"300\" height=\"200\" srcset=\"https:\/\/it-service.network\/blog\/wp-content\/uploads\/2017\/08\/blur-1866950_1920-300x200.jpg 300w, https:\/\/it-service.network\/blog\/wp-content\/uploads\/2017\/08\/blur-1866950_1920-768x512.jpg 768w, https:\/\/it-service.network\/blog\/wp-content\/uploads\/2017\/08\/blur-1866950_1920-1024x683.jpg 1024w, https:\/\/it-service.network\/blog\/wp-content\/uploads\/2017\/08\/blur-1866950_1920.jpg 1920w\" sizes=\"auto, (max-width: 300px) 100vw, 300px\" \/><p id=\"caption-attachment-1542\" class=\"wp-caption-text\">Die \u00dcberwachung per Kamera ist an viele rechtliche Vorgaben gebunden.<\/p><\/div>\n<h3>\u00dcberwachung: Ihr\u00a0Blick in die Gesetzb\u00fccher<\/h3>\n<p>Wenn Sie die <strong>\u00dcberwachung<\/strong> Ihres Grundst\u00fccks oder Eigentums planen, dann ist ein Blick in die Gesetzb\u00fccher vielleicht erm\u00fcdend\u00a0und verwirrend, aber notwendig. Denn die eine, allein g\u00fcltige Regel gibt es nicht. Da gibt es das Grundgesetz, die Europ\u00e4ische Datenschutzrichtlinie, die am 25. Mai 2018 von der <a href=\"https:\/\/it-service.network\/blog\/2017\/05\/29\/eu-datenschutz-dsgvo-gdpr\/\" target=\"_blank\" rel=\"noopener noreferrer\">DSGVO<\/a> abgel\u00f6st wird, Bundes- und L\u00e4nderdatenschutzgesetze, das Arbeitsrecht sowie das Betriebsverfassungsgesetz.\u00a0Dennoch enth\u00e4lt der\u00a0\u00a76b Bundesdatenschutzgesetz\u00a0die grundlegendsten und wohl wichtigsten Informationen in Bezug auf Ihr\u00a0<strong>Filmrecht<\/strong>.<\/p>\n<p>Die \u00dcberwachung durch Beh\u00f6rden einmal beiseitegelassen, werden im <strong>Bundesdatenschutzgesetz<\/strong> zwei Gr\u00fcnde angegeben, durch die eine\u00a0<strong>\u00dcberwachung<\/strong> per Kamera Ihrerseits \u00fcberhaupt erst zul\u00e4ssig wird:\u00a0zur\u00a0<strong>Wahrnehmung des Hausrechts<\/strong> und zur\u00a0<strong>Wahrnehmung berechtigter Interessen f\u00fcr konkret festgelegte Zwecke<\/strong>. Sie wollen eine sinnvolle und komprimierte \u00dcbersetzung, was Sie beim Thema <strong>Video\u00fcberwachung<\/strong> zu tun und zu lassen haben? Dann lesen Sie weiter.<\/p>\n<p style=\"text-align: right;\"><em>Lesen Sie in unserem Blog, wie sich mit einem Urteil <\/em><em><a href=\"https:\/\/it-service.network\/blog\/2018\/09\/25\/videoueberwachung-am-arbeitsplatz\/\">der Blick auf Video\u00fcberwachung<\/a> ge\u00e4ndert hat.<\/em><\/p>\n<h3>Der Konflikt: Hausrecht\u00a0vs.\u00a0Pers\u00f6nlichkeitsrecht<\/h3>\n<p><strong>Wahrnehmung des Hausrechts<\/strong> hei\u00dft erst einmal, dass Sie auf Ihrem Privatgel\u00e4nde\u00a0grunds\u00e4tzlich <strong>filmen<\/strong> d\u00fcrfen \u2013 wohlgemerkt nur dort. Was die <strong>Wahrnehmung berechtigter Interessen<\/strong> bedeutet, ist da schon schwieriger zu beantworten. Vielleicht haben Sie ein Interesse daran, das Verhalten Ihrer Kunden zu <strong>filmen<\/strong>, im Anschluss zu analysieren, um darauf hin ihre Marketingstrategie zu verbessern.<\/p>\n<p>Das f\u00e4llt allerdings nicht unter berechtigte Interessen \u2013 zumindest nicht rechtlich. Was hingegen\u00a0au\u00dfer Frage steht: Das\u00a0Ver\u00f6ffentlichen\u00a0des Videomaterials Ihrer \u00dcberwachungskamera ist verboten, au\u00dfer die gefilmten Personen\u00a0haben dem ausdr\u00fccklich zugestimmt.<\/p>\n<h4>Was bedeutet berechtigte Interessen?<\/h4>\n<p>Der Schutz Ihres Eigentum ist ein berechtigtes Interesse und erlaubt daher auch die <strong>\u00dcberwachung<\/strong> beispielsweise von Reisebussen, Tankstellen, Parkpl\u00e4tzen\u00a0oder Verkaufsfl\u00e4chen. Das Aufdecken von Sachbesch\u00e4digungen oder Ladendiebstahl sind\u00a0berechtigte Interessen. Eingangsbereiche befinden sich jedoch meist auf \u00f6ffentlichen Grund und d\u00fcrfen eigentlich nicht gefilmt werden \u2013 au\u00dfer Sie k\u00f6nnen genau diese \u201eberechtigten Interessen f\u00fcr konkret festgelegte Zwecke\u201c im Zweifelsfall nachweisen.<\/p>\n<p>Dann ist es m\u00f6glich, den \u00dcberwachungsradius Ihrer Kamera ein wenig zu erweitern,\u00a0aber nicht mehr als maximal einen Meter \u00fcber Ihre Grundst\u00fccksgrenze hinaus (<a href=\"https:\/\/www.dr-bahr.com\/news\/news_det_20040607172238.html\" target=\"_blank\" rel=\"noopener noreferrer\">Az. 16 C 427\/02<\/a>).\u00a0Allerdings gibt es auch Orte, an denen eine <strong>\u00dcberwachung<\/strong> generell verboten ist. Dazu z\u00e4hlen grunds\u00e4tzlich der Arbeitsplatz, sanit\u00e4re Anlagen wie Toiletten, Duschen, Innenbereiche von Umkleiden etc.<\/p>\n<h4>Pers\u00f6nlichkeitsrechte<\/h4>\n<p>Was die gesetzeskonforme <strong>\u00dcberwachung<\/strong> per Videokamera extrem\u00a0beeinflusst, sind\u00a0jedoch\u00a0<strong>Pers\u00f6nlichkeitsrechte<\/strong>, vor allem zwei: das <strong>Recht am eigenen Bild<\/strong> und das <strong>Recht auf informationelle Selbstbestimmung<\/strong>.<\/p>\n<p>Letzteres dr\u00fcckt aus, dass jeder Mensch selbst bestimmen kann, wann und in welchem Ma\u00dfe er pers\u00f6nliche Informationen (da reicht schon der Standort) preisgeben m\u00f6chte.\u00a0Im H\u00e4rtefall wiegen die Pers\u00f6nlichkeitsrechte aber auch <strong>Datenschutzrechte<\/strong> immer schwerer als Ihr <strong>Hausrecht<\/strong>, \u201e<strong>Filmrecht<\/strong>\u201c oder die <strong>Geb\u00e4udesicherheit<\/strong>.<\/p>\n<div id=\"attachment_1543\" style=\"width: 310px\" class=\"wp-caption alignright\"><img loading=\"lazy\" decoding=\"async\" aria-describedby=\"caption-attachment-1543\" class=\"size-medium wp-image-1543\" src=\"https:\/\/it-service.network\/blog\/wp-content\/uploads\/2017\/08\/camera-813747_1920-300x200.jpg\" alt=\"\u00fcberwachung\" width=\"300\" height=\"200\" srcset=\"https:\/\/it-service.network\/blog\/wp-content\/uploads\/2017\/08\/camera-813747_1920-300x200.jpg 300w, https:\/\/it-service.network\/blog\/wp-content\/uploads\/2017\/08\/camera-813747_1920-768x512.jpg 768w, https:\/\/it-service.network\/blog\/wp-content\/uploads\/2017\/08\/camera-813747_1920-1024x683.jpg 1024w, https:\/\/it-service.network\/blog\/wp-content\/uploads\/2017\/08\/camera-813747_1920.jpg 1920w\" sizes=\"auto, (max-width: 300px) 100vw, 300px\" \/><p id=\"caption-attachment-1543\" class=\"wp-caption-text\">Gerade im Handel sind von der \u00dcberwachung per Kamera meist auch Mitarbeiter betroffen.<\/p><\/div>\n<h4>Mitarbeiterrechte<\/h4>\n<p>Eine konsequente <a href=\"https:\/\/it-service.network\/blog\/2018\/09\/25\/videoueberwachung-am-arbeitsplatz\/\"><strong>\u00dcberwachung<\/strong> Ihrer Mitarbeiter<\/a> entbehrt jeder Rechtsgrundlage. Dennoch gibt es F\u00e4lle, in denen Ihre Mitarbeiter quasi mitgefilmt werden. Der Konflikt: die\u00a0<strong>Pers\u00f6nlichkeitsrechte<\/strong> Ihrer Mitarbeiter vs. Ihrem Eigentums- bzw. <strong>Hausrecht<\/strong>. Sie m\u00fcssen in diesem Sinne Ihre Mitarbeiter dar\u00fcber informieren, wenn und wo sie Kameras installieren sowie welche Bereiche zu welchem Zeitpunkt aufgenommen werden.<\/p>\n<p>Beispielsweise im Kassenbereich wird es nicht zu verhindern sein, dass auch Mitarbeiter auf der <strong>Videoaufnahme<\/strong> Ihrer \u00dcberwachungskamera erscheinen. In diesen F\u00e4llen ist die Zustimmung Ihrer Mitarbeiter notwendig, wenn nicht sogar das Mitbestimmungsrecht des Betriebsrats nach <a href=\"https:\/\/www.gesetze-im-internet.de\/betrvg\/__87.html\" target=\"_blank\" rel=\"noopener noreferrer\">\u00a7 87 Abs. 1 Nr. 6 Betriebsverfassungsgesetz (BetrVG)<\/a>\u00a0gefragt. Auch der <strong>Datenschutzbeauftrage<\/strong> Ihres Unternehmens hat da ein W\u00f6rtchen mitzureden.<\/p>\n<p><strong>Ausnahme<\/strong>: Nur in expliziten Verdachtsmomenten, beispielsweise dass ein Mitarbeiter strafbar handelt, d\u00fcrfen\u00a0Sie diese betreffende\u00a0Person <strong>video\u00fcberwachen<\/strong> \u2013 allerdings f\u00fcr einen sehr eng gefassten Zeitraum und auch nur, wenn Sie\u00a0keinerlei Beweise auf anderen Wegen zusammentragen k\u00f6nnen. Das hat das\u00a0Bundesarbeitsgericht in Erfurt mehrfach in\u00a0verschiedenen\u00a0Urteilen betont.<\/p>\n<h4>Attrappen<\/h4>\n<p>Eine <strong>Attrappe<\/strong> reicht Ihnen schon? Dann weisen Sie trotzdem mit einem Hinweisschild (siehe <strong>Kenntlichmachung<\/strong>) auf die vermeintliche \u00dcberwachungskamera hin \u2013 um rechtlich auf der sicheren Seite zu sein.<\/p>\n<p>Einige\u00a0Gerichte haben in diesen F\u00e4llen n\u00e4mlich schon so argumentiert: Die Attrappe erzeugt wie eine echte Kamera einen sogenannten \u00dcber\u00adwachungs\u00addruck.\u00a0Au\u00dferdem\u00a0soll ja\u00a0auch keiner wissen, dass es sich eigentlich um keine <strong>funktionsf\u00e4hige Kamera<\/strong> handelt.<\/p>\n<h4>Audio\u00fcberwachung<\/h4>\n<p>Die meisten Kameras zur <strong>\u00dcberwachung<\/strong> zeichnen mittlerweile auch Ton auf. Das ist h\u00e4ufig der Fall bei IP-Kameras. Schalten Sie den Ton vorsichtshalber aus. Denn wie bei <strong>Videoaufnahmen<\/strong> das Recht am eigenen Bild ber\u00fccksichtigt werden muss, gilt auch bei Audioaufnahmen das <strong>Recht am gesprochenen Wort<\/strong> (<a href=\"https:\/\/www.bundesverfassungsgericht.de\/SharedDocs\/Entscheidungen\/DE\/2002\/10\/rs20021009_1bvr161196.html\" target=\"_blank\" rel=\"noopener noreferrer\">BVerfGE 34<\/a>).<\/p>\n<div id=\"attachment_1544\" style=\"width: 310px\" class=\"wp-caption alignright\"><img loading=\"lazy\" decoding=\"async\" aria-describedby=\"caption-attachment-1544\" class=\"size-medium wp-image-1544\" src=\"https:\/\/it-service.network\/blog\/wp-content\/uploads\/2017\/08\/private-1647769_1920-300x200.jpg\" alt=\"\u00fcberwachung\" width=\"300\" height=\"200\" srcset=\"https:\/\/it-service.network\/blog\/wp-content\/uploads\/2017\/08\/private-1647769_1920-300x200.jpg 300w, https:\/\/it-service.network\/blog\/wp-content\/uploads\/2017\/08\/private-1647769_1920-768x512.jpg 768w, https:\/\/it-service.network\/blog\/wp-content\/uploads\/2017\/08\/private-1647769_1920-1024x682.jpg 1024w, https:\/\/it-service.network\/blog\/wp-content\/uploads\/2017\/08\/private-1647769_1920.jpg 1920w\" sizes=\"auto, (max-width: 300px) 100vw, 300px\" \/><p id=\"caption-attachment-1544\" class=\"wp-caption-text\">Ein Schild reicht nicht aus: Bei der \u00dcberwachung Ihres Privatgel\u00e4ndes sind mehr Dinge zu beachten.<\/p><\/div>\n<h3>Rechtskonforme \u00dcberwachung:\u00a0Ihre Checkliste<\/h3>\n<p>Eins vorweg: Es ist unerheblich, ob Sie die Aufnahmen zur <strong>\u00dcberwachung<\/strong>\u00a0speichern oder nur den Moment der Aufnahme auf\u00a0einem Monitor abspielen. Das <strong>Bundesdatenschutzgesetz<\/strong> gilt.<\/p>\n<p>Daher ist es ratsam, wenn der\u00a0<strong>Datenschutzbeauftragte<\/strong> Ihres Unternehmens eine sogenannten Vorabkontrolle durchf\u00fchrt, bevor Ihre <strong>Video\u00fcberwachung<\/strong> scharf gestellt wird. Was Sie au\u00dferdem noch beachten m\u00fcssen, damit Ihre <strong>\u00dcberwachung<\/strong> rechtskonform ist? Hier kommt Ihre Checkliste:<\/p>\n<ul>\n<li>Kenntlichmachung durch\u00a0Hinweisschilder<\/li>\n<li>Technische Aspekte bedenken: Bei IP-Kameras f\u00fcr Netzwerksicherheit sorgen und Audiofunktion ausschalten<\/li>\n<li>Blickwinkel: Ausrichtung der Kamera \u00fcberpr\u00fcfen<\/li>\n<li>L\u00f6schfristen f\u00fcr Videoaufnahmen einhalten<\/li>\n<li>Landesgesetze beachten: Jedes Bundesland hat sein eigenes Datenschutzgesetz<\/li>\n<li>Mitarbeiter schulen, die mit der Video\u00fcberwachung beauftragt sind<\/li>\n<li>Beweismaterial: Daf\u00fcr sorgen, dass die Aufnahmen im Zweifelsfall vor Gericht zugelassen werden<\/li>\n<li>Rechtliche\u00a0Konsequenzen bei Nichteinhaltung von Datenschutz und Pers\u00f6nlichkeitsrechten\u00a0bedenken<\/li>\n<\/ul>\n<h4>Kenntlichmachung<\/h4>\n<p>Bringen Sie <strong>Hinweisschilder<\/strong> oder Aufkleber gut sichtbar an. Und bedenken Sie: Diese m\u00fcssen an allen Zug\u00e4ngen zu Ihrem Grundst\u00fcck oder Eigentum und\u00a0noch vor dem Betreten der \u00fcberwachten Fl\u00e4che zu erkennen sein. Konkret hei\u00dft das: Der Hinweise muss so gestaltet und positioniert sein, dass eine Person rechtzeitig erkennen kann, dass sie sich auf einen <strong>video\u00fcberwachten Bereich<\/strong> zubewegt.<\/p>\n<p>Sinnvoll ist es neben Kamerasymbol noch die Kontaktdaten der f\u00fcr die \u00dcberwachung verantwortlichen Firma\u00a0zu nennen, beispielsweise \u201e<strong>Dieser Bereich wird video\u00fcberwacht<\/strong>. XY GmbH und Telefonnummer. Sie wollen es perfekt machen? Die Landesbeauftragte f\u00fcr den Datenschutz Niedersachsen stellt ein Infoblatt zum Download bereit, wie ein\u00a0<a href=\"https:\/\/www.google.de\/url?sa=t&amp;rct=j&amp;q=&amp;esrc=s&amp;source=web&amp;cd=2&amp;cad=rja&amp;uact=8&amp;ved=0ahUKEwiQ-8yX8czVAhXEsxQKHZU0BKAQFgg2MAE&amp;url=http%3A%2F%2Fwww.lfd.niedersachsen.de%2Fdownload%2F87309%2FMusterschild_Hinweis.pdf&amp;usg=AFQjCNHmm_TQXPjc0yIGIkSpCfY-AoLOcw\" target=\"_blank\" rel=\"noopener noreferrer\">Hinweisschild nach DIN 33450<\/a>\u00a0(PDF) aussieht und wo genau es anzubringen ist.<\/p>\n<h4>Technische Aspekte<\/h4>\n<p>Damit Ihnen keine Fahrl\u00e4ssigkeit vorgeworfen werden kann, sollten Sie bei <strong>IP-Kameras<\/strong> auf den \u00dcbertragungsweg der Videoaufnahmen achten. Gehen Sie sicher, das beispielsweise die WLAN-Verbindung zumindest soweit abgesichert ist,\u00a0dass schon ein gezielter Angriff erfolgen muss, um die\u00a0Bilddaten abzufangen.<\/p>\n<p>Das ist auch f\u00fcr die Sicherheit Ihres Eigentums wichtig. Denn <strong>Videoaufnahmen<\/strong> Ihrer \u00dcberwachungskamera k\u00f6nnen den falschen Personen sogar dabei helfen, einen\u00a0Einbruch vorzubereiten.<\/p>\n<h4>Blickwinkel<\/h4>\n<p>\u00dcberpr\u00fcfen Sie selbst die <strong>Ausrichtung Ihrer \u00dcberwachungskamera<\/strong>. F\u00e4ngt die Linse wirklich nur\u00a0Ihr Eigentum ein?\u00a0Ihr\u00a0<strong>Hausrecht<\/strong> endet laut Gesetz schlie\u00dflich an der Grundst\u00fccksgrenze Ihres Privatgel\u00e4ndes. Das ist besonders bei schwenkbaren Kameras zu \u00fcberpr\u00fcfen.<\/p>\n<p>Wenn das Blickfeld der Kamera gr\u00f6\u00dfer ist, k\u00f6nnen jedoch sogenannte <strong>Privacy Zones<\/strong> Abhilfe schaffen. Sie \u00fcberdecken\u00a0im Bild markierte Bereiche, machen sie durch eine schwarze Fl\u00e4che unkenntlich und somit nicht mehr sichtbar.<\/p>\n<h4>L\u00f6schfristen<\/h4>\n<p>Wenn der Zweck der <strong>\u00dcberwachung<\/strong>\u00a0erf\u00fcllt ist (etwaige Beweismittel zur Aufkl\u00e4rung von\u00a0Einbruch, Diebstahl, Vandalismus, etc.), sind die <strong>Videoaufnahmen<\/strong> \u201eunverz\u00fcglich\u201c zu l\u00f6schen. Das ist meistens schon nach 24 Stunden der Fall \u2013 wenn Sie Ihr Firmengeb\u00e4ude, Ihre Gesch\u00e4ftsr\u00e4ume oder Ihren Dienstwagen am n\u00e4chsten Tag unversehrt vorfinden.<\/p>\n<p>Achten Sie deshalb darauf, die <strong>Videoaufnahmen<\/strong> regelm\u00e4\u00dfig zu l\u00f6schen. Oder verwenden Sie gleich eine Video\u00fcberwachungstechnik, die in einer Schleife aufzeichnet und das Bildmaterial nach ein oder zwei Tagen automatisch mit aktuellen Videobildern\u00a0\u00fcberspielt.<\/p>\n<p>Da per Gesetz meist keine konkreten <strong>L\u00f6schfristen<\/strong> genannt werden, k\u00f6nnen die Videoaufnahmen sicherlich auch l\u00e4nger gespeichert werden. Die\u00a0Videodateien der <strong>\u00dcberwachung<\/strong> jedoch l\u00e4nger als\u00a0vier bis sechs Monate aufzubewahren, sehen Rechtsexperten <strong>datenschutzrechtlich kritisch.<\/strong><\/p>\n<h4>Landesgesetze<\/h4>\n<p>Wie lange Aufzeichnungen gespeichert werden d\u00fcrfen, variiert von Bundesland zu Bundesland . Generell m\u00fcssen die Aufzeichnungen so fr\u00fch wie m\u00f6glich gel\u00f6scht werden (siehe <strong>L\u00f6schfristen<\/strong>). Einige Bundesl\u00e4nder geben jedoch auch konkrete L\u00f6schfristen vor, wie beispielsweise\u00a0Schleswig-Holstein mit sieben Tagen (<a href=\"https:\/\/www.dsb.m.itkcms.de\/dokumente\/160\/151010084146Schleswig-Holstein.pdf\" target=\"_blank\" rel=\"noopener noreferrer\">Landesdatenschutzgesetz \u00a7 20 Abs. 2<\/a>).<\/p>\n<p>Setzen Sie sich also vor der Installation der <strong>\u00dcberwachungskamera<\/strong> mit den\u00a0jeweiligen <strong>datenschutzrechtlichen<\/strong> Regelungen Ihres Bundeslandes auseinander. Eine <a href=\"https:\/\/www.baden-wuerttemberg.datenschutz.de\/die-aufsichtsbehorden-der-lander\/\" target=\"_blank\" rel=\"noopener noreferrer\">Liste<\/a>\u00a0mit Kontaktdaten zur jeweiligen <strong>Aufsichtsbeh\u00f6rde f\u00fcr den Landesdatenschutz<\/strong> stellt der\u00a0Landesbeauftragte f\u00fcr den Datenschutz und die Informationsfreiheit Baden-W\u00fcrttemberg im Netz zur Verf\u00fcgung.<\/p>\n<h4>Mitarbeiter schulen<\/h4>\n<p>Sie beauftragen Mitarbeiter mit der <strong>\u00dcberwachung<\/strong> des Firmeneigentums? Dann sollten Sie darauf achten, dass die Kollegen hinsichtlich <strong>Datenschutz<\/strong> geschult sind. Au\u00dferdem sollten diese Mitarbeiter konkrete Vorgaben bekommen, wie und unter welchen Umst\u00e4nden die <strong>Video\u00fcberwachung<\/strong> erlaubt ist.<\/p>\n<p>Es muss nicht gleich eine Schulung sein, aber eine Handlungsanweisung ist in diesem Fall das Minimum, um genau festzulegen, welche Bereiche wie \u00fcberwacht werden d\u00fcrfen und wie mit den <strong>Videoaufnahmen<\/strong>\u00a0umgegangen werden muss.<\/p>\n<h4>Beweismaterial sammeln<\/h4>\n<p>Sie wollen\u00a0die\u00a0<strong>Videoaufnahmen<\/strong> als Beweismittel nutzen? Dann m\u00fcssen Sie darauf achten, dass Sie oben genannten Punkte zur \u00dcberwachung erf\u00fcllt haben. Im Zweifelsfall bewerten die Gerichte die Aufnahmen als <strong>Beweismittel<\/strong> als\u00a0unzul\u00e4ssig.<\/p>\n<h4>Rechtliche Konsequenzen<\/h4>\n<p>F\u00fchren Sie sich die rechtlichen Konsequenzen vor Augen, wenn Ihre <strong>\u00dcberwachung<\/strong> per Video nicht rechtskonform ist. Je nach dem, welchen Punkt Sie nicht richtig abgekl\u00e4rt haben, reichen die juristischen Auseinandersetzungen von\u00a0Unterlassungs- und Schadensersatzklagen \u00fcber Schmerzens\u00adgeldforderung bis hin zu\u00a0<strong>Freiheitsstrafen<\/strong> von bis zu zwei Jahren, wenn Sie beispielsweise den sogenannten h\u00f6chstpers\u00f6nlichen Lebensbereich Ihrer Mitarbeiter, Kunden, G\u00e4ste, Besucher oder Nachbarn durch Bildaufnahmen (<a href=\"https:\/\/www.gesetze-im-internet.de\/stgb\/__201a.html\" target=\"_blank\" rel=\"noopener noreferrer\">\u00a7 201a StGB<\/a>) verletzt haben.<\/p>\n<h3>Kritik an Video\u00fcberwachung<\/h3>\n<p>Nat\u00fcrlich gibt es aus Kritik an der <strong>\u00dcberwachung<\/strong> per Video. Sie bringe wenig und sei kontraproduktiv. Diesen Standpunkt vertritt Dr. Thilo Weichert, Jurist und von 2004 bis 2015 <strong>Datenschutzbeauftragter<\/strong> des Bundeslandes Schleswig-Holsteins. Die zwei f\u00fcr diesen Artikel relevante Argumente des Hardliners:<\/p>\n<ul>\n<li>Eine vollst\u00e4ndige technische <strong>\u00dcberwachung<\/strong> ist nicht m\u00f6glich.\u00a0Straft\u00e4ter weichen auf unbeobachtete Bereiche aus.<\/li>\n<li>Aufgrund der einfachen Manipulierbarkeit digitaler <strong>Videoaufnahmen<\/strong> ist der Beweiswert fragw\u00fcrdig.<\/li>\n<\/ul>\n<h3>\u00dcberwachung: Markt f\u00fcr IP-Kameras boomt<\/h3>\n<p>2016 sind laut Bundesverband Sicherheitstechnik (<a href=\"https:\/\/www.bhe.de\/\" target=\"_blank\" rel=\"noopener noreferrer\">BHE<\/a>) \u00a0in Deutschland mehr als 3,9 Milliarden Euro f\u00fcr Sicherheitstechnik ausgegeben worden. Vor allem die Video\u00fcberwachung hat zugelegt, nicht zu letzt aufgrund der <a href=\"https:\/\/it-service.network\/blog\/2017\/02\/09\/all-ip\/\" target=\"_blank\" rel=\"noopener noreferrer\">All-IP-Umstellung<\/a>. Die Vorteile digitaler Kameras: eine hohe Bildqualit\u00e4t, die Bilder werden \u00fcber das Netzwerk \u00fcbertragen, erm\u00f6glichen dadurch den Fernzugriff auf die Ger\u00e4te und die Weiterverarbeitung der Daten via Software sowie Integrationsm\u00f6glichkeiten inklusive Zutrittskontrollsysteme und Alarmanlagen sind problemlos m\u00f6glich.<\/p>\n<p>Sie erachten die <strong>\u00dcberwachung<\/strong> per Video als sinnvoll f\u00fcr die Sicherheit Ihres Unternehmens. Das<a href=\"https:\/\/it-service.network\/\" target=\"_blank\" rel=\"noopener noreferrer\"> IT-SERVICE.NETWORK<\/a> unterst\u00fctzt Sie bei der Umsetzung.\u00a0Unsere <a href=\"https:\/\/it-service.network\/it-dienstleister-finden\" target=\"_blank\" rel=\"noopener noreferrer\">IT-Dienstleister<\/a> beraten Sie, k\u00fcmmern sich um die technische Umsetzung und haben f\u00fcr Sie die rechtliche Lage im Blick.<\/p>\n","protected":false},"excerpt":{"rendered":"<p>Vandalismus, Einbruch, Diebstahl: Zum Schutz setzen Firmen und vermehrt auch Privatpersonen auf Video\u00fcberwachung. Nicht zuletzt, weil es durch digitale Technik wie IP-Kameras zunehmend preiswerter, einfacher und damit attraktiver wird. Allerdings m\u00fcssen Sie bei dieser Form der \u00dcberwachung auch einiges beachten. Was genau, erfahren Sie hier.<\/p>\n","protected":false},"author":24,"featured_media":1542,"comment_status":"open","ping_status":"open","sticky":false,"template":"","format":"standard","meta":{"footnotes":""},"categories":[1],"tags":[899,896,411],"class_list":["post-1409","post","type-post","status-publish","format-standard","has-post-thumbnail","hentry","category-it-support","tag-it-recht-und-digitalpolitik","tag-sicherheitsstrategie","tag-videoueberwachung"],"yoast_head":"<!-- This site is optimized with the Yoast SEO plugin v26.5 - https:\/\/yoast.com\/wordpress\/plugins\/seo\/ -->\n<title>\u00dcberwachung per Video: Was ist Unternehmen erlaubt?<\/title>\n<meta name=\"description\" content=\"Video\u00fcberwachung ist gefragt \u2013 auch weil es durch digitale Technik attraktiver wird. Was bei dieser \u00dcberwachung zu beachten ist? Infos hier.\" \/>\n<meta name=\"robots\" content=\"index, follow, max-snippet:-1, max-image-preview:large, max-video-preview:-1\" \/>\n<link rel=\"canonical\" href=\"https:\/\/it-service.network\/blog\/2017\/08\/16\/ueberwachung-per-videoaufnahme\/\" \/>\n<meta property=\"og:locale\" content=\"de_DE\" \/>\n<meta property=\"og:type\" content=\"article\" \/>\n<meta property=\"og:title\" content=\"\u00dcberwachung per Video: Was ist Unternehmen erlaubt?\" \/>\n<meta property=\"og:description\" content=\"Video\u00fcberwachung ist gefragt \u2013 auch weil es durch digitale Technik attraktiver wird. Was bei dieser \u00dcberwachung zu beachten ist? Infos hier.\" \/>\n<meta property=\"og:url\" content=\"https:\/\/it-service.network\/blog\/2017\/08\/16\/ueberwachung-per-videoaufnahme\/\" \/>\n<meta property=\"og:site_name\" content=\"IT-SERVICE.NETWORK Blog\" \/>\n<meta property=\"article:publisher\" content=\"https:\/\/www.facebook.com\/itservicenetwork\/\" \/>\n<meta property=\"article:published_time\" content=\"2017-08-16T09:30:03+00:00\" \/>\n<meta property=\"article:modified_time\" content=\"2021-11-23T07:56:46+00:00\" \/>\n<meta property=\"og:image\" content=\"https:\/\/it-service.network\/blog\/wp-content\/uploads\/2017\/08\/blur-1866950_1920.jpg\" \/>\n\t<meta property=\"og:image:width\" content=\"1920\" \/>\n\t<meta property=\"og:image:height\" content=\"1280\" \/>\n\t<meta property=\"og:image:type\" content=\"image\/jpeg\" \/>\n<meta name=\"author\" content=\"IT-SERVICE.NETWORK-Redaktion\" \/>\n<meta name=\"twitter:card\" content=\"summary_large_image\" \/>\n<meta name=\"twitter:creator\" content=\"@ITSERVICNETWORK\" \/>\n<meta name=\"twitter:site\" content=\"@ITSERVICNETWORK\" \/>\n<meta name=\"twitter:label1\" content=\"Verfasst von\" \/>\n\t<meta name=\"twitter:data1\" content=\"IT-SERVICE.NETWORK-Redaktion\" \/>\n\t<meta name=\"twitter:label2\" content=\"Gesch\u00e4tzte Lesezeit\" \/>\n\t<meta name=\"twitter:data2\" content=\"9\u00a0Minuten\" \/>\n<script type=\"application\/ld+json\" class=\"yoast-schema-graph\">{\"@context\":\"https:\/\/schema.org\",\"@graph\":[{\"@type\":\"WebPage\",\"@id\":\"https:\/\/it-service.network\/blog\/2017\/08\/16\/ueberwachung-per-videoaufnahme\/\",\"url\":\"https:\/\/it-service.network\/blog\/2017\/08\/16\/ueberwachung-per-videoaufnahme\/\",\"name\":\"\u00dcberwachung per Video: Was ist Unternehmen erlaubt?\",\"isPartOf\":{\"@id\":\"https:\/\/it-service.network\/blog\/#website\"},\"primaryImageOfPage\":{\"@id\":\"https:\/\/it-service.network\/blog\/2017\/08\/16\/ueberwachung-per-videoaufnahme\/#primaryimage\"},\"image\":{\"@id\":\"https:\/\/it-service.network\/blog\/2017\/08\/16\/ueberwachung-per-videoaufnahme\/#primaryimage\"},\"thumbnailUrl\":\"https:\/\/it-service.network\/blog\/wp-content\/uploads\/2017\/08\/blur-1866950_1920.jpg\",\"datePublished\":\"2017-08-16T09:30:03+00:00\",\"dateModified\":\"2021-11-23T07:56:46+00:00\",\"author\":{\"@id\":\"https:\/\/it-service.network\/blog\/#\/schema\/person\/275538ad651c88acf1bc71759036143a\"},\"description\":\"Video\u00fcberwachung ist gefragt \u2013 auch weil es durch digitale Technik attraktiver wird. Was bei dieser \u00dcberwachung zu beachten ist? Infos hier.\",\"breadcrumb\":{\"@id\":\"https:\/\/it-service.network\/blog\/2017\/08\/16\/ueberwachung-per-videoaufnahme\/#breadcrumb\"},\"inLanguage\":\"de\",\"potentialAction\":[{\"@type\":\"ReadAction\",\"target\":[\"https:\/\/it-service.network\/blog\/2017\/08\/16\/ueberwachung-per-videoaufnahme\/\"]}]},{\"@type\":\"ImageObject\",\"inLanguage\":\"de\",\"@id\":\"https:\/\/it-service.network\/blog\/2017\/08\/16\/ueberwachung-per-videoaufnahme\/#primaryimage\",\"url\":\"https:\/\/it-service.network\/blog\/wp-content\/uploads\/2017\/08\/blur-1866950_1920.jpg\",\"contentUrl\":\"https:\/\/it-service.network\/blog\/wp-content\/uploads\/2017\/08\/blur-1866950_1920.jpg\",\"width\":1920,\"height\":1280,\"caption\":\"Die \u00dcberwachung per Kamera ist an viele rechtliche Vorgaben gebunden.\"},{\"@type\":\"BreadcrumbList\",\"@id\":\"https:\/\/it-service.network\/blog\/2017\/08\/16\/ueberwachung-per-videoaufnahme\/#breadcrumb\",\"itemListElement\":[{\"@type\":\"ListItem\",\"position\":1,\"name\":\"Startseite\",\"item\":\"https:\/\/it-service.network\/blog\/\"},{\"@type\":\"ListItem\",\"position\":2,\"name\":\"\u00dcberwachung per Video ## Was d\u00fcrfen Unternehmen wie filmen\"}]},{\"@type\":\"WebSite\",\"@id\":\"https:\/\/it-service.network\/blog\/#website\",\"url\":\"https:\/\/it-service.network\/blog\/\",\"name\":\"IT-SERVICE.NETWORK Blog\",\"description\":\"Der IT-SERVICE.NETWORK Blog mit spannenden IT-News: \u2713 IT-Themen \u2713 IT-Trends \u2713 Business-Themen \u2713 IT-Dienstleistungen\",\"potentialAction\":[{\"@type\":\"SearchAction\",\"target\":{\"@type\":\"EntryPoint\",\"urlTemplate\":\"https:\/\/it-service.network\/blog\/?s={search_term_string}\"},\"query-input\":{\"@type\":\"PropertyValueSpecification\",\"valueRequired\":true,\"valueName\":\"search_term_string\"}}],\"inLanguage\":\"de\"},{\"@type\":\"Person\",\"@id\":\"https:\/\/it-service.network\/blog\/#\/schema\/person\/275538ad651c88acf1bc71759036143a\",\"name\":\"IT-SERVICE.NETWORK-Redaktion\",\"image\":{\"@type\":\"ImageObject\",\"inLanguage\":\"de\",\"@id\":\"https:\/\/it-service.network\/blog\/#\/schema\/person\/image\/\",\"url\":\"https:\/\/secure.gravatar.com\/avatar\/86ef1115edcb7b1651f082979941c8f018129accb2eff4a77ad593cdddeee715?s=96&d=mm&r=g\",\"contentUrl\":\"https:\/\/secure.gravatar.com\/avatar\/86ef1115edcb7b1651f082979941c8f018129accb2eff4a77ad593cdddeee715?s=96&d=mm&r=g\",\"caption\":\"IT-SERVICE.NETWORK-Redaktion\"},\"url\":\"https:\/\/it-service.network\/blog\/author\/it-service-network-redaktion\/\"}]}<\/script>\n<!-- \/ Yoast SEO plugin. -->","yoast_head_json":{"title":"\u00dcberwachung per Video: Was ist Unternehmen erlaubt?","description":"Video\u00fcberwachung ist gefragt \u2013 auch weil es durch digitale Technik attraktiver wird. Was bei dieser \u00dcberwachung zu beachten ist? Infos hier.","robots":{"index":"index","follow":"follow","max-snippet":"max-snippet:-1","max-image-preview":"max-image-preview:large","max-video-preview":"max-video-preview:-1"},"canonical":"https:\/\/it-service.network\/blog\/2017\/08\/16\/ueberwachung-per-videoaufnahme\/","og_locale":"de_DE","og_type":"article","og_title":"\u00dcberwachung per Video: Was ist Unternehmen erlaubt?","og_description":"Video\u00fcberwachung ist gefragt \u2013 auch weil es durch digitale Technik attraktiver wird. Was bei dieser \u00dcberwachung zu beachten ist? Infos hier.","og_url":"https:\/\/it-service.network\/blog\/2017\/08\/16\/ueberwachung-per-videoaufnahme\/","og_site_name":"IT-SERVICE.NETWORK Blog","article_publisher":"https:\/\/www.facebook.com\/itservicenetwork\/","article_published_time":"2017-08-16T09:30:03+00:00","article_modified_time":"2021-11-23T07:56:46+00:00","og_image":[{"width":1920,"height":1280,"url":"https:\/\/it-service.network\/blog\/wp-content\/uploads\/2017\/08\/blur-1866950_1920.jpg","type":"image\/jpeg"}],"author":"IT-SERVICE.NETWORK-Redaktion","twitter_card":"summary_large_image","twitter_creator":"@ITSERVICNETWORK","twitter_site":"@ITSERVICNETWORK","twitter_misc":{"Verfasst von":"IT-SERVICE.NETWORK-Redaktion","Gesch\u00e4tzte Lesezeit":"9\u00a0Minuten"},"schema":{"@context":"https:\/\/schema.org","@graph":[{"@type":"WebPage","@id":"https:\/\/it-service.network\/blog\/2017\/08\/16\/ueberwachung-per-videoaufnahme\/","url":"https:\/\/it-service.network\/blog\/2017\/08\/16\/ueberwachung-per-videoaufnahme\/","name":"\u00dcberwachung per Video: Was ist Unternehmen erlaubt?","isPartOf":{"@id":"https:\/\/it-service.network\/blog\/#website"},"primaryImageOfPage":{"@id":"https:\/\/it-service.network\/blog\/2017\/08\/16\/ueberwachung-per-videoaufnahme\/#primaryimage"},"image":{"@id":"https:\/\/it-service.network\/blog\/2017\/08\/16\/ueberwachung-per-videoaufnahme\/#primaryimage"},"thumbnailUrl":"https:\/\/it-service.network\/blog\/wp-content\/uploads\/2017\/08\/blur-1866950_1920.jpg","datePublished":"2017-08-16T09:30:03+00:00","dateModified":"2021-11-23T07:56:46+00:00","author":{"@id":"https:\/\/it-service.network\/blog\/#\/schema\/person\/275538ad651c88acf1bc71759036143a"},"description":"Video\u00fcberwachung ist gefragt \u2013 auch weil es durch digitale Technik attraktiver wird. Was bei dieser \u00dcberwachung zu beachten ist? Infos hier.","breadcrumb":{"@id":"https:\/\/it-service.network\/blog\/2017\/08\/16\/ueberwachung-per-videoaufnahme\/#breadcrumb"},"inLanguage":"de","potentialAction":[{"@type":"ReadAction","target":["https:\/\/it-service.network\/blog\/2017\/08\/16\/ueberwachung-per-videoaufnahme\/"]}]},{"@type":"ImageObject","inLanguage":"de","@id":"https:\/\/it-service.network\/blog\/2017\/08\/16\/ueberwachung-per-videoaufnahme\/#primaryimage","url":"https:\/\/it-service.network\/blog\/wp-content\/uploads\/2017\/08\/blur-1866950_1920.jpg","contentUrl":"https:\/\/it-service.network\/blog\/wp-content\/uploads\/2017\/08\/blur-1866950_1920.jpg","width":1920,"height":1280,"caption":"Die \u00dcberwachung per Kamera ist an viele rechtliche Vorgaben gebunden."},{"@type":"BreadcrumbList","@id":"https:\/\/it-service.network\/blog\/2017\/08\/16\/ueberwachung-per-videoaufnahme\/#breadcrumb","itemListElement":[{"@type":"ListItem","position":1,"name":"Startseite","item":"https:\/\/it-service.network\/blog\/"},{"@type":"ListItem","position":2,"name":"\u00dcberwachung per Video ## Was d\u00fcrfen Unternehmen wie filmen"}]},{"@type":"WebSite","@id":"https:\/\/it-service.network\/blog\/#website","url":"https:\/\/it-service.network\/blog\/","name":"IT-SERVICE.NETWORK Blog","description":"Der IT-SERVICE.NETWORK Blog mit spannenden IT-News: \u2713 IT-Themen \u2713 IT-Trends \u2713 Business-Themen \u2713 IT-Dienstleistungen","potentialAction":[{"@type":"SearchAction","target":{"@type":"EntryPoint","urlTemplate":"https:\/\/it-service.network\/blog\/?s={search_term_string}"},"query-input":{"@type":"PropertyValueSpecification","valueRequired":true,"valueName":"search_term_string"}}],"inLanguage":"de"},{"@type":"Person","@id":"https:\/\/it-service.network\/blog\/#\/schema\/person\/275538ad651c88acf1bc71759036143a","name":"IT-SERVICE.NETWORK-Redaktion","image":{"@type":"ImageObject","inLanguage":"de","@id":"https:\/\/it-service.network\/blog\/#\/schema\/person\/image\/","url":"https:\/\/secure.gravatar.com\/avatar\/86ef1115edcb7b1651f082979941c8f018129accb2eff4a77ad593cdddeee715?s=96&d=mm&r=g","contentUrl":"https:\/\/secure.gravatar.com\/avatar\/86ef1115edcb7b1651f082979941c8f018129accb2eff4a77ad593cdddeee715?s=96&d=mm&r=g","caption":"IT-SERVICE.NETWORK-Redaktion"},"url":"https:\/\/it-service.network\/blog\/author\/it-service-network-redaktion\/"}]}},"_links":{"self":[{"href":"https:\/\/it-service.network\/blog\/wp-json\/wp\/v2\/posts\/1409","targetHints":{"allow":["GET"]}}],"collection":[{"href":"https:\/\/it-service.network\/blog\/wp-json\/wp\/v2\/posts"}],"about":[{"href":"https:\/\/it-service.network\/blog\/wp-json\/wp\/v2\/types\/post"}],"author":[{"embeddable":true,"href":"https:\/\/it-service.network\/blog\/wp-json\/wp\/v2\/users\/24"}],"replies":[{"embeddable":true,"href":"https:\/\/it-service.network\/blog\/wp-json\/wp\/v2\/comments?post=1409"}],"version-history":[{"count":2,"href":"https:\/\/it-service.network\/blog\/wp-json\/wp\/v2\/posts\/1409\/revisions"}],"predecessor-version":[{"id":18002,"href":"https:\/\/it-service.network\/blog\/wp-json\/wp\/v2\/posts\/1409\/revisions\/18002"}],"wp:featuredmedia":[{"embeddable":true,"href":"https:\/\/it-service.network\/blog\/wp-json\/wp\/v2\/media\/1542"}],"wp:attachment":[{"href":"https:\/\/it-service.network\/blog\/wp-json\/wp\/v2\/media?parent=1409"}],"wp:term":[{"taxonomy":"category","embeddable":true,"href":"https:\/\/it-service.network\/blog\/wp-json\/wp\/v2\/categories?post=1409"},{"taxonomy":"post_tag","embeddable":true,"href":"https:\/\/it-service.network\/blog\/wp-json\/wp\/v2\/tags?post=1409"}],"curies":[{"name":"wp","href":"https:\/\/api.w.org\/{rel}","templated":true}]}}