{"id":14618,"date":"2020-10-09T08:09:13","date_gmt":"2020-10-09T06:09:13","guid":{"rendered":"https:\/\/it-service.network\/blog\/?p=14618"},"modified":"2020-10-09T08:09:13","modified_gmt":"2020-10-09T06:09:13","slug":"it-fitness-akademie","status":"publish","type":"post","link":"https:\/\/it-service.network\/blog\/2020\/10\/09\/it-fitness-akademie\/","title":{"rendered":"IT-Fitness Akademie ## Kostenlose Weiterbildung von Microsoft und LinkedIn"},"content":{"rendered":"<p><strong>Die IT-Fitness Akademie ist ein gemeinsames Angebot von Microsoft und dem Berufsnetzwerk LinkedIn, das einer ganzen Reihe von Gruppen w\u00e4hrend der andauernden Corona-Krise die M\u00f6glichkeit geben soll, ihre IT-Skills zu verbessern. Und das im Rahmen einer kostenlosen Weiterbildung.<\/strong><br \/>\nWir verraten, wann das Angebot startet und an wen es sich richtet.<!--more--><br \/>\n<div id=\"attachment_14626\" style=\"width: 310px\" class=\"wp-caption alignright\"><img loading=\"lazy\" decoding=\"async\" aria-describedby=\"caption-attachment-14626\" class=\"size-medium wp-image-14626\" src=\"https:\/\/it-service.network\/blog\/wp-content\/uploads\/2020\/10\/it-fitness-akademie-300x225.jpg\" alt=\"it-fitness akademie\" width=\"300\" height=\"225\" srcset=\"https:\/\/it-service.network\/blog\/wp-content\/uploads\/2020\/10\/it-fitness-akademie-300x225.jpg 300w, https:\/\/it-service.network\/blog\/wp-content\/uploads\/2020\/10\/it-fitness-akademie-1024x768.jpg 1024w, https:\/\/it-service.network\/blog\/wp-content\/uploads\/2020\/10\/it-fitness-akademie-768x576.jpg 768w, https:\/\/it-service.network\/blog\/wp-content\/uploads\/2020\/10\/it-fitness-akademie.jpg 1280w\" sizes=\"auto, (max-width: 300px) 100vw, 300px\" \/><p id=\"caption-attachment-14626\" class=\"wp-caption-text\">Der Konzern Microsoft und das Netzwerk LinkedIn bieten ein kostenloses Weiterbildungsprogramm an. Bild: Pixabay\/efes<\/p><\/div><\/p>\n<h3>IT-Fitness Akademie startet bald in Deutschland<\/h3>\n<p>Konzernriese Microsoft hat bereits zu Beginn der Corona-Pandemie beziehungsweise der damit verbundenen Krise bewiesen, sich seiner sozialen und wirtschaftlichen Verantwortung bewusst zu sein und stellte in diesem Zusammenhang das hauseigene <a href=\"https:\/\/it-service.network\/blog\/2020\/07\/01\/kollaborationstools-vorteile-nachteile\/\" target=\"_blank\" rel=\"noopener noreferrer\">Kollaborationstool<\/a> <a href=\"https:\/\/it-service.network\/blog\/2020\/03\/11\/microsoft-teams-kostenlos\/\" target=\"_blank\" rel=\"noopener noreferrer\">Microsoft Teams kostenlos<\/a> zur Verf\u00fcgung. Nun folgt der zweite Streich. In Zusammenarbeit mit dem sozialen Netzwerk <a href=\"https:\/\/de.linkedin.com\/\" target=\"_blank\" rel=\"noopener noreferrer\">LinkedIn<\/a>, das auf die Vernetzung von Business-Kontakten spezialisiert ist, startet nun bald eine <strong>kostenlose Weiterbildungsinitiative<\/strong> mit dem Titel IT-Fitness Akademie.<br \/>\nDas Angebot richtet sich vornehmlich an Kurzarbeiter, Arbeitsuchende, Studenten, Sch\u00fcler und Auszubildende, die sich f\u00fcr ihre berufliche Zukunft fit machen und ihre Kompetenzen erweitern m\u00f6chten. Angesprochen sind aber auch diejenigen, die sich weiterbilden und ihre IT-F\u00e4higkeiten verbessern m\u00f6chte \u2013 und dies auch auf jeden Fall tun sollten.<\/p>\n<h3>Kostenlose Microsoft Fortbildung<\/h3>\n<p>Microsoft und LinkedIn verfolgen das gemeinsame Ziel, das allgemeine IT-Know-how zu verbessern, und Internetnutzer so gut mit Wissen zu versorgen, dass sie sich sicher und souver\u00e4n im Netz bewegen. Das daf\u00fcr entwickelte Programm der IT-Fitness Akademie zielt insbesondere darauf ab, diejenigen Menschen zu unterst\u00fctzen, die auf anderen Wegen nicht die M\u00f6glichkeit haben, ihre F\u00e4higkeiten schnell zu verbessern.<br \/>\nF\u00fcr die Teilnahme an der neuen Akademie sind keine Vorkenntnisse n\u00f6tig, wodurch die Hemmschwelle gesenkt werden soll. Das Programm selbst besteht aus <strong>pers\u00f6nlichen Trainer-Coachings<\/strong> und zehn Lernfeldern auf LinkedIn. Zu selbigen z\u00e4hlen beispielsweise <strong>Digitalmarketing<\/strong>, <strong>IT-Support<\/strong>, <strong>Projektmanagement<\/strong>, <strong>Datenanalyse<\/strong>, <strong>Grafikdesign<\/strong> sowie spezielle Einheiten, mit denen die Teilnehmer ihre <strong>Soft Skills<\/strong> oder ihr Wissen rund um die <strong>virtuelle Zusammenarbeit<\/strong> verbessern k\u00f6nnen. Alles in einem: ein Rundumschlag durch die digitale Welt.<br \/>\n<div id=\"attachment_12572\" style=\"width: 310px\" class=\"wp-caption alignleft\"><img loading=\"lazy\" decoding=\"async\" aria-describedby=\"caption-attachment-12572\" class=\"size-medium wp-image-12572\" src=\"https:\/\/it-service.network\/blog\/wp-content\/uploads\/2020\/05\/coronakrise-weltweit-300x192.jpg\" alt=\"corona als digitalisierungstreiber\" width=\"300\" height=\"192\" srcset=\"https:\/\/it-service.network\/blog\/wp-content\/uploads\/2020\/05\/coronakrise-weltweit-300x192.jpg 300w, https:\/\/it-service.network\/blog\/wp-content\/uploads\/2020\/05\/coronakrise-weltweit-768x492.jpg 768w, https:\/\/it-service.network\/blog\/wp-content\/uploads\/2020\/05\/coronakrise-weltweit.jpg 957w\" sizes=\"auto, (max-width: 300px) 100vw, 300px\" \/><p id=\"caption-attachment-12572\" class=\"wp-caption-text\">Nebenwirkung des Corona-Virus: Die Digitalisierung schreitet voran. Bild: Pixabay\/MiroslavaChrienova<\/p><\/div><\/p>\n<h3>Digitalisierungstreiber Corona<\/h3>\n<p>Dass die weltweite Corona-Pandemie auf unvergleichliche Art und Weise die Digitalisierung in Deutschland beschleunigt hat, steht au\u00dfer Frage. Fakt ist aber: Nicht jeder kommt mit dem erh\u00f6hten Laufschritt mit. Astrid Aupperle, Leiterin Gesellschaftliches Engagement bei Microsoft Deutschland, sagt dazu: \u201eDie Corona-Pandemie hat der <strong>Digitalisierung der Arbeitswelt<\/strong> einen Schub gegeben. Dadurch beschleunigt sich der Strukturwandel am Arbeitsmarkt. Anforderungsprofile ver\u00e4ndern sich. Und die Arbeitnehmer von morgen ben\u00f6tigen zunehmend mehr digitale F\u00e4higkeiten und Fertigkeiten.\u201c<br \/>\nDie neue IT-Akademie soll nun dabei helfen, die individuellen Chancen auf dem Arbeitsmarkt in Zeiten des digitalen Wandels zu verbessern. Und davon abgesehen: Auch f\u00fcr die pers\u00f6nliche Entwicklung lohnt sich die Teilnahme. <a href=\"https:\/\/www.it-fitness.de\/Akademie\/2667_Job_Akademie.htm\" target=\"_blank\" rel=\"noopener noreferrer\"><strong>Hier geht es \u00fcbrigens zur Anmeldung<\/strong><\/a>.<\/p>\n<h3>IT-Fitness Akademie st\u00e4rkt digitale Kompetenzen<\/h3>\n<p>Nicht nur f\u00fcr Studenten oder Arbeitsuchende ist das kostenlose Weiterbildungsangebot interessant. Gerade in den vergangenen Wochen und Monaten mussten auch Arbeitnehmer in festen Anstellungsverh\u00e4ltnissen ihre Digital-Kompetenz verbessern, um mit den ad hoc eingef\u00fchrten Ver\u00e4nderungen mithalten zu k\u00f6nnen.\u00a0Nicht jeder Angestellte kam damit auf Anhieb gut zurecht. Kurz- bis mittelfristig d\u00fcrfte es also f\u00fcr so ziemlich jeden Arbeitnehmer von enormer Wichtigkeit sein, die eigenen IT-Skills zu optimieren. Eine Investition also in die unmittelbare Zukunft.<br \/>\nMicrosoft und LinkedIn selbst sprechen im Zuge ihres gemeinsamen Projekts sogar davon, durch die Qualifizierung von Quereinsteigern die Fachkr\u00e4ftel\u00fccke schlie\u00dfen zu wollen. Ein durchaus ambitioniertes Ziel, aber daf\u00fcr nicht minder bedeutsam. Und sollten andere Anbieter diesem Beispiel folgen, k\u00f6nnte sich hier durchaus etwas tun.<br \/>\n<div id=\"attachment_8443\" style=\"width: 310px\" class=\"wp-caption alignright\"><img loading=\"lazy\" decoding=\"async\" aria-describedby=\"caption-attachment-8443\" class=\"size-medium wp-image-8443\" src=\"https:\/\/it-service.network\/blog\/wp-content\/uploads\/2019\/10\/Schulung_Photo-by-You-X-Ventures-on-Unsplash-300x205.jpg\" alt=\"Zu sehen ist ein Meeting, bei dem mehrere Personen an einem Konferenztisch sitzen, w\u00e4hrend eine Person etwas vortr\u00e4gt. Vielleicht geht es um Security Awareness. Bild: Unsplash \/ You X Ventures\" width=\"300\" height=\"205\" srcset=\"https:\/\/it-service.network\/blog\/wp-content\/uploads\/2019\/10\/Schulung_Photo-by-You-X-Ventures-on-Unsplash-300x205.jpg 300w, https:\/\/it-service.network\/blog\/wp-content\/uploads\/2019\/10\/Schulung_Photo-by-You-X-Ventures-on-Unsplash-768x526.jpg 768w, https:\/\/it-service.network\/blog\/wp-content\/uploads\/2019\/10\/Schulung_Photo-by-You-X-Ventures-on-Unsplash-1024x701.jpg 1024w, https:\/\/it-service.network\/blog\/wp-content\/uploads\/2019\/10\/Schulung_Photo-by-You-X-Ventures-on-Unsplash.jpg 1046w\" sizes=\"auto, (max-width: 300px) 100vw, 300px\" \/><p id=\"caption-attachment-8443\" class=\"wp-caption-text\">Schulen Sie Ihre Mitarbeiter zur Security Awareness. Bild: Unsplash \/ You X Ventures<\/p><\/div><\/p>\n<h3>Inhouse-Schulungen f\u00fcr Mitarbeiter<\/h3>\n<p>Unser Tipp f\u00fcr Unternehmer: Erz\u00e4hlen Sie Ihren Mitarbeitern von dem kostenlosen Fortbildungsangebot. Vielleicht probieren Sie sogar selbst einige Einheiten aus. In der zunehmend digitalen (Arbeits-)Welt kann eine Extraportion IT-Wissen sicherlich nicht schaden. Und sollten Sie im Zuge der Lerneinheiten auf IT-Begriffe sto\u00dfen, die Ihnen nicht vertraut sind, hilft Ihnen m\u00f6glicherweise unser <a href=\"https:\/\/it-service.network\/it-lexikon\">IT-Lexikon<\/a> weiter.<br \/>\nParallel dazu stehen Ihnen nat\u00fcrlich auch unsere <a href=\"https:\/\/it-service.network\/it-dienstleister-finden?q=\" target=\"_blank\" rel=\"noopener noreferrer\">Experten aus dem IT-SERVICE.NETWORK<\/a> jederzeit pers\u00f6nlich zur Verf\u00fcgung. Lassen Sie sich beispielsweise doch einmal zu einer <a href=\"https:\/\/it-service.network\/blog\/2019\/10\/15\/security-awareness\/\" target=\"_blank\" rel=\"noopener noreferrer\"><strong>Security-Awareness-Schulung<\/strong><\/a> f\u00fcr Ihre Angestellten beraten. Gerade durch den hohen Home-Office-Anteil und die Nutzung bislang unbekannter Tools, ergeben sich durchaus Gefahren f\u00fcr Ihre IT-Sicherheit, die auf die Schw\u00e4chen des Faktors Mensch abzielen. Sie m\u00f6chten mehr erfahren? Dann nehmen Sie einfach und unverbindlich Kontakt zu uns auf. Wir freuen uns auf Ihre Anfrage.<\/p>\n","protected":false},"excerpt":{"rendered":"<p>Die IT-Fitness Akademie ist ein gemeinsames Angebot von Microsoft und dem Berufsnetzwerk LinkedIn, das einer ganzen Reihe von Gruppen w\u00e4hrend der andauernden Corona-Krise die M\u00f6glichkeit geben soll, ihre IT-Skills zu verbessern. Und das im Rahmen einer kostenlosen Weiterbildung. Wir verraten, wann das Angebot startet und an wen es sich richtet.<\/p>\n","protected":false},"author":14,"featured_media":14626,"comment_status":"open","ping_status":"open","sticky":false,"template":"","format":"standard","meta":{"footnotes":""},"categories":[408],"tags":[954,402],"class_list":["post-14618","post","type-post","status-publish","format-standard","has-post-thumbnail","hentry","category-arbeitswelt-trends","tag-coronavirus","tag-microsoft"],"yoast_head":"<!-- This site is optimized with the Yoast SEO plugin v26.5 - https:\/\/yoast.com\/wordpress\/plugins\/seo\/ -->\n<title>IT-Fitness Akademie \u2013 kostenlose Weiterbildung von Microsoft &amp; LinkedIn<\/title>\n<meta name=\"description\" content=\"Die IT-Fitness Akademie ist ein gemeinsames Angebot von Microsoft und LinkedIn, das kostenlose IT-Weiterbildungen erm\u00f6glicht. Mehr bei uns.\" \/>\n<meta name=\"robots\" content=\"index, follow, max-snippet:-1, max-image-preview:large, max-video-preview:-1\" \/>\n<link rel=\"canonical\" href=\"https:\/\/it-service.network\/blog\/2020\/10\/09\/it-fitness-akademie\/\" \/>\n<meta property=\"og:locale\" content=\"de_DE\" \/>\n<meta property=\"og:type\" content=\"article\" \/>\n<meta property=\"og:title\" content=\"IT-Fitness Akademie \u2013 kostenlose Weiterbildung von Microsoft &amp; LinkedIn\" \/>\n<meta property=\"og:description\" content=\"Die IT-Fitness Akademie ist ein gemeinsames Angebot von Microsoft und LinkedIn, das kostenlose IT-Weiterbildungen erm\u00f6glicht. Mehr bei uns.\" \/>\n<meta property=\"og:url\" content=\"https:\/\/it-service.network\/blog\/2020\/10\/09\/it-fitness-akademie\/\" \/>\n<meta property=\"og:site_name\" content=\"IT-SERVICE.NETWORK Blog\" \/>\n<meta property=\"article:publisher\" content=\"https:\/\/www.facebook.com\/itservicenetwork\/\" \/>\n<meta property=\"article:published_time\" content=\"2020-10-09T06:09:13+00:00\" \/>\n<meta property=\"og:image\" content=\"https:\/\/it-service.network\/blog\/wp-content\/uploads\/2020\/10\/it-fitness-akademie.jpg\" \/>\n\t<meta property=\"og:image:width\" content=\"1280\" \/>\n\t<meta property=\"og:image:height\" content=\"960\" \/>\n\t<meta property=\"og:image:type\" content=\"image\/jpeg\" \/>\n<meta name=\"author\" content=\"Lena Klaus\" \/>\n<meta name=\"twitter:card\" content=\"summary_large_image\" \/>\n<meta name=\"twitter:creator\" content=\"@ITSERVICNETWORK\" \/>\n<meta name=\"twitter:site\" content=\"@ITSERVICNETWORK\" \/>\n<meta name=\"twitter:label1\" content=\"Verfasst von\" \/>\n\t<meta name=\"twitter:data1\" content=\"Lena Klaus\" \/>\n\t<meta name=\"twitter:label2\" content=\"Gesch\u00e4tzte Lesezeit\" \/>\n\t<meta name=\"twitter:data2\" content=\"4\u00a0Minuten\" \/>\n<script type=\"application\/ld+json\" class=\"yoast-schema-graph\">{\"@context\":\"https:\/\/schema.org\",\"@graph\":[{\"@type\":\"WebPage\",\"@id\":\"https:\/\/it-service.network\/blog\/2020\/10\/09\/it-fitness-akademie\/\",\"url\":\"https:\/\/it-service.network\/blog\/2020\/10\/09\/it-fitness-akademie\/\",\"name\":\"IT-Fitness Akademie \u2013 kostenlose Weiterbildung von Microsoft & LinkedIn\",\"isPartOf\":{\"@id\":\"https:\/\/it-service.network\/blog\/#website\"},\"primaryImageOfPage\":{\"@id\":\"https:\/\/it-service.network\/blog\/2020\/10\/09\/it-fitness-akademie\/#primaryimage\"},\"image\":{\"@id\":\"https:\/\/it-service.network\/blog\/2020\/10\/09\/it-fitness-akademie\/#primaryimage\"},\"thumbnailUrl\":\"https:\/\/it-service.network\/blog\/wp-content\/uploads\/2020\/10\/it-fitness-akademie.jpg\",\"datePublished\":\"2020-10-09T06:09:13+00:00\",\"author\":{\"@id\":\"https:\/\/it-service.network\/blog\/#\/schema\/person\/9cffbe4f537d5e70bde59b560ce9aac6\"},\"description\":\"Die IT-Fitness Akademie ist ein gemeinsames Angebot von Microsoft und LinkedIn, das kostenlose IT-Weiterbildungen erm\u00f6glicht. Mehr bei uns.\",\"breadcrumb\":{\"@id\":\"https:\/\/it-service.network\/blog\/2020\/10\/09\/it-fitness-akademie\/#breadcrumb\"},\"inLanguage\":\"de\",\"potentialAction\":[{\"@type\":\"ReadAction\",\"target\":[\"https:\/\/it-service.network\/blog\/2020\/10\/09\/it-fitness-akademie\/\"]}]},{\"@type\":\"ImageObject\",\"inLanguage\":\"de\",\"@id\":\"https:\/\/it-service.network\/blog\/2020\/10\/09\/it-fitness-akademie\/#primaryimage\",\"url\":\"https:\/\/it-service.network\/blog\/wp-content\/uploads\/2020\/10\/it-fitness-akademie.jpg\",\"contentUrl\":\"https:\/\/it-service.network\/blog\/wp-content\/uploads\/2020\/10\/it-fitness-akademie.jpg\",\"width\":1280,\"height\":960,\"caption\":\"Der Konzern Microsoft und das Netzwerk LinkedIn bieten ein kostenloses Weiterbildungsprogramm an. Bild: Pixabay\/efes\"},{\"@type\":\"BreadcrumbList\",\"@id\":\"https:\/\/it-service.network\/blog\/2020\/10\/09\/it-fitness-akademie\/#breadcrumb\",\"itemListElement\":[{\"@type\":\"ListItem\",\"position\":1,\"name\":\"Startseite\",\"item\":\"https:\/\/it-service.network\/blog\/\"},{\"@type\":\"ListItem\",\"position\":2,\"name\":\"IT-Fitness Akademie ## Kostenlose Weiterbildung von Microsoft und LinkedIn\"}]},{\"@type\":\"WebSite\",\"@id\":\"https:\/\/it-service.network\/blog\/#website\",\"url\":\"https:\/\/it-service.network\/blog\/\",\"name\":\"IT-SERVICE.NETWORK Blog\",\"description\":\"Der IT-SERVICE.NETWORK Blog mit spannenden IT-News: \u2713 IT-Themen \u2713 IT-Trends \u2713 Business-Themen \u2713 IT-Dienstleistungen\",\"potentialAction\":[{\"@type\":\"SearchAction\",\"target\":{\"@type\":\"EntryPoint\",\"urlTemplate\":\"https:\/\/it-service.network\/blog\/?s={search_term_string}\"},\"query-input\":{\"@type\":\"PropertyValueSpecification\",\"valueRequired\":true,\"valueName\":\"search_term_string\"}}],\"inLanguage\":\"de\"},{\"@type\":\"Person\",\"@id\":\"https:\/\/it-service.network\/blog\/#\/schema\/person\/9cffbe4f537d5e70bde59b560ce9aac6\",\"name\":\"Lena Klaus\",\"image\":{\"@type\":\"ImageObject\",\"inLanguage\":\"de\",\"@id\":\"https:\/\/it-service.network\/blog\/#\/schema\/person\/image\/\",\"url\":\"https:\/\/it-service.network\/blog\/wp-content\/uploads\/2019\/04\/lena-klaus-96x96.jpg\",\"contentUrl\":\"https:\/\/it-service.network\/blog\/wp-content\/uploads\/2019\/04\/lena-klaus-96x96.jpg\",\"caption\":\"Lena Klaus\"},\"description\":\"Lena Klaus arbeitet seit 2018 als freie Autorin und SEO-Expertin f\u00fcr das IT-SERVICE.NETWORK. Besonders die Themen rund um den digitalen Wandel und New Work haben es ihr angetan. Dar\u00fcber hinaus ist die erfahrene Texterin immer wieder fasziniert davon, welche neue Methoden und Tricks Hackern und Cyberkriminellen einfallen. Seit 2013 kennt Lena Klaus die IT-Branche und hat sich in diesem Zusammenhang auf die Erstellung von Webtexten und Blogartikeln f\u00fcr B2C- und B2B-orientierte Content-Plattformen spezialisiert. Bis zu ihrer Elternzeit im Jahr 2017 war sie als Content Marketing- und PR-Managerin bei der SYNAXON AG, dem Mutterunternehmen des IT-SERVICE.NETWORK, fest angestellt. W\u00e4hrend dieser T\u00e4tigkeit verantwortete sie nicht nur die allgemeine Unternehmenskommunikation und Pressearbeit, sondern auch s\u00e4mtlichen Content der SYNAXON-Marke PC-SPEZIALIST. Nach ihrer Elternzeit wechselte sie hauptberuflich die Branche, blieb der SYNAXON AG und der mittlerweile fest etablierten Marke IT-SERVICE.NETWORK aber weiterhin als freie Mitarbeiterin treu. Neben ihrer Arbeit als Redakteurin f\u00fcr den IT-SERVICE.NETWORK-Blog verfasst sie auch Texte f\u00fcr das IT-SERVICE.NETWORK-Lexikon, einzelne Themenseiten, Leistungsbeschreibungen oder Profilseiten der Partner. In ihrer Freizeit bleibt der Laptop dann allerdings meist aus: Sie genie\u00dft die Zeit mit Ihrem Mann (nat\u00fcrlich auch ein ITler) und ihrer Tochter \u2013 am liebsten auf Reisen in fernen L\u00e4ndern.\",\"sameAs\":[\"https:\/\/it-service.network\/\"],\"url\":\"https:\/\/it-service.network\/blog\/author\/lena-klaus\/\"}]}<\/script>\n<!-- \/ Yoast SEO plugin. -->","yoast_head_json":{"title":"IT-Fitness Akademie \u2013 kostenlose Weiterbildung von Microsoft & LinkedIn","description":"Die IT-Fitness Akademie ist ein gemeinsames Angebot von Microsoft und LinkedIn, das kostenlose IT-Weiterbildungen erm\u00f6glicht. Mehr bei uns.","robots":{"index":"index","follow":"follow","max-snippet":"max-snippet:-1","max-image-preview":"max-image-preview:large","max-video-preview":"max-video-preview:-1"},"canonical":"https:\/\/it-service.network\/blog\/2020\/10\/09\/it-fitness-akademie\/","og_locale":"de_DE","og_type":"article","og_title":"IT-Fitness Akademie \u2013 kostenlose Weiterbildung von Microsoft & LinkedIn","og_description":"Die IT-Fitness Akademie ist ein gemeinsames Angebot von Microsoft und LinkedIn, das kostenlose IT-Weiterbildungen erm\u00f6glicht. Mehr bei uns.","og_url":"https:\/\/it-service.network\/blog\/2020\/10\/09\/it-fitness-akademie\/","og_site_name":"IT-SERVICE.NETWORK Blog","article_publisher":"https:\/\/www.facebook.com\/itservicenetwork\/","article_published_time":"2020-10-09T06:09:13+00:00","og_image":[{"width":1280,"height":960,"url":"https:\/\/it-service.network\/blog\/wp-content\/uploads\/2020\/10\/it-fitness-akademie.jpg","type":"image\/jpeg"}],"author":"Lena Klaus","twitter_card":"summary_large_image","twitter_creator":"@ITSERVICNETWORK","twitter_site":"@ITSERVICNETWORK","twitter_misc":{"Verfasst von":"Lena Klaus","Gesch\u00e4tzte Lesezeit":"4\u00a0Minuten"},"schema":{"@context":"https:\/\/schema.org","@graph":[{"@type":"WebPage","@id":"https:\/\/it-service.network\/blog\/2020\/10\/09\/it-fitness-akademie\/","url":"https:\/\/it-service.network\/blog\/2020\/10\/09\/it-fitness-akademie\/","name":"IT-Fitness Akademie \u2013 kostenlose Weiterbildung von Microsoft & LinkedIn","isPartOf":{"@id":"https:\/\/it-service.network\/blog\/#website"},"primaryImageOfPage":{"@id":"https:\/\/it-service.network\/blog\/2020\/10\/09\/it-fitness-akademie\/#primaryimage"},"image":{"@id":"https:\/\/it-service.network\/blog\/2020\/10\/09\/it-fitness-akademie\/#primaryimage"},"thumbnailUrl":"https:\/\/it-service.network\/blog\/wp-content\/uploads\/2020\/10\/it-fitness-akademie.jpg","datePublished":"2020-10-09T06:09:13+00:00","author":{"@id":"https:\/\/it-service.network\/blog\/#\/schema\/person\/9cffbe4f537d5e70bde59b560ce9aac6"},"description":"Die IT-Fitness Akademie ist ein gemeinsames Angebot von Microsoft und LinkedIn, das kostenlose IT-Weiterbildungen erm\u00f6glicht. Mehr bei uns.","breadcrumb":{"@id":"https:\/\/it-service.network\/blog\/2020\/10\/09\/it-fitness-akademie\/#breadcrumb"},"inLanguage":"de","potentialAction":[{"@type":"ReadAction","target":["https:\/\/it-service.network\/blog\/2020\/10\/09\/it-fitness-akademie\/"]}]},{"@type":"ImageObject","inLanguage":"de","@id":"https:\/\/it-service.network\/blog\/2020\/10\/09\/it-fitness-akademie\/#primaryimage","url":"https:\/\/it-service.network\/blog\/wp-content\/uploads\/2020\/10\/it-fitness-akademie.jpg","contentUrl":"https:\/\/it-service.network\/blog\/wp-content\/uploads\/2020\/10\/it-fitness-akademie.jpg","width":1280,"height":960,"caption":"Der Konzern Microsoft und das Netzwerk LinkedIn bieten ein kostenloses Weiterbildungsprogramm an. Bild: Pixabay\/efes"},{"@type":"BreadcrumbList","@id":"https:\/\/it-service.network\/blog\/2020\/10\/09\/it-fitness-akademie\/#breadcrumb","itemListElement":[{"@type":"ListItem","position":1,"name":"Startseite","item":"https:\/\/it-service.network\/blog\/"},{"@type":"ListItem","position":2,"name":"IT-Fitness Akademie ## Kostenlose Weiterbildung von Microsoft und LinkedIn"}]},{"@type":"WebSite","@id":"https:\/\/it-service.network\/blog\/#website","url":"https:\/\/it-service.network\/blog\/","name":"IT-SERVICE.NETWORK Blog","description":"Der IT-SERVICE.NETWORK Blog mit spannenden IT-News: \u2713 IT-Themen \u2713 IT-Trends \u2713 Business-Themen \u2713 IT-Dienstleistungen","potentialAction":[{"@type":"SearchAction","target":{"@type":"EntryPoint","urlTemplate":"https:\/\/it-service.network\/blog\/?s={search_term_string}"},"query-input":{"@type":"PropertyValueSpecification","valueRequired":true,"valueName":"search_term_string"}}],"inLanguage":"de"},{"@type":"Person","@id":"https:\/\/it-service.network\/blog\/#\/schema\/person\/9cffbe4f537d5e70bde59b560ce9aac6","name":"Lena Klaus","image":{"@type":"ImageObject","inLanguage":"de","@id":"https:\/\/it-service.network\/blog\/#\/schema\/person\/image\/","url":"https:\/\/it-service.network\/blog\/wp-content\/uploads\/2019\/04\/lena-klaus-96x96.jpg","contentUrl":"https:\/\/it-service.network\/blog\/wp-content\/uploads\/2019\/04\/lena-klaus-96x96.jpg","caption":"Lena Klaus"},"description":"Lena Klaus arbeitet seit 2018 als freie Autorin und SEO-Expertin f\u00fcr das IT-SERVICE.NETWORK. Besonders die Themen rund um den digitalen Wandel und New Work haben es ihr angetan. Dar\u00fcber hinaus ist die erfahrene Texterin immer wieder fasziniert davon, welche neue Methoden und Tricks Hackern und Cyberkriminellen einfallen. Seit 2013 kennt Lena Klaus die IT-Branche und hat sich in diesem Zusammenhang auf die Erstellung von Webtexten und Blogartikeln f\u00fcr B2C- und B2B-orientierte Content-Plattformen spezialisiert. Bis zu ihrer Elternzeit im Jahr 2017 war sie als Content Marketing- und PR-Managerin bei der SYNAXON AG, dem Mutterunternehmen des IT-SERVICE.NETWORK, fest angestellt. W\u00e4hrend dieser T\u00e4tigkeit verantwortete sie nicht nur die allgemeine Unternehmenskommunikation und Pressearbeit, sondern auch s\u00e4mtlichen Content der SYNAXON-Marke PC-SPEZIALIST. Nach ihrer Elternzeit wechselte sie hauptberuflich die Branche, blieb der SYNAXON AG und der mittlerweile fest etablierten Marke IT-SERVICE.NETWORK aber weiterhin als freie Mitarbeiterin treu. Neben ihrer Arbeit als Redakteurin f\u00fcr den IT-SERVICE.NETWORK-Blog verfasst sie auch Texte f\u00fcr das IT-SERVICE.NETWORK-Lexikon, einzelne Themenseiten, Leistungsbeschreibungen oder Profilseiten der Partner. In ihrer Freizeit bleibt der Laptop dann allerdings meist aus: Sie genie\u00dft die Zeit mit Ihrem Mann (nat\u00fcrlich auch ein ITler) und ihrer Tochter \u2013 am liebsten auf Reisen in fernen L\u00e4ndern.","sameAs":["https:\/\/it-service.network\/"],"url":"https:\/\/it-service.network\/blog\/author\/lena-klaus\/"}]}},"_links":{"self":[{"href":"https:\/\/it-service.network\/blog\/wp-json\/wp\/v2\/posts\/14618","targetHints":{"allow":["GET"]}}],"collection":[{"href":"https:\/\/it-service.network\/blog\/wp-json\/wp\/v2\/posts"}],"about":[{"href":"https:\/\/it-service.network\/blog\/wp-json\/wp\/v2\/types\/post"}],"author":[{"embeddable":true,"href":"https:\/\/it-service.network\/blog\/wp-json\/wp\/v2\/users\/14"}],"replies":[{"embeddable":true,"href":"https:\/\/it-service.network\/blog\/wp-json\/wp\/v2\/comments?post=14618"}],"version-history":[{"count":0,"href":"https:\/\/it-service.network\/blog\/wp-json\/wp\/v2\/posts\/14618\/revisions"}],"wp:featuredmedia":[{"embeddable":true,"href":"https:\/\/it-service.network\/blog\/wp-json\/wp\/v2\/media\/14626"}],"wp:attachment":[{"href":"https:\/\/it-service.network\/blog\/wp-json\/wp\/v2\/media?parent=14618"}],"wp:term":[{"taxonomy":"category","embeddable":true,"href":"https:\/\/it-service.network\/blog\/wp-json\/wp\/v2\/categories?post=14618"},{"taxonomy":"post_tag","embeddable":true,"href":"https:\/\/it-service.network\/blog\/wp-json\/wp\/v2\/tags?post=14618"}],"curies":[{"name":"wp","href":"https:\/\/api.w.org\/{rel}","templated":true}]}}