{"id":15072,"date":"2021-01-22T07:50:23","date_gmt":"2021-01-22T06:50:23","guid":{"rendered":"https:\/\/it-service.network\/blog\/?p=15072"},"modified":"2026-02-02T08:48:59","modified_gmt":"2026-02-02T07:48:59","slug":"home-office-regeln","status":"publish","type":"post","link":"https:\/\/it-service.network\/blog\/2021\/01\/22\/home-office-regeln\/","title":{"rendered":"Home-Office-Regeln ## Rechte und Pflichten im Home Office"},"content":{"rendered":"<p><strong>Welche Home-Office-Regeln gelten f\u00fcr Arbeitnehmer und Arbeitgeber? Eine Frage, die sich beide Parteien gleicherma\u00dfen immer wieder stellen. Und in Anbetracht des Infektionsgeschehens sowie dem Appell der Bundesregierung, Mitarbeiter von zuhause aus arbeiten zu lassen, sorgt die Unklarheit f\u00fcr Z\u00fcndstoff.<\/strong><br \/>\nWir kl\u00e4ren auf, welche Home-Office-Regeln gelten \u2013 und welche nicht.<!--more--><\/p>\n<div id=\"attachment_15081\" style=\"width: 310px\" class=\"wp-caption alignright\"><img loading=\"lazy\" decoding=\"async\" aria-describedby=\"caption-attachment-15081\" class=\"size-medium wp-image-15081\" src=\"https:\/\/it-service.network\/blog\/wp-content\/uploads\/2020\/11\/home-office-regeln-300x199.jpg\" alt=\"home office regeln\" width=\"300\" height=\"199\" srcset=\"https:\/\/it-service.network\/blog\/wp-content\/uploads\/2020\/11\/home-office-regeln-300x199.jpg 300w, https:\/\/it-service.network\/blog\/wp-content\/uploads\/2020\/11\/home-office-regeln-768x509.jpg 768w, https:\/\/it-service.network\/blog\/wp-content\/uploads\/2020\/11\/home-office-regeln.jpg 944w\" sizes=\"auto, (max-width: 300px) 100vw, 300px\" \/><p id=\"caption-attachment-15081\" class=\"wp-caption-text\">Welche Home-Office-Regeln gelten in Zeiten der Pandemie? Bild: Pixabay\/VinzentWeinbeer<\/p><\/div>\n<h3>Home-Office-Regeln \u2013 h\u00e4ufig nicht eindeutig definiert<\/h3>\n<p>Seit Beginn der Corona-Pandemie ist \u201eHome Office\u201c wohl das meist benutzte Wort im Arbeitsalltag eines jeden B\u00fcroangestellten und Unternehmers. Auch wir haben bereits unz\u00e4hlige Male \u00fcber die Facetten der Heimarbeit berichtet \u2013 von <a href=\"https:\/\/it-service.network\/blog\/2020\/03\/27\/sicheres-arbeiten\/\">Sicherheitsaspekten<\/a> bis hin zu Tipps f\u00fcr das <a href=\"https:\/\/it-service.network\/blog\/2020\/03\/31\/home-office-tipps\/\">produktive Arbeiten<\/a> von zuhause aus.\u00a0Gerade mit dem Beschluss der Ministerpr\u00e4sidentenkonferenz im Zuge der rasant steigenden Infektionszahlen, dass Unternehmen ihre Mitarbeiter <strong>\u201ewo immer m\u00f6glich\u201c<\/strong> ins Home Office schicken sollen, hat sich die Brisanz rund um dieses Thema noch einmal versch\u00e4rft.<br \/>\nUnd immer wieder tauchen dazu Fragen auf. \u201eMuss ich im Home Office arbeiten?\u201c und \u201eDarf ich einfach im Home Office arbeiten?\u201c sind dabei nur zwei Beispiele, die zeigen, wie gro\u00df die Unsicherheit doch ist. Das gilt \u00fcbrigens h\u00e4ufig auch f\u00fcr Arbeitgeber. Besonders f\u00fcr kleine und mittlere Unternehmen, die bis zum ersten Lockdown nie auf die Idee gekommen w\u00e4ren, Abstand vom gewohnten B\u00fcroalltag zu nehmen, sind ebenso <strong>viele Fragen zu den rechtlichen Grundlagen<\/strong> unbeantwortet. Wir kl\u00e4ren nun auf.<\/p>\n<div id=\"attachment_11530\" style=\"width: 310px\" class=\"wp-caption alignleft\"><img loading=\"lazy\" decoding=\"async\" aria-describedby=\"caption-attachment-11530\" class=\"size-medium wp-image-11530\" src=\"https:\/\/it-service.network\/blog\/wp-content\/uploads\/2020\/03\/recht-auf-homeoffice-wegen-corona-300x200.jpg\" alt=\"recht auf homeoffice wegen corona\" width=\"300\" height=\"200\" srcset=\"https:\/\/it-service.network\/blog\/wp-content\/uploads\/2020\/03\/recht-auf-homeoffice-wegen-corona-300x200.jpg 300w, https:\/\/it-service.network\/blog\/wp-content\/uploads\/2020\/03\/recht-auf-homeoffice-wegen-corona-1024x683.jpg 1024w, https:\/\/it-service.network\/blog\/wp-content\/uploads\/2020\/03\/recht-auf-homeoffice-wegen-corona-768x512.jpg 768w, https:\/\/it-service.network\/blog\/wp-content\/uploads\/2020\/03\/recht-auf-homeoffice-wegen-corona.jpg 1050w\" sizes=\"auto, (max-width: 300px) 100vw, 300px\" \/><p id=\"caption-attachment-11530\" class=\"wp-caption-text\">Sofa statt B\u00fcrostuhl: Aktuell sinnvoll, aber ein Recht auf Home Office gibt es nicht. Bild: Unsplash\/ConvertKit<\/p><\/div>\n<h3>Anrecht auf Home Office<\/h3>\n<p>Die wohl wichtigste Information gleich vorab: Bislang gibt es kein Anrecht auf Home Office. Lesen Sie dazu gern unsere separaten Artikel \u201e<a href=\"https:\/\/it-service.network\/blog\/2019\/01\/28\/anspruch-auf-homeoffice\/\">Anspruch auf Home Office<\/a>\u201c und \u201e<a href=\"https:\/\/it-service.network\/blog\/2020\/03\/13\/recht-auf-home-office\/\">Recht auf Home Office wegen Corona?<\/a>\u201c und erfahren Sie mehr \u00fcber die Details und Hintergr\u00fcnde. Aber: Hubertus Heil, Bundesarbeitsminister, ist schwer damit besch\u00e4ftigt, das zu \u00e4ndern. Er <strong>plant einen gesetzlichen Anspruch auf Home Office<\/strong>. Im ersten Gesetzesentwurf war \u201enur\u201c von 24 Tagen pro Jahr (!) die Rede.<br \/>\nInzwischen scheint es sogar nur noch um eine <strong>gesetzliche Er\u00f6rterungspflicht<\/strong> zu gehen, in deren Zuge Arbeitgeber und Arbeitnehmer \u00fcber eine Home-Office-Option sprechen und m\u00f6glichst zu einer \u00dcbereinstimmung kommen sollen.\u00a0Derzeit liegt ein Referentenentwurf f\u00fcr dieses sogenannte <strong>\u201eMobile-Arbeit-Gesetz\u201c<\/strong> innerhalb der Bundesregierung in einer Ressortabstimmung vor.<br \/>\nDas k\u00f6nnte daran liegen, dass der erw\u00e4hnte erste Entwurf gewaltigen Gegenwind erzeugt hatte. Der dadurch entstandene <strong>Koalitionskrach <\/strong>zeigt, dass diesbez\u00fcglich noch gar nichts entschieden ist. Und die Chancen stehen grunds\u00e4tzlich nicht schlecht, dass es auch dabei bleibt,<strong> keinen Gesetzesanspruch auf Heimarbeit<\/strong> zu etablieren.<\/p>\n<h3>\u201eMein Chef verbietet mir das Home Office \u2013 muss ich mich daran halten?\u201c<\/h3>\n<p>So oder so \u00e4hnlich lauten zahlreiche Anfragen bei Google und bei Rechtsanw\u00e4lten. Die einfache Antwort darauf steckt in der bereits dargestellten Tatsache, dass es <strong>kein Recht auf Heimarbeit<\/strong> gibt. Auch die Gewerkschaft Verdi macht Arbeitnehmern in seinen FAQ dazu klar, dass daran erst einmal nicht zu r\u00fctteln ist.<br \/>\nUnd zwar auch dann nicht, wenn der einzelne Mitarbeiter Angst davor hat, sich auf dem Weg ins B\u00fcro oder in den R\u00e4umlichkeiten selbst anzustecken. Wer unerlaubt und\/oder ohne R\u00fccksprache dem offiziellen Arbeitsplatz fernbleibt, riskiert eine <strong>Abmahnung<\/strong> oder gar <strong>K\u00fcndigung<\/strong>. Wir raten also dringend davon ab.<br \/>\nVielmehr sollten Arbeitnehmer das Gespr\u00e4ch suchen und an das Verst\u00e4ndnis der Arbeitgebers appellieren &#8211; und ihn vielleicht noch einmal mit der Nase auf den Beschluss der Ministerpr\u00e4sidentenkonferenz sto\u00dfen.<\/p>\n<h3>Gelten Home-Office-Regeln f\u00fcr alle Mitarbeiter?<\/h3>\n<p>Generell gilt, dass der Arbeitgeber den <strong>Gleichbehandlungsgrundsatz<\/strong> beachten muss. Er darf als nicht grundlos, willk\u00fcrlich oder gar bestrafend einzelne Angestellte von einer etwaigen Home-Office-Regelung ausnehmen. Das kann er nur, wenn das entsprechende Stellenprofil eine <strong>Arbeit im Home Office nicht m\u00f6glich<\/strong> macht.\u00a0Das einfachste Beispiel: die Putzfrau.<br \/>\nEtwas weniger trivial verh\u00e4lt es sich, wenn <strong>Datenschutz- oder Sicherheitsaspekte<\/strong> eine Rolle spielen. Es ist daher beispielsweise zul\u00e4ssig, den Buchhalter oder Controller, der mit sensiblen Banking-Daten hantiert, im B\u00fcro zu behalten, wo die Verbindungen und das Netzwerk entsprechend gesichert sind, w\u00e4hrend der Marketing-Mitarbeiter seine Kampagnen auch problemlos von zuhause aus planen kann.<\/p>\n<div id=\"attachment_11917\" style=\"width: 310px\" class=\"wp-caption alignright\"><img loading=\"lazy\" decoding=\"async\" aria-describedby=\"caption-attachment-11917\" class=\"size-medium wp-image-11917\" src=\"https:\/\/it-service.network\/blog\/wp-content\/uploads\/2020\/03\/sicheres-arbeiten-im-homeoffice-300x199.jpg\" alt=\"sicheres arbeiten im homeoffice\" width=\"300\" height=\"199\" srcset=\"https:\/\/it-service.network\/blog\/wp-content\/uploads\/2020\/03\/sicheres-arbeiten-im-homeoffice-300x199.jpg 300w, https:\/\/it-service.network\/blog\/wp-content\/uploads\/2020\/03\/sicheres-arbeiten-im-homeoffice-1024x680.jpg 1024w, https:\/\/it-service.network\/blog\/wp-content\/uploads\/2020\/03\/sicheres-arbeiten-im-homeoffice-768x510.jpg 768w, https:\/\/it-service.network\/blog\/wp-content\/uploads\/2020\/03\/sicheres-arbeiten-im-homeoffice.jpg 1078w\" sizes=\"auto, (max-width: 300px) 100vw, 300px\" \/><p id=\"caption-attachment-11917\" class=\"wp-caption-text\">Sicheres Arbeiten im Home Office hat Priorit\u00e4t.<br \/>Bild: Pixabay\/Pexels<\/p><\/div>\n<h3>Kann Home Office angewiesen werden?<\/h3>\n<p>Nicht nur Angestellte fragen sich h\u00e4ufig, ob der Arbeitgeber das Home Office einfach so anweisen und darauf bestehen kann. Auch viele Unternehmer sind sich nicht sicher, ob eine entsprechende Rechtsgrundlage vorliegt. Diese Frage ist jedoch nicht ganz eindeutig zu beantworten. Generell kann der Arbeitgeber das <strong>Home Office nicht pauschal anordnen<\/strong>. Dazu gen\u00fcgt oft auch schon ein Blick in den Arbeitsvertrag, bei denen der Erf\u00fcllungsort der T\u00e4tigkeit meist eindeutig definiert ist.<br \/>\nAber: Ausnahmen best\u00e4tigen auch hier die Home-Office-Regeln. Verhindern beispielsweise Ausgangssperren oder die aktuelle Pandemie-Lage am Arbeitsort eine sichere Aus\u00fcbung der T\u00e4tigkeit, kann Home Office angeordnet werden. Denn: Der Arbeitgeber hat seinen Angestellten gegen\u00fcber auch eine <strong>F\u00fcrsorgepflicht<\/strong>, der er nachkommen muss. Daf\u00fcr m\u00fcssen aber nat\u00fcrlich die entsprechenden Voraussetzungen f\u00fcr das heimische Arbeiten gegeben sein. Im Zweifel hat hier auch noch der Betriebsrat ein W\u00f6rtchen mitzureden.<\/p>\n<div id=\"attachment_10017\" style=\"width: 310px\" class=\"wp-caption alignleft\"><img loading=\"lazy\" decoding=\"async\" aria-describedby=\"caption-attachment-10017\" class=\"size-medium wp-image-10017\" src=\"https:\/\/it-service.network\/blog\/wp-content\/uploads\/2019\/12\/schatten-it-300x201.jpg\" alt=\"schatten-it\" width=\"300\" height=\"201\" srcset=\"https:\/\/it-service.network\/blog\/wp-content\/uploads\/2019\/12\/schatten-it-300x201.jpg 300w, https:\/\/it-service.network\/blog\/wp-content\/uploads\/2019\/12\/schatten-it-1024x686.jpg 1024w, https:\/\/it-service.network\/blog\/wp-content\/uploads\/2019\/12\/schatten-it-768x514.jpg 768w, https:\/\/it-service.network\/blog\/wp-content\/uploads\/2019\/12\/schatten-it.jpg 1060w\" sizes=\"auto, (max-width: 300px) 100vw, 300px\" \/><p id=\"caption-attachment-10017\" class=\"wp-caption-text\">Schatten-IT kann zu einem hohen Risiko werden. Bild: Pixabay\/Free-Photos<\/p><\/div>\n<h3>Welche Home-Office-Regeln gelten f\u00fcr die Hardware?<\/h3>\n<p>Gerade zu Beginn der Pandemie frohlockten die Notebook-Hersteller. Viele Mitarbeiter mussten von heute auf morgen mit Laptops und Co. ausgestattet werden und in diesem Zusammenhang kam so mancherorts die Frage auf, ob nicht einfach die<strong> privaten Ger\u00e4te<\/strong> f\u00fcr die Heimarbeit genutzt werden k\u00f6nnten.<br \/>\nHier ist die Rechtlage endlich einmal klar. Kein Mitarbeiter kann dazu verpflichtet werden, seine privaten Ger\u00e4te f\u00fcr die Arbeit zu nutzen. Daran ist nichts zu r\u00fctteln: Der Arbeitgeber muss die ben\u00f6tigte Arbeitsausstattung zur Verf\u00fcgung stellen.<br \/>\nUnd das sollte eigentlich ohnehin in seinem eigenen Interesse liegen \u2013 allein aufgrund der Sicherheit und um <strong><a href=\"https:\/\/it-service.network\/blog\/2020\/02\/12\/schatten-it\/\">Schatten-IT<\/a><\/strong> zu vermeiden. Eine skalierbare und gute L\u00f6sung f\u00fcr Unternehmen k\u00f6nnen hier <strong>Hardware-Miet-Modelle<\/strong> sein.<\/p>\n<h3>Wer zahlt f\u00fcr Internet und Strom im Home Office?<\/h3>\n<p>Je l\u00e4nger die Pandemie andauert, desto h\u00e4ufiger kommt diese Frage auf. Grunds\u00e4tzlich hat der Arbeitgeber die Arbeitsmaterialien zu stellen beziehungsweise zu bezahlen. Das gilt beispielsweise f\u00fcr Ordner, Druckerpapier oder eben auch Strom. Das Internet hingegen ist davon ausgenommen, da die Kosten einer Flatrate so oder so anfallen und nicht dadurch steigen, dass von zuhause aus gearbeitet wird.<br \/>\nDie Empfehlung von Verb\u00e4nden und Rechtsexperten lautet hier aber, das Home Office einfach bei der n\u00e4chsten <strong>Steuererkl\u00e4rung<\/strong> anzugeben. Anteilige Mietkosten k\u00f6nnen hier genauso gut geltend gemacht werden wie die gestiegenen Ausgaben f\u00fcr den Strom. Insgesamt sind bis zu 1.250 Euro m\u00f6glich.<\/p>\n<div id=\"attachment_6375\" style=\"width: 310px\" class=\"wp-caption alignright\"><img loading=\"lazy\" decoding=\"async\" aria-describedby=\"caption-attachment-6375\" class=\"size-medium wp-image-6375\" src=\"https:\/\/it-service.network\/blog\/wp-content\/uploads\/2019\/05\/arbeitszeiterfassung-300x200.jpg\" alt=\"arbeitszeiterfassung\" width=\"300\" height=\"200\" srcset=\"https:\/\/it-service.network\/blog\/wp-content\/uploads\/2019\/05\/arbeitszeiterfassung-300x200.jpg 300w, https:\/\/it-service.network\/blog\/wp-content\/uploads\/2019\/05\/arbeitszeiterfassung-768x512.jpg 768w, https:\/\/it-service.network\/blog\/wp-content\/uploads\/2019\/05\/arbeitszeiterfassung-1024x682.jpg 1024w, https:\/\/it-service.network\/blog\/wp-content\/uploads\/2019\/05\/arbeitszeiterfassung.jpg 1280w\" sizes=\"auto, (max-width: 300px) 100vw, 300px\" \/><p id=\"caption-attachment-6375\" class=\"wp-caption-text\">Die l\u00fcckenlose Erfassung der Arbeitszeit gelingt mit digitalen Tools. Bild: Pixabay\/geralt<\/p><\/div>\n<h3>Welche Arbeitszeiten gelten im Home Office?<\/h3>\n<p>Die gleichen wie sonst auch, so einfach ist das. Mitarbeiter d\u00fcrfen nicht einfach dann arbeiten, wann sie wollen, sondern haben sich an die <strong>regul\u00e4ren Betriebszeiten<\/strong> zu halten. Sollte der Aus\u00fcbung der T\u00e4tigkeit im gewohnten Zeitrahmen etwas im Wege stehen (beispielsweise geschlossene Kinderg\u00e4rten), muss der Angestellte das Gespr\u00e4ch mit seinen Vorgesetzten suchen. In derartigen Ausnahmesituationen findet man gemeinsam bestimmt eine gute L\u00f6sung f\u00fcr beide Parteien.<br \/>\nGrunds\u00e4tzlich kann der Arbeitgeber aber fordern, \u00fcber Arbeitsbeginn, Pausen und Arbeitsende informiert zu werden. Am einfachsten geht das durch <a href=\"https:\/\/it-service.network\/blog\/2019\/05\/21\/arbeitszeiterfassung-software-apps\/\"><strong>digitale Zeiterfassungssysteme<\/strong><\/a> oder <a href=\"https:\/\/it-service.network\/blog\/2020\/07\/01\/kollaborationstools-vorteile-nachteile\/\">Kollaborationstools<\/a> wie Microsoft Teams.<br \/>\nF\u00fcr Arbeitgeber und Arbeitnehmer gleicherma\u00dfen gut zu wissen: Eine pers\u00f6nliche Vor-Ort-Kontrolle durch den Arbeitgeber ist auf jeden Fall ausgeschlossen. Hier gilt die <strong>Unverletzlichkeit der Wohnung<\/strong>, die im Grundrecht gesch\u00fctzt ist.<\/p>\n<h3>IT-Experten unterst\u00fctzen im Home Office<\/h3>\n<p>Gut m\u00f6glich, dass Sie in Ihrem Unternehmen bis jetzt den <strong>Wechsel ins Home Office<\/strong> noch vermieden haben. Sp\u00e4testens mit dem Beschluss der Ministerpr\u00e4sidentenkonferenz sollten Sie nun aber definitiv dar\u00fcber nachdenken, die Heimarbeit auch f\u00fcr Ihre Mitarbeiter m\u00f6glich zu machen. Stellen Sie sich einmal vor, Ihr Unternehmen wird <strong>dank Gro\u00dfraumb\u00fcro und Pr\u00e4senzpflicht zu einem Corona-Hotspot<\/strong> \u2013 den damit ziemlich sicher einhergehenden<strong> Image-Verlust<\/strong> wollen Sie bestimmt nicht riskieren.<br \/>\nDie <a href=\"https:\/\/it-service.network\/it-dienstleister-finden?q=\">Experten aus dem IT-SERVICE.NETWORK<\/a> unterst\u00fctzen Sie gern bei einem<strong> schnellen Wechsel zum mobilen Arbeiten<\/strong>. Sie statten Ihre Mitarbeiter mit dem n\u00f6tigen Equipment aus, sowohl bez\u00fcglich der Hardware als auch Software. Eine M\u00f6glichkeit, gro\u00dfe Investitionen zu umgehen, ist zum Beispiel die <a href=\"https:\/\/it-service.network\/it-infrastruktur\/vermietung-von-arbeitsplaetzen\">Vermietung von Arbeitspl\u00e4tzen<\/a>, die Ihnen unsere IT-Partner bieten k\u00f6nnen. Neugierig darauf? Dann nehmen Sie Kontakt auf und lassen Sie sich beraten!<\/p>\n<hr \/>\n<p><small><strong> Weiterf\u00fchrende Links:<\/strong><br \/>\n<a href=\"https:\/\/www.bundesregierung.de\/resource\/blob\/997532\/1840868\/1c68fcd2008b53cf12691162bf20626f\/2021-01-19-mpk-data.pdf?download=1\" target=\"_blank\" rel=\"noopener\">Beschluss Ministerpr\u00e4sidentenkonferenz<\/a>, <a href=\"https:\/\/www.tagesspiegel.de\/politik\/hubertus-heil-legt-gesetzentwurf-vor-ein-recht-auf-zwei-tage-homeoffice-im-monat-ist-laecherlich\/26242908.html\" target=\"_blank\" rel=\"noopener\">Tagesspiegel<\/a>, <a href=\"https:\/\/www.tagesschau.de\/inland\/homeoffice-heil-101.html\" target=\"_blank\" rel=\"noopener\">Tagesschau<\/a>, <a href=\"https:\/\/www.verdi.de\/themen\/recht-datenschutz\/++co++37f4d360-58b0-11ea-8408-525400b665de\" target=\"_blank\" rel=\"noopener\">Verdi<\/a>, <a href=\"https:\/\/www.betriebsrat.com\/gleichbehandlungsgrundsatz\" target=\"_blank\" rel=\"noopener\">Betriebsrat<\/a>, <a href=\"https:\/\/verdi-bub.de\/wissen\/praxistipps\/fuersorgepflicht-im-arbeitsverhaeltnis#:~:text=Der%20Arbeitgeber%20ist%20verpflichtet%2C%20R%C3%A4ume,Natur%20des%20Betriebs%20und%20der\" target=\"_blank\" rel=\"noopener\">Verdi<\/a>, <a href=\"https:\/\/www.zdf.de\/nachrichten\/wirtschaft\/coronavirus-steuererklaerung-homeoffice-100.html#:~:text=Das%20ist%20dadurch%20gegeben%2C%20dass,Kosten%20f%C3%BCr%20dieses%20Arbeitszimmer%20absetzen.\" target=\"_blank\" rel=\"noopener\">ZDF<\/a><\/small><\/p>\n","protected":false},"excerpt":{"rendered":"<p>Welche Home-Office-Regeln gelten f\u00fcr Arbeitnehmer und Arbeitgeber? Eine Frage, die sich beide Parteien gleicherma\u00dfen immer wieder stellen. Und in Anbetracht des Infektionsgeschehens sowie dem Appell der Bundesregierung, Mitarbeiter von zuhause aus arbeiten zu lassen, sorgt die Unklarheit f\u00fcr Z\u00fcndstoff. Wir kl\u00e4ren auf, welche Home-Office-Regeln gelten \u2013 und welche nicht.<\/p>\n","protected":false},"author":14,"featured_media":15081,"comment_status":"open","ping_status":"open","sticky":false,"template":"","format":"standard","meta":{"footnotes":""},"categories":[408],"tags":[954,526],"class_list":["post-15072","post","type-post","status-publish","format-standard","has-post-thumbnail","hentry","category-arbeitswelt-trends","tag-coronavirus","tag-home-office"],"yoast_head":"<!-- This site is optimized with the Yoast SEO plugin v26.5 - https:\/\/yoast.com\/wordpress\/plugins\/seo\/ -->\n<title>Home-Office-Regeln \u2013 Rechte und Pflichten f\u00fcr Mitarbeiter &amp; Unternehmen<\/title>\n<meta name=\"description\" content=\"Welche Home-Office-Regeln gelten eigentlich f\u00fcr Arbeitnehmer und Arbeitgeber? Wir geben Antworten auf die wichtigsten Fragen.\" \/>\n<meta name=\"robots\" content=\"index, follow, max-snippet:-1, max-image-preview:large, max-video-preview:-1\" \/>\n<link rel=\"canonical\" href=\"https:\/\/it-service.network\/blog\/2021\/01\/22\/home-office-regeln\/\" \/>\n<meta property=\"og:locale\" content=\"de_DE\" \/>\n<meta property=\"og:type\" content=\"article\" \/>\n<meta property=\"og:title\" content=\"Home-Office-Regeln \u2013 Rechte und Pflichten f\u00fcr Mitarbeiter &amp; Unternehmen\" \/>\n<meta property=\"og:description\" content=\"Welche Home-Office-Regeln gelten eigentlich f\u00fcr Arbeitnehmer und Arbeitgeber? Wir geben Antworten auf die wichtigsten Fragen.\" \/>\n<meta property=\"og:url\" content=\"https:\/\/it-service.network\/blog\/2021\/01\/22\/home-office-regeln\/\" \/>\n<meta property=\"og:site_name\" content=\"IT-SERVICE.NETWORK Blog\" \/>\n<meta property=\"article:publisher\" content=\"https:\/\/www.facebook.com\/itservicenetwork\/\" \/>\n<meta property=\"article:published_time\" content=\"2021-01-22T06:50:23+00:00\" \/>\n<meta property=\"article:modified_time\" content=\"2026-02-02T07:48:59+00:00\" \/>\n<meta property=\"og:image\" content=\"https:\/\/it-service.network\/blog\/wp-content\/uploads\/2020\/11\/home-office-regeln.jpg\" \/>\n\t<meta property=\"og:image:width\" content=\"944\" \/>\n\t<meta property=\"og:image:height\" content=\"626\" \/>\n\t<meta property=\"og:image:type\" content=\"image\/jpeg\" \/>\n<meta name=\"author\" content=\"Lena Klaus\" \/>\n<meta name=\"twitter:card\" content=\"summary_large_image\" \/>\n<meta name=\"twitter:creator\" content=\"@ITSERVICNETWORK\" \/>\n<meta name=\"twitter:site\" content=\"@ITSERVICNETWORK\" \/>\n<meta name=\"twitter:label1\" content=\"Verfasst von\" \/>\n\t<meta name=\"twitter:data1\" content=\"Lena Klaus\" \/>\n\t<meta name=\"twitter:label2\" content=\"Gesch\u00e4tzte Lesezeit\" \/>\n\t<meta name=\"twitter:data2\" content=\"9\u00a0Minuten\" \/>\n<script type=\"application\/ld+json\" class=\"yoast-schema-graph\">{\"@context\":\"https:\/\/schema.org\",\"@graph\":[{\"@type\":\"WebPage\",\"@id\":\"https:\/\/it-service.network\/blog\/2021\/01\/22\/home-office-regeln\/\",\"url\":\"https:\/\/it-service.network\/blog\/2021\/01\/22\/home-office-regeln\/\",\"name\":\"Home-Office-Regeln \u2013 Rechte und Pflichten f\u00fcr Mitarbeiter & Unternehmen\",\"isPartOf\":{\"@id\":\"https:\/\/it-service.network\/blog\/#website\"},\"primaryImageOfPage\":{\"@id\":\"https:\/\/it-service.network\/blog\/2021\/01\/22\/home-office-regeln\/#primaryimage\"},\"image\":{\"@id\":\"https:\/\/it-service.network\/blog\/2021\/01\/22\/home-office-regeln\/#primaryimage\"},\"thumbnailUrl\":\"https:\/\/it-service.network\/blog\/wp-content\/uploads\/2020\/11\/home-office-regeln.jpg\",\"datePublished\":\"2021-01-22T06:50:23+00:00\",\"dateModified\":\"2026-02-02T07:48:59+00:00\",\"author\":{\"@id\":\"https:\/\/it-service.network\/blog\/#\/schema\/person\/9cffbe4f537d5e70bde59b560ce9aac6\"},\"description\":\"Welche Home-Office-Regeln gelten eigentlich f\u00fcr Arbeitnehmer und Arbeitgeber? Wir geben Antworten auf die wichtigsten Fragen.\",\"breadcrumb\":{\"@id\":\"https:\/\/it-service.network\/blog\/2021\/01\/22\/home-office-regeln\/#breadcrumb\"},\"inLanguage\":\"de\",\"potentialAction\":[{\"@type\":\"ReadAction\",\"target\":[\"https:\/\/it-service.network\/blog\/2021\/01\/22\/home-office-regeln\/\"]}]},{\"@type\":\"ImageObject\",\"inLanguage\":\"de\",\"@id\":\"https:\/\/it-service.network\/blog\/2021\/01\/22\/home-office-regeln\/#primaryimage\",\"url\":\"https:\/\/it-service.network\/blog\/wp-content\/uploads\/2020\/11\/home-office-regeln.jpg\",\"contentUrl\":\"https:\/\/it-service.network\/blog\/wp-content\/uploads\/2020\/11\/home-office-regeln.jpg\",\"width\":944,\"height\":626,\"caption\":\"Welche Home Office Regeln gelten in Zeiten der Pandemie? Bild: Pixabay\/VinzentWeinbeer\"},{\"@type\":\"BreadcrumbList\",\"@id\":\"https:\/\/it-service.network\/blog\/2021\/01\/22\/home-office-regeln\/#breadcrumb\",\"itemListElement\":[{\"@type\":\"ListItem\",\"position\":1,\"name\":\"Startseite\",\"item\":\"https:\/\/it-service.network\/blog\/\"},{\"@type\":\"ListItem\",\"position\":2,\"name\":\"Home-Office-Regeln ## Rechte und Pflichten im Home Office\"}]},{\"@type\":\"WebSite\",\"@id\":\"https:\/\/it-service.network\/blog\/#website\",\"url\":\"https:\/\/it-service.network\/blog\/\",\"name\":\"IT-SERVICE.NETWORK Blog\",\"description\":\"Der IT-SERVICE.NETWORK Blog mit spannenden IT-News: \u2713 IT-Themen \u2713 IT-Trends \u2713 Business-Themen \u2713 IT-Dienstleistungen\",\"potentialAction\":[{\"@type\":\"SearchAction\",\"target\":{\"@type\":\"EntryPoint\",\"urlTemplate\":\"https:\/\/it-service.network\/blog\/?s={search_term_string}\"},\"query-input\":{\"@type\":\"PropertyValueSpecification\",\"valueRequired\":true,\"valueName\":\"search_term_string\"}}],\"inLanguage\":\"de\"},{\"@type\":\"Person\",\"@id\":\"https:\/\/it-service.network\/blog\/#\/schema\/person\/9cffbe4f537d5e70bde59b560ce9aac6\",\"name\":\"Lena Klaus\",\"image\":{\"@type\":\"ImageObject\",\"inLanguage\":\"de\",\"@id\":\"https:\/\/it-service.network\/blog\/#\/schema\/person\/image\/\",\"url\":\"https:\/\/it-service.network\/blog\/wp-content\/uploads\/2019\/04\/lena-klaus-96x96.jpg\",\"contentUrl\":\"https:\/\/it-service.network\/blog\/wp-content\/uploads\/2019\/04\/lena-klaus-96x96.jpg\",\"caption\":\"Lena Klaus\"},\"description\":\"Lena Klaus arbeitet seit 2018 als freie Autorin und SEO-Expertin f\u00fcr das IT-SERVICE.NETWORK. Besonders die Themen rund um den digitalen Wandel und New Work haben es ihr angetan. Dar\u00fcber hinaus ist die erfahrene Texterin immer wieder fasziniert davon, welche neue Methoden und Tricks Hackern und Cyberkriminellen einfallen. Seit 2013 kennt Lena Klaus die IT-Branche und hat sich in diesem Zusammenhang auf die Erstellung von Webtexten und Blogartikeln f\u00fcr B2C- und B2B-orientierte Content-Plattformen spezialisiert. Bis zu ihrer Elternzeit im Jahr 2017 war sie als Content Marketing- und PR-Managerin bei der SYNAXON AG, dem Mutterunternehmen des IT-SERVICE.NETWORK, fest angestellt. W\u00e4hrend dieser T\u00e4tigkeit verantwortete sie nicht nur die allgemeine Unternehmenskommunikation und Pressearbeit, sondern auch s\u00e4mtlichen Content der SYNAXON-Marke PC-SPEZIALIST. Nach ihrer Elternzeit wechselte sie hauptberuflich die Branche, blieb der SYNAXON AG und der mittlerweile fest etablierten Marke IT-SERVICE.NETWORK aber weiterhin als freie Mitarbeiterin treu. Neben ihrer Arbeit als Redakteurin f\u00fcr den IT-SERVICE.NETWORK-Blog verfasst sie auch Texte f\u00fcr das IT-SERVICE.NETWORK-Lexikon, einzelne Themenseiten, Leistungsbeschreibungen oder Profilseiten der Partner. In ihrer Freizeit bleibt der Laptop dann allerdings meist aus: Sie genie\u00dft die Zeit mit Ihrem Mann (nat\u00fcrlich auch ein ITler) und ihrer Tochter \u2013 am liebsten auf Reisen in fernen L\u00e4ndern.\",\"sameAs\":[\"https:\/\/it-service.network\/\"],\"url\":\"https:\/\/it-service.network\/blog\/author\/lena-klaus\/\"}]}<\/script>\n<!-- \/ Yoast SEO plugin. -->","yoast_head_json":{"title":"Home-Office-Regeln \u2013 Rechte und Pflichten f\u00fcr Mitarbeiter & Unternehmen","description":"Welche Home-Office-Regeln gelten eigentlich f\u00fcr Arbeitnehmer und Arbeitgeber? Wir geben Antworten auf die wichtigsten Fragen.","robots":{"index":"index","follow":"follow","max-snippet":"max-snippet:-1","max-image-preview":"max-image-preview:large","max-video-preview":"max-video-preview:-1"},"canonical":"https:\/\/it-service.network\/blog\/2021\/01\/22\/home-office-regeln\/","og_locale":"de_DE","og_type":"article","og_title":"Home-Office-Regeln \u2013 Rechte und Pflichten f\u00fcr Mitarbeiter & Unternehmen","og_description":"Welche Home-Office-Regeln gelten eigentlich f\u00fcr Arbeitnehmer und Arbeitgeber? Wir geben Antworten auf die wichtigsten Fragen.","og_url":"https:\/\/it-service.network\/blog\/2021\/01\/22\/home-office-regeln\/","og_site_name":"IT-SERVICE.NETWORK Blog","article_publisher":"https:\/\/www.facebook.com\/itservicenetwork\/","article_published_time":"2021-01-22T06:50:23+00:00","article_modified_time":"2026-02-02T07:48:59+00:00","og_image":[{"width":944,"height":626,"url":"https:\/\/it-service.network\/blog\/wp-content\/uploads\/2020\/11\/home-office-regeln.jpg","type":"image\/jpeg"}],"author":"Lena Klaus","twitter_card":"summary_large_image","twitter_creator":"@ITSERVICNETWORK","twitter_site":"@ITSERVICNETWORK","twitter_misc":{"Verfasst von":"Lena Klaus","Gesch\u00e4tzte Lesezeit":"9\u00a0Minuten"},"schema":{"@context":"https:\/\/schema.org","@graph":[{"@type":"WebPage","@id":"https:\/\/it-service.network\/blog\/2021\/01\/22\/home-office-regeln\/","url":"https:\/\/it-service.network\/blog\/2021\/01\/22\/home-office-regeln\/","name":"Home-Office-Regeln \u2013 Rechte und Pflichten f\u00fcr Mitarbeiter & Unternehmen","isPartOf":{"@id":"https:\/\/it-service.network\/blog\/#website"},"primaryImageOfPage":{"@id":"https:\/\/it-service.network\/blog\/2021\/01\/22\/home-office-regeln\/#primaryimage"},"image":{"@id":"https:\/\/it-service.network\/blog\/2021\/01\/22\/home-office-regeln\/#primaryimage"},"thumbnailUrl":"https:\/\/it-service.network\/blog\/wp-content\/uploads\/2020\/11\/home-office-regeln.jpg","datePublished":"2021-01-22T06:50:23+00:00","dateModified":"2026-02-02T07:48:59+00:00","author":{"@id":"https:\/\/it-service.network\/blog\/#\/schema\/person\/9cffbe4f537d5e70bde59b560ce9aac6"},"description":"Welche Home-Office-Regeln gelten eigentlich f\u00fcr Arbeitnehmer und Arbeitgeber? Wir geben Antworten auf die wichtigsten Fragen.","breadcrumb":{"@id":"https:\/\/it-service.network\/blog\/2021\/01\/22\/home-office-regeln\/#breadcrumb"},"inLanguage":"de","potentialAction":[{"@type":"ReadAction","target":["https:\/\/it-service.network\/blog\/2021\/01\/22\/home-office-regeln\/"]}]},{"@type":"ImageObject","inLanguage":"de","@id":"https:\/\/it-service.network\/blog\/2021\/01\/22\/home-office-regeln\/#primaryimage","url":"https:\/\/it-service.network\/blog\/wp-content\/uploads\/2020\/11\/home-office-regeln.jpg","contentUrl":"https:\/\/it-service.network\/blog\/wp-content\/uploads\/2020\/11\/home-office-regeln.jpg","width":944,"height":626,"caption":"Welche Home Office Regeln gelten in Zeiten der Pandemie? Bild: Pixabay\/VinzentWeinbeer"},{"@type":"BreadcrumbList","@id":"https:\/\/it-service.network\/blog\/2021\/01\/22\/home-office-regeln\/#breadcrumb","itemListElement":[{"@type":"ListItem","position":1,"name":"Startseite","item":"https:\/\/it-service.network\/blog\/"},{"@type":"ListItem","position":2,"name":"Home-Office-Regeln ## Rechte und Pflichten im Home Office"}]},{"@type":"WebSite","@id":"https:\/\/it-service.network\/blog\/#website","url":"https:\/\/it-service.network\/blog\/","name":"IT-SERVICE.NETWORK Blog","description":"Der IT-SERVICE.NETWORK Blog mit spannenden IT-News: \u2713 IT-Themen \u2713 IT-Trends \u2713 Business-Themen \u2713 IT-Dienstleistungen","potentialAction":[{"@type":"SearchAction","target":{"@type":"EntryPoint","urlTemplate":"https:\/\/it-service.network\/blog\/?s={search_term_string}"},"query-input":{"@type":"PropertyValueSpecification","valueRequired":true,"valueName":"search_term_string"}}],"inLanguage":"de"},{"@type":"Person","@id":"https:\/\/it-service.network\/blog\/#\/schema\/person\/9cffbe4f537d5e70bde59b560ce9aac6","name":"Lena Klaus","image":{"@type":"ImageObject","inLanguage":"de","@id":"https:\/\/it-service.network\/blog\/#\/schema\/person\/image\/","url":"https:\/\/it-service.network\/blog\/wp-content\/uploads\/2019\/04\/lena-klaus-96x96.jpg","contentUrl":"https:\/\/it-service.network\/blog\/wp-content\/uploads\/2019\/04\/lena-klaus-96x96.jpg","caption":"Lena Klaus"},"description":"Lena Klaus arbeitet seit 2018 als freie Autorin und SEO-Expertin f\u00fcr das IT-SERVICE.NETWORK. Besonders die Themen rund um den digitalen Wandel und New Work haben es ihr angetan. Dar\u00fcber hinaus ist die erfahrene Texterin immer wieder fasziniert davon, welche neue Methoden und Tricks Hackern und Cyberkriminellen einfallen. Seit 2013 kennt Lena Klaus die IT-Branche und hat sich in diesem Zusammenhang auf die Erstellung von Webtexten und Blogartikeln f\u00fcr B2C- und B2B-orientierte Content-Plattformen spezialisiert. Bis zu ihrer Elternzeit im Jahr 2017 war sie als Content Marketing- und PR-Managerin bei der SYNAXON AG, dem Mutterunternehmen des IT-SERVICE.NETWORK, fest angestellt. W\u00e4hrend dieser T\u00e4tigkeit verantwortete sie nicht nur die allgemeine Unternehmenskommunikation und Pressearbeit, sondern auch s\u00e4mtlichen Content der SYNAXON-Marke PC-SPEZIALIST. Nach ihrer Elternzeit wechselte sie hauptberuflich die Branche, blieb der SYNAXON AG und der mittlerweile fest etablierten Marke IT-SERVICE.NETWORK aber weiterhin als freie Mitarbeiterin treu. Neben ihrer Arbeit als Redakteurin f\u00fcr den IT-SERVICE.NETWORK-Blog verfasst sie auch Texte f\u00fcr das IT-SERVICE.NETWORK-Lexikon, einzelne Themenseiten, Leistungsbeschreibungen oder Profilseiten der Partner. In ihrer Freizeit bleibt der Laptop dann allerdings meist aus: Sie genie\u00dft die Zeit mit Ihrem Mann (nat\u00fcrlich auch ein ITler) und ihrer Tochter \u2013 am liebsten auf Reisen in fernen L\u00e4ndern.","sameAs":["https:\/\/it-service.network\/"],"url":"https:\/\/it-service.network\/blog\/author\/lena-klaus\/"}]}},"_links":{"self":[{"href":"https:\/\/it-service.network\/blog\/wp-json\/wp\/v2\/posts\/15072","targetHints":{"allow":["GET"]}}],"collection":[{"href":"https:\/\/it-service.network\/blog\/wp-json\/wp\/v2\/posts"}],"about":[{"href":"https:\/\/it-service.network\/blog\/wp-json\/wp\/v2\/types\/post"}],"author":[{"embeddable":true,"href":"https:\/\/it-service.network\/blog\/wp-json\/wp\/v2\/users\/14"}],"replies":[{"embeddable":true,"href":"https:\/\/it-service.network\/blog\/wp-json\/wp\/v2\/comments?post=15072"}],"version-history":[{"count":1,"href":"https:\/\/it-service.network\/blog\/wp-json\/wp\/v2\/posts\/15072\/revisions"}],"predecessor-version":[{"id":30069,"href":"https:\/\/it-service.network\/blog\/wp-json\/wp\/v2\/posts\/15072\/revisions\/30069"}],"wp:featuredmedia":[{"embeddable":true,"href":"https:\/\/it-service.network\/blog\/wp-json\/wp\/v2\/media\/15081"}],"wp:attachment":[{"href":"https:\/\/it-service.network\/blog\/wp-json\/wp\/v2\/media?parent=15072"}],"wp:term":[{"taxonomy":"category","embeddable":true,"href":"https:\/\/it-service.network\/blog\/wp-json\/wp\/v2\/categories?post=15072"},{"taxonomy":"post_tag","embeddable":true,"href":"https:\/\/it-service.network\/blog\/wp-json\/wp\/v2\/tags?post=15072"}],"curies":[{"name":"wp","href":"https:\/\/api.w.org\/{rel}","templated":true}]}}