{"id":15275,"date":"2021-07-09T07:00:51","date_gmt":"2021-07-09T05:00:51","guid":{"rendered":"https:\/\/it-service.network\/blog\/?p=15275"},"modified":"2021-07-09T07:00:51","modified_gmt":"2021-07-09T05:00:51","slug":"internet-der-sinne","status":"publish","type":"post","link":"https:\/\/it-service.network\/blog\/2021\/07\/09\/internet-der-sinne\/","title":{"rendered":"Internet der Sinne ## Sind digitale Sinneserfahrungen unsere Zukunft?"},"content":{"rendered":"<p><strong>Das Internet der Sinne hat das Potential, unsere Gesellschaft im Allgemeinen und die Arbeitswelt im Besonderen nachhaltig zu ver\u00e4ndern. Experten rechnen damit f\u00fcr das Jahr 2030. Dann sollen digitale Sinneserfahrungen unter anderem eine neue Dienstleistungswirtschaft aus der Taufe heben.<\/strong><br \/>\nWas aber steckt \u00fcberhaupt hinter dem Begriff? Antworten auf diese und weitere Fragen jetzt bei uns.<br \/>\n<!--more--><\/p>\n<div style=\"background: #f2f2f2; padding: 15px 15px 5px; margin: 30px 0;\">\n<strong>Dieser Beitrag im \u00dcberblick:<\/strong><\/p>\n<ol style=\"line-height: 1.7;\">\n<li><a href=\"#\">Das Internet der Sinne \u2013 die Zukunft ist bald<\/a><\/li>\n<li><a href=\"#\">Digitale Sinneserfahrungen \u2013 was ist das?<\/a>\n<ul>\n<li><a href=\"#\">Vom digitalen Arbeitsplatz bis zur virtuellen Shopping-Tour<\/a><\/li>\n<\/ul>\n<\/li>\n<li><a href=\"#\">Mit dem Internet der Sinne zum entmaterialisierten B\u00fcro<\/a><\/li>\n<\/ol>\n<\/div>\n<div id=\"attachment_16873\" style=\"width: 310px\" class=\"wp-caption alignright\"><img loading=\"lazy\" decoding=\"async\" aria-describedby=\"caption-attachment-16873\" class=\"size-medium wp-image-16873\" src=\"https:\/\/it-service.network\/blog\/wp-content\/uploads\/2021\/07\/Internet-der-Sinne-300x208.jpg\" alt=\"Ein Mann tr\u00e4gt eine futuristische Virtual-Reality-Brille. Dar\u00fcber soll auch das Internet der Sinne Realit\u00e4t werden. Bild: Unsplash\/My name is Yanick\" width=\"300\" height=\"208\" srcset=\"https:\/\/it-service.network\/blog\/wp-content\/uploads\/2021\/07\/Internet-der-Sinne-300x208.jpg 300w, https:\/\/it-service.network\/blog\/wp-content\/uploads\/2021\/07\/Internet-der-Sinne.jpg 650w\" sizes=\"auto, (max-width: 300px) 100vw, 300px\" \/><p id=\"caption-attachment-16873\" class=\"wp-caption-text\">Das Internet der Sinne steht in den Startl\u00f6chern. Bild: Unsplash\/My name is Yanick<\/p><\/div>\n<h2>Das Internet der Sinne \u2013 die Zukunft ist bald<\/h2>\n<p>Den Begriff \u201eInternet der Dinge\u201c, kurz <a href=\"https:\/\/it-service.network\/it-lexikon\/iot\" target=\"_blank\" rel=\"noopener noreferrer\"><strong>IoT<\/strong><\/a> (f\u00fcr \u201eInternet of Things\u201c), d\u00fcrfte mittlerweile so ziemlich jeder kennen. Hierbei geht es vornehmlich um smarte Sprachassistenten, per App steuerbare Haustechnik und Waschmaschinen, die sich aus dem B\u00fcro heraus starten lassen. In Zeiten des Technologie-Wettr\u00fcstens beinahe schon ein alter Hut, obwohl noch l\u00e4ngst nicht der Gro\u00dfteil der Verbraucher auf IoT setzt und es auch immer wieder <a href=\"https:\/\/it-service.network\/blog\/2018\/11\/04\/das-internet-der-dinge-sicherheit\/\" target=\"_blank\" rel=\"noopener noreferrer\">Diskussionen um die Sicherheitsrisiken<\/a> derartiger Ger\u00e4te gibt.<br \/>\nDas <strong>Internet der Sinne<\/strong> oder auch \u201eInternet of Senses\u201c (IoS) f\u00e4hrt einen ganz anderen Ansatz, sodass eine Verwechselung eigentlich ausgeschlossen ist. Kurz und knapp: Beim Internet der Sinne geht es \u2013 wenig \u00fcberraschend \u2013 um das <strong>Sehen<\/strong>, <strong>H\u00f6ren<\/strong>, <strong>Riechen<\/strong>, <strong>Schmecken<\/strong> und <strong>F\u00fchlen<\/strong> von Produkten und Umgebungen. Aber nat\u00fcrlich nicht wirklich, sondern digital. Aber wie genau soll das Funktionieren?<\/p>\n<h2>Digitale Sinneserfahrungen \u2013 was ist das?<\/h2>\n<p>Stellen Sie sich vor, Sie k\u00f6nnten einmal Porsche fahren, ohne dabei das Haus zu verlassen. Oder Sie liegen bequem auf dem Sofa, w\u00e4hrend Sie durch Ihre Lieblingsboutique st\u00f6bern. Oder Sie nehmen an Meetings teil, bei denen Ihr Gegen\u00fcber nicht in 2D auf dem Monitor zu sehen ist, sondern als t\u00e4uschend echtes Hologramm. Und wenn der Kollege gerade extrem w\u00fctend oder genervt ist, bekommen Sie das auch mit, wenn es um die ureigene Empathie nicht gut bestellt ist.<br \/>\nWas ein bisschen nach Science Fiction klingt, ist nur noch einen Katzensprung davon entfernt, Einzug in unser t\u00e4gliches Leben zu halten. Die besten Technologie-Konzerne und Forscher der Welt t\u00fcfteln mit Hochdruck daran, uns allen digitale Sinneserfahrungen zu erm\u00f6glichen. Und zwar auf einem Niveau, bei dem<strong> die Grenze zur Realit\u00e4t verschwimmt<\/strong>. Dabei k\u00f6nnten Virtual-Reality-Brillen zum Einsatz kommen, aber auch ganz andere Technologien.<br \/>\n<div id=\"attachment_13456\" style=\"width: 310px\" class=\"wp-caption alignleft\"><img loading=\"lazy\" decoding=\"async\" aria-describedby=\"caption-attachment-13456\" class=\"size-medium wp-image-13456\" src=\"https:\/\/it-service.network\/blog\/wp-content\/uploads\/2020\/07\/chris-montgomery-smgTvepind4-unsplash-300x225.jpg\" alt=\"Zu sehen ist ein Laptop auf dem ein Videocall l\u00e4uft. Ein Headset f\u00fcr Videokonferenz hilft. Bild: Unsplash\/Chris Montgomery\" width=\"300\" height=\"225\" srcset=\"https:\/\/it-service.network\/blog\/wp-content\/uploads\/2020\/07\/chris-montgomery-smgTvepind4-unsplash-300x225.jpg 300w, https:\/\/it-service.network\/blog\/wp-content\/uploads\/2020\/07\/chris-montgomery-smgTvepind4-unsplash-1024x768.jpg 1024w, https:\/\/it-service.network\/blog\/wp-content\/uploads\/2020\/07\/chris-montgomery-smgTvepind4-unsplash-768x576.jpg 768w, https:\/\/it-service.network\/blog\/wp-content\/uploads\/2020\/07\/chris-montgomery-smgTvepind4-unsplash-1536x1152.jpg 1536w, https:\/\/it-service.network\/blog\/wp-content\/uploads\/2020\/07\/chris-montgomery-smgTvepind4-unsplash-2048x1536.jpg 2048w\" sizes=\"auto, (max-width: 300px) 100vw, 300px\" \/><p id=\"caption-attachment-13456\" class=\"wp-caption-text\">Videokonferenzen k\u00f6nnten k\u00fcnftig von Hologrammen abgel\u00f6st werden. Bild: Unsplash\/Chris Montgomery<\/p><\/div><\/p>\n<h3>Vom digitalen Arbeitsplatz bis zur virtuellen Shopping-Tour<\/h3>\n<p>Die M\u00f6glichkeiten des Internets der Sinne sind so vielf\u00e4ltig wie facettenreich. Sie k\u00f6nnen unser Arbeitsleben ebenso umkrempeln wie unsere w\u00f6chentliche Einkaufsroutine. Mit Hilfe modernster Technologien verwandelt sich das menschliche Gehirn in eine Benutzeroberfl\u00e4che; entsprechende Ger\u00e4te reagieren auf Gedanken und Empfindungen. Was im ersten Moment vielleicht ein wenig unheimlich klingt, kann in Wirklichkeit ein ganz neues <strong>Interaktionsparadigma<\/strong> er\u00f6ffnen. Und das Konzept scheint viele zu begeistern. In dem Ericsson-ConsumerLab-Report gab glatt die H\u00e4lfte der Befragten an, das Internet der Sinne herbeizusehnen.<br \/>\nDer <strong>Wunsch nach einem digitalen Arbeitsplatz<\/strong>, auf den jederzeit von \u00fcberall aus zugegriffen werden kann und der alle Sinne anspricht, rangiert dabei ganz oben auf der Liste. Noch etwas mehr als die H\u00e4lfte, n\u00e4mlich 60 Prozent, sehen gro\u00dfes Potential in virtuellen Shops und Lagerh\u00e4usern. Dabei sollen sowohl K\u00e4ufer als auch Verk\u00e4ufer profitieren, einmal ganz zu schweigen von der Umwelt. Sowieso spielt das Thema <strong>Nachhaltigkeit<\/strong> eine gro\u00dfe Rolle bei allen M\u00f6glichkeiten, die das IoS er\u00f6ffnen k\u00f6nnte.<\/p>\n<h2>Mit dem Internet der Sinne zum entmaterialisierten B\u00fcro<\/h2>\n<p>Experten und Forscher glauben, dass das Internet der Sinne k\u00fcnftig vor allem die Bereiche Marketing und Verkauf revolutioniert, aber auch im B\u00fcroalltag k\u00f6nnte es zu massiven Ver\u00e4nderungen kommen. Schon jetzt hat die <a href=\"https:\/\/it-service.network\/blog\/?s=corona\"><strong>Corona-Krise<\/strong><\/a> gezeigt, dass es nicht unbedingt gro\u00dfe B\u00fcrofl\u00e4chen braucht, damit alle Mitarbeiter ihren Job machen k\u00f6nnen.<br \/>\nWas aktuell aber noch schmerzt, sind die <a href=\"https:\/\/it-service.network\/blog\/2020\/07\/10\/headset-fuer-videokonferenz\/\" target=\"_blank\" rel=\"noopener noreferrer\">Probleme durch technische M\u00e4ngel<\/a>, die Video-Konferenzen und Co. nicht selten zum Frusterlebnis machen. Das Internet der Sinne er\u00f6ffnet hier ganz neue Perspektiven. Aber bis es wirklich soweit ist und selbst das gemeinsame Mittagessen in der Kantine auf Basis unserer Empfindungen digital erlebbar wird, liegt noch einige Arbeit vor den Daniel D\u00fcsentriebs dieser Welt. Besonders die Themen <strong>Sicherheit<\/strong> und <strong>Datenschutz<\/strong> stellen die Beteiligten vor gro\u00dfe Herausforderungen. Es bleibt also spannend \u2013 und wir bleiben dran.<\/p>\n<hr \/>\n<p><small><strong> Weiterf\u00fchrende Links:<\/strong><br \/>\n<a href=\"https:\/\/www.ericsson.com\/en\/reports-and-papers\/consumerlab\/reports\/10-hot-consumer-trends-2030\" target=\"_blank\" rel=\"noopener\">Ericsson<\/a>, <a href=\"https:\/\/www.wiwo.de\/my\/technologie\/digitale-welt\/virtuelle-realitaet-willkommen-im-internet-der-sinne\/13444656.html?ticket=ST-4052942-WqWdL1FshT6gOKt3YqyB-ap5\" target=\"_blank\" rel=\"noopener\">WirtschaftsWoche<\/a>, <a href=\"https:\/\/www.ip-insider.de\/der-digitale-arbeitsplatz-im-internet-der-sinne-a-976189\/\" target=\"_blank\" rel=\"noopener\">IP INSIDER<\/a><\/small><\/p>\n","protected":false},"excerpt":{"rendered":"<p>Das Internet der Sinne hat das Potential, unsere Gesellschaft im Allgemeinen und die Arbeitswelt im Besonderen nachhaltig zu ver\u00e4ndern. Experten rechnen damit f\u00fcr das Jahr 2030. Dann sollen digitale Sinneserfahrungen unter anderem eine neue Dienstleistungswirtschaft aus der Taufe heben. Was aber steckt \u00fcberhaupt hinter dem Begriff? Antworten auf diese und weitere Fragen jetzt bei uns.<\/p>\n","protected":false},"author":14,"featured_media":16873,"comment_status":"open","ping_status":"open","sticky":false,"template":"","format":"standard","meta":{"footnotes":""},"categories":[408],"tags":[45,526,448,426],"class_list":["post-15275","post","type-post","status-publish","format-standard","has-post-thumbnail","hentry","category-arbeitswelt-trends","tag-digitaler-wandel","tag-home-office","tag-internet-of-things","tag-kuenstliche-intelligenz"],"yoast_head":"<!-- This site is optimized with the Yoast SEO plugin v26.5 - https:\/\/yoast.com\/wordpress\/plugins\/seo\/ -->\n<title>Internet der Sinne \u2013 virtuelle Realit\u00e4t f\u00fcr alle Sinne<\/title>\n<meta name=\"description\" content=\"Das Internet der Sinne hat das Potential, unsere Gesellschaft im Allgemeinen und die Arbeitswelt im Besonderen nachhaltig zu ver\u00e4ndern.\" \/>\n<meta name=\"robots\" content=\"index, follow, max-snippet:-1, max-image-preview:large, max-video-preview:-1\" \/>\n<link rel=\"canonical\" href=\"https:\/\/it-service.network\/blog\/2021\/07\/09\/internet-der-sinne\/\" \/>\n<meta property=\"og:locale\" content=\"de_DE\" \/>\n<meta property=\"og:type\" content=\"article\" \/>\n<meta property=\"og:title\" content=\"Internet der Sinne \u2013 virtuelle Realit\u00e4t f\u00fcr alle Sinne\" \/>\n<meta property=\"og:description\" content=\"Das Internet der Sinne hat das Potential, unsere Gesellschaft im Allgemeinen und die Arbeitswelt im Besonderen nachhaltig zu ver\u00e4ndern.\" \/>\n<meta property=\"og:url\" content=\"https:\/\/it-service.network\/blog\/2021\/07\/09\/internet-der-sinne\/\" \/>\n<meta property=\"og:site_name\" content=\"IT-SERVICE.NETWORK Blog\" \/>\n<meta property=\"article:publisher\" content=\"https:\/\/www.facebook.com\/itservicenetwork\/\" \/>\n<meta property=\"article:published_time\" content=\"2021-07-09T05:00:51+00:00\" \/>\n<meta property=\"og:image\" content=\"https:\/\/it-service.network\/blog\/wp-content\/uploads\/2021\/07\/Internet-der-Sinne.jpg\" \/>\n\t<meta property=\"og:image:width\" content=\"650\" \/>\n\t<meta property=\"og:image:height\" content=\"450\" \/>\n\t<meta property=\"og:image:type\" content=\"image\/jpeg\" \/>\n<meta name=\"author\" content=\"Lena Klaus\" \/>\n<meta name=\"twitter:card\" content=\"summary_large_image\" \/>\n<meta name=\"twitter:creator\" content=\"@ITSERVICNETWORK\" \/>\n<meta name=\"twitter:site\" content=\"@ITSERVICNETWORK\" \/>\n<meta name=\"twitter:label1\" content=\"Verfasst von\" \/>\n\t<meta name=\"twitter:data1\" content=\"Lena Klaus\" \/>\n\t<meta name=\"twitter:label2\" content=\"Gesch\u00e4tzte Lesezeit\" \/>\n\t<meta name=\"twitter:data2\" content=\"4\u00a0Minuten\" \/>\n<script type=\"application\/ld+json\" class=\"yoast-schema-graph\">{\"@context\":\"https:\/\/schema.org\",\"@graph\":[{\"@type\":\"WebPage\",\"@id\":\"https:\/\/it-service.network\/blog\/2021\/07\/09\/internet-der-sinne\/\",\"url\":\"https:\/\/it-service.network\/blog\/2021\/07\/09\/internet-der-sinne\/\",\"name\":\"Internet der Sinne \u2013 virtuelle Realit\u00e4t f\u00fcr alle Sinne\",\"isPartOf\":{\"@id\":\"https:\/\/it-service.network\/blog\/#website\"},\"primaryImageOfPage\":{\"@id\":\"https:\/\/it-service.network\/blog\/2021\/07\/09\/internet-der-sinne\/#primaryimage\"},\"image\":{\"@id\":\"https:\/\/it-service.network\/blog\/2021\/07\/09\/internet-der-sinne\/#primaryimage\"},\"thumbnailUrl\":\"https:\/\/it-service.network\/blog\/wp-content\/uploads\/2021\/07\/Internet-der-Sinne.jpg\",\"datePublished\":\"2021-07-09T05:00:51+00:00\",\"author\":{\"@id\":\"https:\/\/it-service.network\/blog\/#\/schema\/person\/9cffbe4f537d5e70bde59b560ce9aac6\"},\"description\":\"Das Internet der Sinne hat das Potential, unsere Gesellschaft im Allgemeinen und die Arbeitswelt im Besonderen nachhaltig zu ver\u00e4ndern.\",\"breadcrumb\":{\"@id\":\"https:\/\/it-service.network\/blog\/2021\/07\/09\/internet-der-sinne\/#breadcrumb\"},\"inLanguage\":\"de\",\"potentialAction\":[{\"@type\":\"ReadAction\",\"target\":[\"https:\/\/it-service.network\/blog\/2021\/07\/09\/internet-der-sinne\/\"]}]},{\"@type\":\"ImageObject\",\"inLanguage\":\"de\",\"@id\":\"https:\/\/it-service.network\/blog\/2021\/07\/09\/internet-der-sinne\/#primaryimage\",\"url\":\"https:\/\/it-service.network\/blog\/wp-content\/uploads\/2021\/07\/Internet-der-Sinne.jpg\",\"contentUrl\":\"https:\/\/it-service.network\/blog\/wp-content\/uploads\/2021\/07\/Internet-der-Sinne.jpg\",\"width\":650,\"height\":450,\"caption\":\"Das Internet der Sinne steht in den Startl\u00f6chern. Bild: Unsplash\/My name is Yanick\"},{\"@type\":\"BreadcrumbList\",\"@id\":\"https:\/\/it-service.network\/blog\/2021\/07\/09\/internet-der-sinne\/#breadcrumb\",\"itemListElement\":[{\"@type\":\"ListItem\",\"position\":1,\"name\":\"Startseite\",\"item\":\"https:\/\/it-service.network\/blog\/\"},{\"@type\":\"ListItem\",\"position\":2,\"name\":\"Internet der Sinne ## Sind digitale Sinneserfahrungen unsere Zukunft?\"}]},{\"@type\":\"WebSite\",\"@id\":\"https:\/\/it-service.network\/blog\/#website\",\"url\":\"https:\/\/it-service.network\/blog\/\",\"name\":\"IT-SERVICE.NETWORK Blog\",\"description\":\"Der IT-SERVICE.NETWORK Blog mit spannenden IT-News: \u2713 IT-Themen \u2713 IT-Trends \u2713 Business-Themen \u2713 IT-Dienstleistungen\",\"potentialAction\":[{\"@type\":\"SearchAction\",\"target\":{\"@type\":\"EntryPoint\",\"urlTemplate\":\"https:\/\/it-service.network\/blog\/?s={search_term_string}\"},\"query-input\":{\"@type\":\"PropertyValueSpecification\",\"valueRequired\":true,\"valueName\":\"search_term_string\"}}],\"inLanguage\":\"de\"},{\"@type\":\"Person\",\"@id\":\"https:\/\/it-service.network\/blog\/#\/schema\/person\/9cffbe4f537d5e70bde59b560ce9aac6\",\"name\":\"Lena Klaus\",\"image\":{\"@type\":\"ImageObject\",\"inLanguage\":\"de\",\"@id\":\"https:\/\/it-service.network\/blog\/#\/schema\/person\/image\/\",\"url\":\"https:\/\/it-service.network\/blog\/wp-content\/uploads\/2019\/04\/lena-klaus-96x96.jpg\",\"contentUrl\":\"https:\/\/it-service.network\/blog\/wp-content\/uploads\/2019\/04\/lena-klaus-96x96.jpg\",\"caption\":\"Lena Klaus\"},\"description\":\"Lena Klaus arbeitet seit 2018 als freie Autorin und SEO-Expertin f\u00fcr das IT-SERVICE.NETWORK. Besonders die Themen rund um den digitalen Wandel und New Work haben es ihr angetan. Dar\u00fcber hinaus ist die erfahrene Texterin immer wieder fasziniert davon, welche neue Methoden und Tricks Hackern und Cyberkriminellen einfallen. Seit 2013 kennt Lena Klaus die IT-Branche und hat sich in diesem Zusammenhang auf die Erstellung von Webtexten und Blogartikeln f\u00fcr B2C- und B2B-orientierte Content-Plattformen spezialisiert. Bis zu ihrer Elternzeit im Jahr 2017 war sie als Content Marketing- und PR-Managerin bei der SYNAXON AG, dem Mutterunternehmen des IT-SERVICE.NETWORK, fest angestellt. W\u00e4hrend dieser T\u00e4tigkeit verantwortete sie nicht nur die allgemeine Unternehmenskommunikation und Pressearbeit, sondern auch s\u00e4mtlichen Content der SYNAXON-Marke PC-SPEZIALIST. Nach ihrer Elternzeit wechselte sie hauptberuflich die Branche, blieb der SYNAXON AG und der mittlerweile fest etablierten Marke IT-SERVICE.NETWORK aber weiterhin als freie Mitarbeiterin treu. Neben ihrer Arbeit als Redakteurin f\u00fcr den IT-SERVICE.NETWORK-Blog verfasst sie auch Texte f\u00fcr das IT-SERVICE.NETWORK-Lexikon, einzelne Themenseiten, Leistungsbeschreibungen oder Profilseiten der Partner. In ihrer Freizeit bleibt der Laptop dann allerdings meist aus: Sie genie\u00dft die Zeit mit Ihrem Mann (nat\u00fcrlich auch ein ITler) und ihrer Tochter \u2013 am liebsten auf Reisen in fernen L\u00e4ndern.\",\"sameAs\":[\"https:\/\/it-service.network\/\"],\"url\":\"https:\/\/it-service.network\/blog\/author\/lena-klaus\/\"}]}<\/script>\n<!-- \/ Yoast SEO plugin. -->","yoast_head_json":{"title":"Internet der Sinne \u2013 virtuelle Realit\u00e4t f\u00fcr alle Sinne","description":"Das Internet der Sinne hat das Potential, unsere Gesellschaft im Allgemeinen und die Arbeitswelt im Besonderen nachhaltig zu ver\u00e4ndern.","robots":{"index":"index","follow":"follow","max-snippet":"max-snippet:-1","max-image-preview":"max-image-preview:large","max-video-preview":"max-video-preview:-1"},"canonical":"https:\/\/it-service.network\/blog\/2021\/07\/09\/internet-der-sinne\/","og_locale":"de_DE","og_type":"article","og_title":"Internet der Sinne \u2013 virtuelle Realit\u00e4t f\u00fcr alle Sinne","og_description":"Das Internet der Sinne hat das Potential, unsere Gesellschaft im Allgemeinen und die Arbeitswelt im Besonderen nachhaltig zu ver\u00e4ndern.","og_url":"https:\/\/it-service.network\/blog\/2021\/07\/09\/internet-der-sinne\/","og_site_name":"IT-SERVICE.NETWORK Blog","article_publisher":"https:\/\/www.facebook.com\/itservicenetwork\/","article_published_time":"2021-07-09T05:00:51+00:00","og_image":[{"width":650,"height":450,"url":"https:\/\/it-service.network\/blog\/wp-content\/uploads\/2021\/07\/Internet-der-Sinne.jpg","type":"image\/jpeg"}],"author":"Lena Klaus","twitter_card":"summary_large_image","twitter_creator":"@ITSERVICNETWORK","twitter_site":"@ITSERVICNETWORK","twitter_misc":{"Verfasst von":"Lena Klaus","Gesch\u00e4tzte Lesezeit":"4\u00a0Minuten"},"schema":{"@context":"https:\/\/schema.org","@graph":[{"@type":"WebPage","@id":"https:\/\/it-service.network\/blog\/2021\/07\/09\/internet-der-sinne\/","url":"https:\/\/it-service.network\/blog\/2021\/07\/09\/internet-der-sinne\/","name":"Internet der Sinne \u2013 virtuelle Realit\u00e4t f\u00fcr alle Sinne","isPartOf":{"@id":"https:\/\/it-service.network\/blog\/#website"},"primaryImageOfPage":{"@id":"https:\/\/it-service.network\/blog\/2021\/07\/09\/internet-der-sinne\/#primaryimage"},"image":{"@id":"https:\/\/it-service.network\/blog\/2021\/07\/09\/internet-der-sinne\/#primaryimage"},"thumbnailUrl":"https:\/\/it-service.network\/blog\/wp-content\/uploads\/2021\/07\/Internet-der-Sinne.jpg","datePublished":"2021-07-09T05:00:51+00:00","author":{"@id":"https:\/\/it-service.network\/blog\/#\/schema\/person\/9cffbe4f537d5e70bde59b560ce9aac6"},"description":"Das Internet der Sinne hat das Potential, unsere Gesellschaft im Allgemeinen und die Arbeitswelt im Besonderen nachhaltig zu ver\u00e4ndern.","breadcrumb":{"@id":"https:\/\/it-service.network\/blog\/2021\/07\/09\/internet-der-sinne\/#breadcrumb"},"inLanguage":"de","potentialAction":[{"@type":"ReadAction","target":["https:\/\/it-service.network\/blog\/2021\/07\/09\/internet-der-sinne\/"]}]},{"@type":"ImageObject","inLanguage":"de","@id":"https:\/\/it-service.network\/blog\/2021\/07\/09\/internet-der-sinne\/#primaryimage","url":"https:\/\/it-service.network\/blog\/wp-content\/uploads\/2021\/07\/Internet-der-Sinne.jpg","contentUrl":"https:\/\/it-service.network\/blog\/wp-content\/uploads\/2021\/07\/Internet-der-Sinne.jpg","width":650,"height":450,"caption":"Das Internet der Sinne steht in den Startl\u00f6chern. Bild: Unsplash\/My name is Yanick"},{"@type":"BreadcrumbList","@id":"https:\/\/it-service.network\/blog\/2021\/07\/09\/internet-der-sinne\/#breadcrumb","itemListElement":[{"@type":"ListItem","position":1,"name":"Startseite","item":"https:\/\/it-service.network\/blog\/"},{"@type":"ListItem","position":2,"name":"Internet der Sinne ## Sind digitale Sinneserfahrungen unsere Zukunft?"}]},{"@type":"WebSite","@id":"https:\/\/it-service.network\/blog\/#website","url":"https:\/\/it-service.network\/blog\/","name":"IT-SERVICE.NETWORK Blog","description":"Der IT-SERVICE.NETWORK Blog mit spannenden IT-News: \u2713 IT-Themen \u2713 IT-Trends \u2713 Business-Themen \u2713 IT-Dienstleistungen","potentialAction":[{"@type":"SearchAction","target":{"@type":"EntryPoint","urlTemplate":"https:\/\/it-service.network\/blog\/?s={search_term_string}"},"query-input":{"@type":"PropertyValueSpecification","valueRequired":true,"valueName":"search_term_string"}}],"inLanguage":"de"},{"@type":"Person","@id":"https:\/\/it-service.network\/blog\/#\/schema\/person\/9cffbe4f537d5e70bde59b560ce9aac6","name":"Lena Klaus","image":{"@type":"ImageObject","inLanguage":"de","@id":"https:\/\/it-service.network\/blog\/#\/schema\/person\/image\/","url":"https:\/\/it-service.network\/blog\/wp-content\/uploads\/2019\/04\/lena-klaus-96x96.jpg","contentUrl":"https:\/\/it-service.network\/blog\/wp-content\/uploads\/2019\/04\/lena-klaus-96x96.jpg","caption":"Lena Klaus"},"description":"Lena Klaus arbeitet seit 2018 als freie Autorin und SEO-Expertin f\u00fcr das IT-SERVICE.NETWORK. Besonders die Themen rund um den digitalen Wandel und New Work haben es ihr angetan. Dar\u00fcber hinaus ist die erfahrene Texterin immer wieder fasziniert davon, welche neue Methoden und Tricks Hackern und Cyberkriminellen einfallen. Seit 2013 kennt Lena Klaus die IT-Branche und hat sich in diesem Zusammenhang auf die Erstellung von Webtexten und Blogartikeln f\u00fcr B2C- und B2B-orientierte Content-Plattformen spezialisiert. Bis zu ihrer Elternzeit im Jahr 2017 war sie als Content Marketing- und PR-Managerin bei der SYNAXON AG, dem Mutterunternehmen des IT-SERVICE.NETWORK, fest angestellt. W\u00e4hrend dieser T\u00e4tigkeit verantwortete sie nicht nur die allgemeine Unternehmenskommunikation und Pressearbeit, sondern auch s\u00e4mtlichen Content der SYNAXON-Marke PC-SPEZIALIST. Nach ihrer Elternzeit wechselte sie hauptberuflich die Branche, blieb der SYNAXON AG und der mittlerweile fest etablierten Marke IT-SERVICE.NETWORK aber weiterhin als freie Mitarbeiterin treu. Neben ihrer Arbeit als Redakteurin f\u00fcr den IT-SERVICE.NETWORK-Blog verfasst sie auch Texte f\u00fcr das IT-SERVICE.NETWORK-Lexikon, einzelne Themenseiten, Leistungsbeschreibungen oder Profilseiten der Partner. In ihrer Freizeit bleibt der Laptop dann allerdings meist aus: Sie genie\u00dft die Zeit mit Ihrem Mann (nat\u00fcrlich auch ein ITler) und ihrer Tochter \u2013 am liebsten auf Reisen in fernen L\u00e4ndern.","sameAs":["https:\/\/it-service.network\/"],"url":"https:\/\/it-service.network\/blog\/author\/lena-klaus\/"}]}},"_links":{"self":[{"href":"https:\/\/it-service.network\/blog\/wp-json\/wp\/v2\/posts\/15275","targetHints":{"allow":["GET"]}}],"collection":[{"href":"https:\/\/it-service.network\/blog\/wp-json\/wp\/v2\/posts"}],"about":[{"href":"https:\/\/it-service.network\/blog\/wp-json\/wp\/v2\/types\/post"}],"author":[{"embeddable":true,"href":"https:\/\/it-service.network\/blog\/wp-json\/wp\/v2\/users\/14"}],"replies":[{"embeddable":true,"href":"https:\/\/it-service.network\/blog\/wp-json\/wp\/v2\/comments?post=15275"}],"version-history":[{"count":0,"href":"https:\/\/it-service.network\/blog\/wp-json\/wp\/v2\/posts\/15275\/revisions"}],"wp:featuredmedia":[{"embeddable":true,"href":"https:\/\/it-service.network\/blog\/wp-json\/wp\/v2\/media\/16873"}],"wp:attachment":[{"href":"https:\/\/it-service.network\/blog\/wp-json\/wp\/v2\/media?parent=15275"}],"wp:term":[{"taxonomy":"category","embeddable":true,"href":"https:\/\/it-service.network\/blog\/wp-json\/wp\/v2\/categories?post=15275"},{"taxonomy":"post_tag","embeddable":true,"href":"https:\/\/it-service.network\/blog\/wp-json\/wp\/v2\/tags?post=15275"}],"curies":[{"name":"wp","href":"https:\/\/api.w.org\/{rel}","templated":true}]}}