{"id":15626,"date":"2020-12-23T08:37:25","date_gmt":"2020-12-23T07:37:25","guid":{"rendered":"https:\/\/it-service.network\/blog\/?p=15626"},"modified":"2020-12-23T08:37:25","modified_gmt":"2020-12-23T07:37:25","slug":"eprivacy-verordnung-gescheitert","status":"publish","type":"post","link":"https:\/\/it-service.network\/blog\/2020\/12\/23\/eprivacy-verordnung-gescheitert\/","title":{"rendered":"ePrivacy-Verordnung gescheitert ## Was Unternehmen jetzt wissen m\u00fcssen"},"content":{"rendered":"<p><strong>\u00dcber die ePrivacy-Verordnung haben wir vor mehr als zwei Jahren erstmals berichtet. Damals, als sich noch unz\u00e4hlige Unternehmen mit der DSGVO herumplagten, schwebte die EPVO wie ein weiteres Damokles-Schwert \u00fcber uns. Heute kann man festhalten: Das hat sich erst einmal erledigt.<\/strong><br \/>\nWir verraten, warum der Entwurf der EPVO gescheitert ist und was das bedeutet.<!--more--><br \/>\n<div id=\"attachment_15633\" style=\"width: 310px\" class=\"wp-caption alignright\"><img loading=\"lazy\" decoding=\"async\" aria-describedby=\"caption-attachment-15633\" class=\"size-medium wp-image-15633\" src=\"https:\/\/it-service.network\/blog\/wp-content\/uploads\/2020\/12\/eprivacy-verordnung-300x171.jpg\" alt=\"eprivacy verordnung\" width=\"300\" height=\"171\" srcset=\"https:\/\/it-service.network\/blog\/wp-content\/uploads\/2020\/12\/eprivacy-verordnung-300x171.jpg 300w, https:\/\/it-service.network\/blog\/wp-content\/uploads\/2020\/12\/eprivacy-verordnung-768x439.jpg 768w, https:\/\/it-service.network\/blog\/wp-content\/uploads\/2020\/12\/eprivacy-verordnung.jpg 940w\" sizes=\"auto, (max-width: 300px) 100vw, 300px\" \/><p id=\"caption-attachment-15633\" class=\"wp-caption-text\">Auch der j\u00fcngste Entwurf der ePrivacy-Verordnung ist gescheitert. Bild: Pixabay\/torstensimon<\/p><\/div><\/p>\n<h3>ePrivacy-Verordnung \u2013 kommt nun das offizielle Aus?<\/h3>\n<p>Die ePrivacy-Verordnung ist eine Art Erweiterung der seit Mai 2018 geltenden <a href=\"https:\/\/it-service.network\/blog\/?s=dsgvo\" target=\"_blank\" rel=\"noopener noreferrer\">Datenschutzgrundverordnung<\/a>. Sie soll \u2013 grob zusammengefasst \u2013 die <strong>Sicherheit von Daten bei der elektronischen Kommunikation<\/strong> regeln. Es geht also um E-Mails, Webseiten-Besuche und auch die Telekommunikation im Allgemeinen. Wer noch einmal tiefer in den Inhalt einsteigen m\u00f6chte, liest einfach unseren Artikel \u201e<a href=\"https:\/\/it-service.network\/blog\/2018\/08\/21\/eprivacy-verordnung\/\" target=\"_blank\" rel=\"noopener noreferrer\">ePrivacy Verordnung \u2013 diese Folgen hat die EPVO f\u00fcr Unternehmer<\/a>\u201c.<br \/>\nUrspr\u00fcnglich sollte ePrivacy \u00fcbrigens zusammen mit der DSGVO in Kraft treten. Dieser Termin wurde schnell auf Anfang 2019 verschoben, dann hie\u00df es, die Verordnung k\u00e4me zur Jahresmitte 2020. Und nun? Nun kommt erst einmal gar nichts, was viele Unternehmen nicht gerade traurig stimmen d\u00fcrfte. Das Problem: Die verschiedenen Organe der EU finden einfach keinen gemeinsamen Nenner.<\/p>\n<h3>Kein Konsens bei der EPVO<\/h3>\n<p>Schon viele Entw\u00fcrfe der ePrivacy-Verordnung sind bis zum heutigen Tage durchgerasselt. Den j\u00fcngsten Entwurf der Bundesregierung hat Anfang November der EU-Ministerrat abgeschmettert. \u201eNicht konsensf\u00e4hig\u201c\u00a0\u2013 so lautete die offizielle Begr\u00fcndung f\u00fcr diese Entscheidung. Ein Ende um das Ringen der einzelnen Inhalte und Bestimmungen ist also nach wie vor nicht in Sicht.<br \/>\nZudem sind mittlerweile noch weitere Anwendungsbereiche hinzugekommen, die die Initiatoren urspr\u00fcnglich gar nicht auf dem Zettel hatten. Genauer gesagt: die so genannten <strong>Over-The-Top-Kommunikationsdienste<\/strong>, kurz OTT. Darunter fallen beispielsweise Tools wie WhatsApp Business oder auch Skype und Co., die im Corona-Jahr bekannterma\u00dfen ihren ganz eigenen Boom feierten. \u00c4hnliches gilt f\u00fcr Anbieter des \u201e<a href=\"https:\/\/it-service.network\/blog\/tag\/internet-of-things\/\" target=\"_blank\" rel=\"noopener noreferrer\">Internet of Things<\/a>\u201c und die damit verbundene Kommunikation zwischen Mensch und Maschine.<br \/>\n<div id=\"attachment_7465\" style=\"width: 310px\" class=\"wp-caption alignleft\"><img loading=\"lazy\" decoding=\"async\" aria-describedby=\"caption-attachment-7465\" class=\"size-medium wp-image-7465\" src=\"https:\/\/it-service.network\/blog\/wp-content\/uploads\/2019\/08\/cookie-richtlinie-300x300.jpg\" alt=\"cookie richtlinie\" width=\"300\" height=\"300\" srcset=\"https:\/\/it-service.network\/blog\/wp-content\/uploads\/2019\/08\/cookie-richtlinie-300x300.jpg 300w, https:\/\/it-service.network\/blog\/wp-content\/uploads\/2019\/08\/cookie-richtlinie-370x370.jpg 370w, https:\/\/it-service.network\/blog\/wp-content\/uploads\/2019\/08\/cookie-richtlinie-150x150.jpg 150w, https:\/\/it-service.network\/blog\/wp-content\/uploads\/2019\/08\/cookie-richtlinie-768x769.jpg 768w, https:\/\/it-service.network\/blog\/wp-content\/uploads\/2019\/08\/cookie-richtlinie-1022x1024.jpg 1022w, https:\/\/it-service.network\/blog\/wp-content\/uploads\/2019\/08\/cookie-richtlinie-185x185.jpg 185w, https:\/\/it-service.network\/blog\/wp-content\/uploads\/2019\/08\/cookie-richtlinie.jpg 1278w\" sizes=\"auto, (max-width: 300px) 100vw, 300px\" \/><p id=\"caption-attachment-7465\" class=\"wp-caption-text\">Die Einhaltung der Cookie-Richtlinie ist schon l\u00e4nger Pflicht. Bild: Pixbay\/ kalhh<\/p><\/div><\/p>\n<h3>Welche Richtlinien gelten nun?<\/h3>\n<p>Bislang existiert noch eine Richtlinie aus dem Jahr 2002. Der <strong>Unterschied zwischen einer Verordnung und einer Richtlinie<\/strong> ist \u00fcbrigens, dass letztere erst durch die Mitgliedstaaten umgesetzt werden m\u00fcssen. Auf ihr fu\u00dfen beispielsweise das <strong>Telemediengesetz<\/strong> und das <strong>Telekommunikationsgesetz<\/strong>. Zudem gilt schon l\u00e4nger die neue <a href=\"https:\/\/it-service.network\/blog\/2019\/09\/03\/cookie-richtlinie\/\" target=\"_blank\" rel=\"noopener noreferrer\"><strong>Cookie-Richtlinie<\/strong><\/a>, \u00fcber die wir ebenfalls schon berichtet haben.\u00a0Und nat\u00fcrlich die DSGVO.<br \/>\nDie ePrivacy-Richtlinie soll nun nicht nur die bestehenden Auflagen erg\u00e4nzen, sondern auch alle Regeln f\u00fcr die Mitgliedsstaaten der Europ\u00e4ischen Union vereinheitlichen. Ziel ist es, dass Internetnutzer und Verbraucher \u00fcberall in der EU von einem identischen Datenschutzniveau profitieren.<br \/>\nAber wie es dann immer mit der Einigkeit so ist&#8230; L\u00e4ngst nicht alle Staaten ziehen mit. Einige m\u00f6chten beispielsweise das Thema Cookies noch viel weiter versch\u00e4rfen, andere boykottieren derartige Forderungen mit dem Verweis darauf, dass Agenturen und Unternehmen bis zur wirtschaftlichen Gef\u00e4hrdung in ihrer Berufsfreiheit eingeschr\u00e4nkt w\u00fcrden.<br \/>\n<div id=\"attachment_9685\" style=\"width: 310px\" class=\"wp-caption alignright\"><img loading=\"lazy\" decoding=\"async\" aria-describedby=\"caption-attachment-9685\" class=\"size-medium wp-image-9685\" src=\"https:\/\/it-service.network\/blog\/wp-content\/uploads\/2019\/11\/dsgvo-checkliste-300x205.jpg\" alt=\"dsgvo checkliste\" width=\"300\" height=\"205\" srcset=\"https:\/\/it-service.network\/blog\/wp-content\/uploads\/2019\/11\/dsgvo-checkliste-300x205.jpg 300w, https:\/\/it-service.network\/blog\/wp-content\/uploads\/2019\/11\/dsgvo-checkliste-1024x698.jpg 1024w, https:\/\/it-service.network\/blog\/wp-content\/uploads\/2019\/11\/dsgvo-checkliste-768x524.jpg 768w, https:\/\/it-service.network\/blog\/wp-content\/uploads\/2019\/11\/dsgvo-checkliste.jpg 1069w\" sizes=\"auto, (max-width: 300px) 100vw, 300px\" \/><p id=\"caption-attachment-9685\" class=\"wp-caption-text\">Eine <a href=\"https:\/\/it-service.network\/blog\/2019\/11\/28\/dsgvo-checkliste\/\" target=\"_blank\" rel=\"noopener noreferrer\">DSGVO-Checkliste<\/a> hilft, den \u00dcberblick zu behalten. Bild: Pixabay\/Tumisu<\/p><\/div><\/p>\n<h3>ePrivacy-Richtlinie: die Rolle des Verbrauchers<\/h3>\n<p>Mitunter der gr\u00f6\u00dfte Zankapfel ist die Frage, ob Verbraucher ihre Pr\u00e4ferenzen aktiv angeben sollen\/m\u00fcssen oder nicht. Auch hier sind Cookies ein sch\u00f6nes Beispiel. Mittlerweile muss der Webseiten-Besucher der Erhebung von Cookies aktiv zustimmen, voreingestellt ist das <strong>Tracking<\/strong> nicht mehr m\u00f6glich. So zumindest die Theorie. Wer sich h\u00e4ufig im Internet bewegt, wei\u00df, dass noch l\u00e4ngst nicht alle Webseiten-Betreiber diese Bestimmungen umgesetzt haben. Gleiches gilt \u00fcbrigens f\u00fcr die DSGVO, die ja noch etwas mehr G\u00fcltigkeitszeit auf dem Buckel hat.<br \/>\nDas Thema ist durchaus brisant, denn nicht wenige Branchen leben davon, das Verhalten der Nutzer zu analysieren. Da w\u00e4ren nat\u00fcrlich Werbeagenturen, aber auch so ziemlich jeder Online-Shop, der den vergessenen Warenkorb wiederherstellt oder \u00e4hnliche Artikel wie die der letzten Bestellung vorschl\u00e4gt.<br \/>\nSelbst Verlagsh\u00e4user, die heute zum gro\u00dfen Teil von <strong>Werbeeinnahmen<\/strong> leben, bekommen gewaltige Probleme, wenn das Tracking nur sehr eingeschr\u00e4nkt m\u00f6glich ist. Der letzte deutsche Entwurf ber\u00fccksichtigte \u00fcbrigens die Rolle der Verlage und schuf eine Ausnahmeregel. Aber da er nun vom Tisch ist, geht das Ringen weiter.<\/p>\n<h3>Verbraucherfreundlich vs. wirtschaftsfeindlich<\/h3>\n<p>So l\u00e4sst sich heute vermuten, dass der Streit zwischen Wirtschaftsvertretern und Verbrauchersch\u00fctzern kein zeitnahes Ende findet. Von einer Kompromissl\u00f6sung, mit der beide Seiten Leben k\u00f6nnen, ist man jedenfalls noch weit entfernt. Als n\u00e4chstes ist \u00fcbrigens Portugal mit einem Vorschlag an der Reihe. Die portugiesische Ratspr\u00e4sidentschaft hat bereits angek\u00fcndigt,<strong> zeitnah den n\u00e4chsten Entwurf<\/strong> vorzulegen. Ob dieser Anklang finden wird, ist fraglich. Sehr wahrscheinlich ist es aufgrund der geteilten Lager nicht.<br \/>\nF\u00fcr Ihr Unternehmen bedeutet das erst einmal: \u201eZur\u00fccklehnen, bitte!\u201c Sie wenden einfach weiterhin die bereits bekannten und etablierten Gesetze an. Und sollten Sie dabei professionelle Unterst\u00fctzung ben\u00f6tigen, stehen Ihnen unsere <a href=\"https:\/\/it-service.network\/it-dienstleister-finden?q=\" target=\"_blank\" rel=\"noopener noreferrer\">Experten aus dem IT-SERVICE.NETWORK<\/a> gern zur Verf\u00fcgung.<\/p>\n<hr \/>\n<p><small><strong> Weiterf\u00fchrende Links: <\/strong><br \/>\n<a href=\"https:\/\/www.projekt29.de\/die-neue-eprivacy-richtlinie-mehr-datenschutz-fuer-whatsapp-und-co\/\" target=\"_blank\" rel=\"noopener noreferrer\">projekt29.de<\/a><\/small><\/p>\n","protected":false},"excerpt":{"rendered":"<p>\u00dcber die ePrivacy-Verordnung haben wir vor mehr als zwei Jahren erstmals berichtet. Damals, als sich noch unz\u00e4hlige Unternehmen mit der DSGVO herumplagten, schwebte die EPVO wie ein weiteres Damokles-Schwert \u00fcber uns. Heute kann man festhalten: Das hat sich erst einmal erledigt. Wir verraten, warum der Entwurf der EPVO gescheitert ist und was das bedeutet.<\/p>\n","protected":false},"author":14,"featured_media":15633,"comment_status":"open","ping_status":"open","sticky":false,"template":"","format":"standard","meta":{"footnotes":""},"categories":[408],"tags":[90,156,899],"class_list":["post-15626","post","type-post","status-publish","format-standard","has-post-thumbnail","hentry","category-arbeitswelt-trends","tag-datensicherheit","tag-dsgvo","tag-it-recht-und-digitalpolitik"],"yoast_head":"<!-- This site is optimized with the Yoast SEO plugin v26.5 - https:\/\/yoast.com\/wordpress\/plugins\/seo\/ -->\n<title>ePrivacy-Verordnung gescheitert \u2013 was Unternehmen jetzt wissen m\u00fcssen<\/title>\n<meta name=\"description\" content=\"Auch der j\u00fcngste Entwurf der ePrivacy-Verordnung ist vor der EU gescheitert. Wir verraten, warum und was Sie sonst noch wissen m\u00fcssen.\" \/>\n<meta name=\"robots\" content=\"index, follow, max-snippet:-1, max-image-preview:large, max-video-preview:-1\" \/>\n<link rel=\"canonical\" href=\"https:\/\/it-service.network\/blog\/2020\/12\/23\/eprivacy-verordnung-gescheitert\/\" \/>\n<meta property=\"og:locale\" content=\"de_DE\" \/>\n<meta property=\"og:type\" content=\"article\" \/>\n<meta property=\"og:title\" content=\"ePrivacy-Verordnung gescheitert \u2013 was Unternehmen jetzt wissen m\u00fcssen\" \/>\n<meta property=\"og:description\" content=\"Auch der j\u00fcngste Entwurf der ePrivacy-Verordnung ist vor der EU gescheitert. Wir verraten, warum und was Sie sonst noch wissen m\u00fcssen.\" \/>\n<meta property=\"og:url\" content=\"https:\/\/it-service.network\/blog\/2020\/12\/23\/eprivacy-verordnung-gescheitert\/\" \/>\n<meta property=\"og:site_name\" content=\"IT-SERVICE.NETWORK Blog\" \/>\n<meta property=\"article:publisher\" content=\"https:\/\/www.facebook.com\/itservicenetwork\/\" \/>\n<meta property=\"article:published_time\" content=\"2020-12-23T07:37:25+00:00\" \/>\n<meta property=\"og:image\" content=\"https:\/\/it-service.network\/blog\/wp-content\/uploads\/2020\/12\/eprivacy-verordnung.jpg\" \/>\n\t<meta property=\"og:image:width\" content=\"940\" \/>\n\t<meta property=\"og:image:height\" content=\"537\" \/>\n\t<meta property=\"og:image:type\" content=\"image\/jpeg\" \/>\n<meta name=\"author\" content=\"Lena Klaus\" \/>\n<meta name=\"twitter:card\" content=\"summary_large_image\" \/>\n<meta name=\"twitter:creator\" content=\"@ITSERVICNETWORK\" \/>\n<meta name=\"twitter:site\" content=\"@ITSERVICNETWORK\" \/>\n<meta name=\"twitter:label1\" content=\"Verfasst von\" \/>\n\t<meta name=\"twitter:data1\" content=\"Lena Klaus\" \/>\n\t<meta name=\"twitter:label2\" content=\"Gesch\u00e4tzte Lesezeit\" \/>\n\t<meta name=\"twitter:data2\" content=\"4\u00a0Minuten\" \/>\n<script type=\"application\/ld+json\" class=\"yoast-schema-graph\">{\"@context\":\"https:\/\/schema.org\",\"@graph\":[{\"@type\":\"WebPage\",\"@id\":\"https:\/\/it-service.network\/blog\/2020\/12\/23\/eprivacy-verordnung-gescheitert\/\",\"url\":\"https:\/\/it-service.network\/blog\/2020\/12\/23\/eprivacy-verordnung-gescheitert\/\",\"name\":\"ePrivacy-Verordnung gescheitert \u2013 was Unternehmen jetzt wissen m\u00fcssen\",\"isPartOf\":{\"@id\":\"https:\/\/it-service.network\/blog\/#website\"},\"primaryImageOfPage\":{\"@id\":\"https:\/\/it-service.network\/blog\/2020\/12\/23\/eprivacy-verordnung-gescheitert\/#primaryimage\"},\"image\":{\"@id\":\"https:\/\/it-service.network\/blog\/2020\/12\/23\/eprivacy-verordnung-gescheitert\/#primaryimage\"},\"thumbnailUrl\":\"https:\/\/it-service.network\/blog\/wp-content\/uploads\/2020\/12\/eprivacy-verordnung.jpg\",\"datePublished\":\"2020-12-23T07:37:25+00:00\",\"author\":{\"@id\":\"https:\/\/it-service.network\/blog\/#\/schema\/person\/9cffbe4f537d5e70bde59b560ce9aac6\"},\"description\":\"Auch der j\u00fcngste Entwurf der ePrivacy-Verordnung ist vor der EU gescheitert. Wir verraten, warum und was Sie sonst noch wissen m\u00fcssen.\",\"breadcrumb\":{\"@id\":\"https:\/\/it-service.network\/blog\/2020\/12\/23\/eprivacy-verordnung-gescheitert\/#breadcrumb\"},\"inLanguage\":\"de\",\"potentialAction\":[{\"@type\":\"ReadAction\",\"target\":[\"https:\/\/it-service.network\/blog\/2020\/12\/23\/eprivacy-verordnung-gescheitert\/\"]}]},{\"@type\":\"ImageObject\",\"inLanguage\":\"de\",\"@id\":\"https:\/\/it-service.network\/blog\/2020\/12\/23\/eprivacy-verordnung-gescheitert\/#primaryimage\",\"url\":\"https:\/\/it-service.network\/blog\/wp-content\/uploads\/2020\/12\/eprivacy-verordnung.jpg\",\"contentUrl\":\"https:\/\/it-service.network\/blog\/wp-content\/uploads\/2020\/12\/eprivacy-verordnung.jpg\",\"width\":940,\"height\":537,\"caption\":\"Auch der j\u00fcngste Entwurf der ePrivacy Verordnung ist gescheitert. Bild: Pixabay\/torstensimon\"},{\"@type\":\"BreadcrumbList\",\"@id\":\"https:\/\/it-service.network\/blog\/2020\/12\/23\/eprivacy-verordnung-gescheitert\/#breadcrumb\",\"itemListElement\":[{\"@type\":\"ListItem\",\"position\":1,\"name\":\"Startseite\",\"item\":\"https:\/\/it-service.network\/blog\/\"},{\"@type\":\"ListItem\",\"position\":2,\"name\":\"ePrivacy-Verordnung gescheitert ## Was Unternehmen jetzt wissen m\u00fcssen\"}]},{\"@type\":\"WebSite\",\"@id\":\"https:\/\/it-service.network\/blog\/#website\",\"url\":\"https:\/\/it-service.network\/blog\/\",\"name\":\"IT-SERVICE.NETWORK Blog\",\"description\":\"Der IT-SERVICE.NETWORK Blog mit spannenden IT-News: \u2713 IT-Themen \u2713 IT-Trends \u2713 Business-Themen \u2713 IT-Dienstleistungen\",\"potentialAction\":[{\"@type\":\"SearchAction\",\"target\":{\"@type\":\"EntryPoint\",\"urlTemplate\":\"https:\/\/it-service.network\/blog\/?s={search_term_string}\"},\"query-input\":{\"@type\":\"PropertyValueSpecification\",\"valueRequired\":true,\"valueName\":\"search_term_string\"}}],\"inLanguage\":\"de\"},{\"@type\":\"Person\",\"@id\":\"https:\/\/it-service.network\/blog\/#\/schema\/person\/9cffbe4f537d5e70bde59b560ce9aac6\",\"name\":\"Lena Klaus\",\"image\":{\"@type\":\"ImageObject\",\"inLanguage\":\"de\",\"@id\":\"https:\/\/it-service.network\/blog\/#\/schema\/person\/image\/\",\"url\":\"https:\/\/it-service.network\/blog\/wp-content\/uploads\/2019\/04\/lena-klaus-96x96.jpg\",\"contentUrl\":\"https:\/\/it-service.network\/blog\/wp-content\/uploads\/2019\/04\/lena-klaus-96x96.jpg\",\"caption\":\"Lena Klaus\"},\"description\":\"Lena Klaus arbeitet seit 2018 als freie Autorin und SEO-Expertin f\u00fcr das IT-SERVICE.NETWORK. Besonders die Themen rund um den digitalen Wandel und New Work haben es ihr angetan. Dar\u00fcber hinaus ist die erfahrene Texterin immer wieder fasziniert davon, welche neue Methoden und Tricks Hackern und Cyberkriminellen einfallen. Seit 2013 kennt Lena Klaus die IT-Branche und hat sich in diesem Zusammenhang auf die Erstellung von Webtexten und Blogartikeln f\u00fcr B2C- und B2B-orientierte Content-Plattformen spezialisiert. Bis zu ihrer Elternzeit im Jahr 2017 war sie als Content Marketing- und PR-Managerin bei der SYNAXON AG, dem Mutterunternehmen des IT-SERVICE.NETWORK, fest angestellt. W\u00e4hrend dieser T\u00e4tigkeit verantwortete sie nicht nur die allgemeine Unternehmenskommunikation und Pressearbeit, sondern auch s\u00e4mtlichen Content der SYNAXON-Marke PC-SPEZIALIST. Nach ihrer Elternzeit wechselte sie hauptberuflich die Branche, blieb der SYNAXON AG und der mittlerweile fest etablierten Marke IT-SERVICE.NETWORK aber weiterhin als freie Mitarbeiterin treu. Neben ihrer Arbeit als Redakteurin f\u00fcr den IT-SERVICE.NETWORK-Blog verfasst sie auch Texte f\u00fcr das IT-SERVICE.NETWORK-Lexikon, einzelne Themenseiten, Leistungsbeschreibungen oder Profilseiten der Partner. In ihrer Freizeit bleibt der Laptop dann allerdings meist aus: Sie genie\u00dft die Zeit mit Ihrem Mann (nat\u00fcrlich auch ein ITler) und ihrer Tochter \u2013 am liebsten auf Reisen in fernen L\u00e4ndern.\",\"sameAs\":[\"https:\/\/it-service.network\/\"],\"url\":\"https:\/\/it-service.network\/blog\/author\/lena-klaus\/\"}]}<\/script>\n<!-- \/ Yoast SEO plugin. -->","yoast_head_json":{"title":"ePrivacy-Verordnung gescheitert \u2013 was Unternehmen jetzt wissen m\u00fcssen","description":"Auch der j\u00fcngste Entwurf der ePrivacy-Verordnung ist vor der EU gescheitert. Wir verraten, warum und was Sie sonst noch wissen m\u00fcssen.","robots":{"index":"index","follow":"follow","max-snippet":"max-snippet:-1","max-image-preview":"max-image-preview:large","max-video-preview":"max-video-preview:-1"},"canonical":"https:\/\/it-service.network\/blog\/2020\/12\/23\/eprivacy-verordnung-gescheitert\/","og_locale":"de_DE","og_type":"article","og_title":"ePrivacy-Verordnung gescheitert \u2013 was Unternehmen jetzt wissen m\u00fcssen","og_description":"Auch der j\u00fcngste Entwurf der ePrivacy-Verordnung ist vor der EU gescheitert. Wir verraten, warum und was Sie sonst noch wissen m\u00fcssen.","og_url":"https:\/\/it-service.network\/blog\/2020\/12\/23\/eprivacy-verordnung-gescheitert\/","og_site_name":"IT-SERVICE.NETWORK Blog","article_publisher":"https:\/\/www.facebook.com\/itservicenetwork\/","article_published_time":"2020-12-23T07:37:25+00:00","og_image":[{"width":940,"height":537,"url":"https:\/\/it-service.network\/blog\/wp-content\/uploads\/2020\/12\/eprivacy-verordnung.jpg","type":"image\/jpeg"}],"author":"Lena Klaus","twitter_card":"summary_large_image","twitter_creator":"@ITSERVICNETWORK","twitter_site":"@ITSERVICNETWORK","twitter_misc":{"Verfasst von":"Lena Klaus","Gesch\u00e4tzte Lesezeit":"4\u00a0Minuten"},"schema":{"@context":"https:\/\/schema.org","@graph":[{"@type":"WebPage","@id":"https:\/\/it-service.network\/blog\/2020\/12\/23\/eprivacy-verordnung-gescheitert\/","url":"https:\/\/it-service.network\/blog\/2020\/12\/23\/eprivacy-verordnung-gescheitert\/","name":"ePrivacy-Verordnung gescheitert \u2013 was Unternehmen jetzt wissen m\u00fcssen","isPartOf":{"@id":"https:\/\/it-service.network\/blog\/#website"},"primaryImageOfPage":{"@id":"https:\/\/it-service.network\/blog\/2020\/12\/23\/eprivacy-verordnung-gescheitert\/#primaryimage"},"image":{"@id":"https:\/\/it-service.network\/blog\/2020\/12\/23\/eprivacy-verordnung-gescheitert\/#primaryimage"},"thumbnailUrl":"https:\/\/it-service.network\/blog\/wp-content\/uploads\/2020\/12\/eprivacy-verordnung.jpg","datePublished":"2020-12-23T07:37:25+00:00","author":{"@id":"https:\/\/it-service.network\/blog\/#\/schema\/person\/9cffbe4f537d5e70bde59b560ce9aac6"},"description":"Auch der j\u00fcngste Entwurf der ePrivacy-Verordnung ist vor der EU gescheitert. Wir verraten, warum und was Sie sonst noch wissen m\u00fcssen.","breadcrumb":{"@id":"https:\/\/it-service.network\/blog\/2020\/12\/23\/eprivacy-verordnung-gescheitert\/#breadcrumb"},"inLanguage":"de","potentialAction":[{"@type":"ReadAction","target":["https:\/\/it-service.network\/blog\/2020\/12\/23\/eprivacy-verordnung-gescheitert\/"]}]},{"@type":"ImageObject","inLanguage":"de","@id":"https:\/\/it-service.network\/blog\/2020\/12\/23\/eprivacy-verordnung-gescheitert\/#primaryimage","url":"https:\/\/it-service.network\/blog\/wp-content\/uploads\/2020\/12\/eprivacy-verordnung.jpg","contentUrl":"https:\/\/it-service.network\/blog\/wp-content\/uploads\/2020\/12\/eprivacy-verordnung.jpg","width":940,"height":537,"caption":"Auch der j\u00fcngste Entwurf der ePrivacy Verordnung ist gescheitert. Bild: Pixabay\/torstensimon"},{"@type":"BreadcrumbList","@id":"https:\/\/it-service.network\/blog\/2020\/12\/23\/eprivacy-verordnung-gescheitert\/#breadcrumb","itemListElement":[{"@type":"ListItem","position":1,"name":"Startseite","item":"https:\/\/it-service.network\/blog\/"},{"@type":"ListItem","position":2,"name":"ePrivacy-Verordnung gescheitert ## Was Unternehmen jetzt wissen m\u00fcssen"}]},{"@type":"WebSite","@id":"https:\/\/it-service.network\/blog\/#website","url":"https:\/\/it-service.network\/blog\/","name":"IT-SERVICE.NETWORK Blog","description":"Der IT-SERVICE.NETWORK Blog mit spannenden IT-News: \u2713 IT-Themen \u2713 IT-Trends \u2713 Business-Themen \u2713 IT-Dienstleistungen","potentialAction":[{"@type":"SearchAction","target":{"@type":"EntryPoint","urlTemplate":"https:\/\/it-service.network\/blog\/?s={search_term_string}"},"query-input":{"@type":"PropertyValueSpecification","valueRequired":true,"valueName":"search_term_string"}}],"inLanguage":"de"},{"@type":"Person","@id":"https:\/\/it-service.network\/blog\/#\/schema\/person\/9cffbe4f537d5e70bde59b560ce9aac6","name":"Lena Klaus","image":{"@type":"ImageObject","inLanguage":"de","@id":"https:\/\/it-service.network\/blog\/#\/schema\/person\/image\/","url":"https:\/\/it-service.network\/blog\/wp-content\/uploads\/2019\/04\/lena-klaus-96x96.jpg","contentUrl":"https:\/\/it-service.network\/blog\/wp-content\/uploads\/2019\/04\/lena-klaus-96x96.jpg","caption":"Lena Klaus"},"description":"Lena Klaus arbeitet seit 2018 als freie Autorin und SEO-Expertin f\u00fcr das IT-SERVICE.NETWORK. Besonders die Themen rund um den digitalen Wandel und New Work haben es ihr angetan. Dar\u00fcber hinaus ist die erfahrene Texterin immer wieder fasziniert davon, welche neue Methoden und Tricks Hackern und Cyberkriminellen einfallen. Seit 2013 kennt Lena Klaus die IT-Branche und hat sich in diesem Zusammenhang auf die Erstellung von Webtexten und Blogartikeln f\u00fcr B2C- und B2B-orientierte Content-Plattformen spezialisiert. Bis zu ihrer Elternzeit im Jahr 2017 war sie als Content Marketing- und PR-Managerin bei der SYNAXON AG, dem Mutterunternehmen des IT-SERVICE.NETWORK, fest angestellt. W\u00e4hrend dieser T\u00e4tigkeit verantwortete sie nicht nur die allgemeine Unternehmenskommunikation und Pressearbeit, sondern auch s\u00e4mtlichen Content der SYNAXON-Marke PC-SPEZIALIST. Nach ihrer Elternzeit wechselte sie hauptberuflich die Branche, blieb der SYNAXON AG und der mittlerweile fest etablierten Marke IT-SERVICE.NETWORK aber weiterhin als freie Mitarbeiterin treu. Neben ihrer Arbeit als Redakteurin f\u00fcr den IT-SERVICE.NETWORK-Blog verfasst sie auch Texte f\u00fcr das IT-SERVICE.NETWORK-Lexikon, einzelne Themenseiten, Leistungsbeschreibungen oder Profilseiten der Partner. In ihrer Freizeit bleibt der Laptop dann allerdings meist aus: Sie genie\u00dft die Zeit mit Ihrem Mann (nat\u00fcrlich auch ein ITler) und ihrer Tochter \u2013 am liebsten auf Reisen in fernen L\u00e4ndern.","sameAs":["https:\/\/it-service.network\/"],"url":"https:\/\/it-service.network\/blog\/author\/lena-klaus\/"}]}},"_links":{"self":[{"href":"https:\/\/it-service.network\/blog\/wp-json\/wp\/v2\/posts\/15626","targetHints":{"allow":["GET"]}}],"collection":[{"href":"https:\/\/it-service.network\/blog\/wp-json\/wp\/v2\/posts"}],"about":[{"href":"https:\/\/it-service.network\/blog\/wp-json\/wp\/v2\/types\/post"}],"author":[{"embeddable":true,"href":"https:\/\/it-service.network\/blog\/wp-json\/wp\/v2\/users\/14"}],"replies":[{"embeddable":true,"href":"https:\/\/it-service.network\/blog\/wp-json\/wp\/v2\/comments?post=15626"}],"version-history":[{"count":0,"href":"https:\/\/it-service.network\/blog\/wp-json\/wp\/v2\/posts\/15626\/revisions"}],"wp:featuredmedia":[{"embeddable":true,"href":"https:\/\/it-service.network\/blog\/wp-json\/wp\/v2\/media\/15633"}],"wp:attachment":[{"href":"https:\/\/it-service.network\/blog\/wp-json\/wp\/v2\/media?parent=15626"}],"wp:term":[{"taxonomy":"category","embeddable":true,"href":"https:\/\/it-service.network\/blog\/wp-json\/wp\/v2\/categories?post=15626"},{"taxonomy":"post_tag","embeddable":true,"href":"https:\/\/it-service.network\/blog\/wp-json\/wp\/v2\/tags?post=15626"}],"curies":[{"name":"wp","href":"https:\/\/api.w.org\/{rel}","templated":true}]}}