{"id":19656,"date":"2022-06-13T07:00:05","date_gmt":"2022-06-13T05:00:05","guid":{"rendered":"https:\/\/it-service.network\/blog\/?p=19656"},"modified":"2022-05-31T12:29:49","modified_gmt":"2022-05-31T10:29:49","slug":"onlinezugangsgesetz","status":"publish","type":"post","link":"https:\/\/it-service.network\/blog\/2022\/06\/13\/onlinezugangsgesetz\/","title":{"rendered":"Onlinezugangsgesetz ## Mangelnde IT- und Datensicherheit beim OGZ?"},"content":{"rendered":"<p><strong>Das Onlinezugangsgesetz steht in den Startl\u00f6chern und soll die vollst\u00e4ndige Digitalisierung von Beh\u00f6rden und Verwaltungen einleiten. Experten warnen jetzt, dass die IT-Sicherheit zu kurz kommt.<\/strong><\/p>\n<p>Wie das OGZ genau aussieht, welche Themenfelder abgedeckt werden und wo sich durchaus Risiken f\u00fcr die Datensicherheit ergeben k\u00f6nnen, verraten wir jetzt.<br \/>\n<!--more--><\/p>\n<div class=\"inhaltsverzeichnis\">\n<div class=\"head\" data-toggle=\"collapse\" data-target=\"#verzeichnis\">Inhaltsverzeichnis<i class=\"material-icons\">expand_more<\/i><\/div>\n<ol id=\"verzeichnis\" class=\"collapse in\" style=\"line-height: 1.7;\">\n<li><a href=\"#eins\">Onlinezugangsgesetz \u2013 Frist f\u00fcr Beh\u00f6rden endet 2022<\/a><\/li>\n<li><a href=\"#zwei\">OGZ vs. Datensicherheit<\/a><\/li>\n<li><a href=\"#drei\">Security by Design \u2013 der fehlende Ansatz beim OGZ<\/a><\/li>\n<li><a href=\"#vier\">Digitaler Wandel? Nat\u00fcrlich, aber bitte ganzheitlich durchdacht<\/a><\/li>\n<\/ol>\n<\/div>\n<h2 id=\"eins\">Onlinezugangsgesetz \u2013 Frist f\u00fcr Beh\u00f6rden endet 2022<\/h2>\n<p>Bereits im Jahr 2017 beschloss der Bund das so genannte Onlinezugangsgesetz \u2013 kurz: <strong>OGZ.<\/strong> Es verpflichtet den Bund selbst sowie alle Bundesl\u00e4nder und ihre jeweiligen Kommunen dazu, bis Ende des Jahres 2022 ihre Verwaltungsdienstleistungen zu digitalisieren. Und das sind \u00fcbrigens satte 6.000 St\u00fcck, die in 14 \u00fcbergeordnete <strong>OGZ Themenfelder<\/strong> (z. B. \u201eFamilie &amp; Kind\u201c, \u201eBildung\u201c, \u201eGesundheit\u201c, \u201eArbeit und Ruhestand\u201c) geclustert wurden.<\/p>\n<p>Im Klartext bedeutete das Onlinezugangsgesetz also, dass es jedem B\u00fcrger m\u00f6glich sein muss, <strong>Verwaltungsdienstleistungen auf digitalem Wege<\/strong> zu nutzen. Der entsprechende <strong>OGZ Umsetzungskatalog<\/strong> basiert dabei \u2013 und das ist neu \u2013 auf der Perspektive der Nutzer, nicht auf den beh\u00f6rdlichen Zust\u00e4ndigkeiten.<\/p>\n<p>F\u00fcr die Umsetzung bis Ende des Jahres stellt der Bund zwei Digitalisierungsprogramme zur Verf\u00fcgung, die den Kommunen, St\u00e4dten und Landesbeh\u00f6rden den Umstieg erleichtern sollen. Am Ende soll das Ergebnis ein moderner Verwaltungsapparat sein. Also das, was andere L\u00e4nder \u2013 zum Beispiel in Skandinavien \u2013 schon lange haben.<\/p>\n<div id=\"attachment_19667\" style=\"width: 1245px\" class=\"wp-caption aligncenter\"><img loading=\"lazy\" decoding=\"async\" aria-describedby=\"caption-attachment-19667\" class=\"size-full wp-image-19667\" src=\"https:\/\/it-service.network\/blog\/wp-content\/uploads\/2022\/05\/Onlinezugangsgesetz.jpg\" alt=\"zu sehen ist das Reichstagsgeb\u00e4ude in Berlin bei Nacht. Thema des Artikels ist das neue Onlinezugangsgesetz. Bild: Unsplash\/Norbert Braun\" width=\"1235\" height=\"719\" srcset=\"https:\/\/it-service.network\/blog\/wp-content\/uploads\/2022\/05\/Onlinezugangsgesetz.jpg 1235w, https:\/\/it-service.network\/blog\/wp-content\/uploads\/2022\/05\/Onlinezugangsgesetz-300x175.jpg 300w, https:\/\/it-service.network\/blog\/wp-content\/uploads\/2022\/05\/Onlinezugangsgesetz-1024x596.jpg 1024w, https:\/\/it-service.network\/blog\/wp-content\/uploads\/2022\/05\/Onlinezugangsgesetz-768x447.jpg 768w\" sizes=\"auto, (max-width: 1235px) 100vw, 1235px\" \/><p id=\"caption-attachment-19667\" class=\"wp-caption-text\">Das Onlinezugangsgesatz wurde bereits 2017 durch den Bund beschlossen. Bild: Unsplash\/Norbert Braun<\/p><\/div>\n<h2 id=\"zwei\">OGZ vs. Datensicherheit<\/h2>\n<p>Einige Experten bef\u00fcrchten nun, ein gutes halbes Jahr vor Ablauf der Frist, dass die <strong>IT- und Datensicherheit<\/strong> bei all dem viel zu kurz gekommen ist. \u201eModern bedeutet nicht automatisch sicher\u201c, lautet der Tenor. Und die Skepsis ist durchaus berechtigt, denn in den mittlerweile f\u00fcnf Jahren seit Gesetzesbeschluss, machten sich die Verantwortlichen nur wenig Gedanken \u00fcber Sicherheitsstandard wie beispielsweise Verschl\u00fcsselungstechnologien.<\/p>\n<p>Die Einsicht, dass da \u201edoch noch irgendetwas fehlt\u201c, kam leider etwas sp\u00e4t. N\u00e4mlich erst Anfang 2022, als wohl schon jede Beh\u00f6rde mittendrin im eigenen digitalen Wandel steckte, trat eine <strong>Verordnung zur Sicherheit der eingesetzten IT-Komponenten<\/strong> in Kraft. Ein Umstand, der nun nicht nur die B\u00fcrgermeister ins Schwitzen bringt, sondern auch die L\u00f6sungsanbieter, die nun genau pr\u00fcfen m\u00fcssen, an welchen Stellen ein Nachr\u00fcsten gefragt ist.<\/p>\n<h2 id=\"drei\">Security by Design \u2013 der fehlende Ansatz beim OGZ<\/h2>\n<p>Das Onlinezugangsgesetz w\u00e4re der perfekte Anlass gewesen, um bundesweit einen \u201e<a href=\"https:\/\/it-service.network\/blog\/2019\/08\/23\/security-by-design\/\" target=\"_blank\" rel=\"noopener\">Security by Design<\/a>\u201c-Ansatz zu etablieren. Vereinfacht dargestellt, geht es hierbei darum, schon w\u00e4hrend der L\u00f6sungs- und Produktentwicklung die Sicherheit zu ber\u00fccksichtigen. Besonders scharf kritisieren Sicherheitsexperten, dass der j\u00e4hrliche <a href=\"https:\/\/it-service.network\/blog\/2021\/10\/22\/bsi-lagebericht-2021\/\" target=\"_blank\" rel=\"noopener\">Lagebericht des BSI<\/a> stets davor warnt, die <strong>Anforderungen an die Informationssicherheit<\/strong> den be\u00e4ngstigenden Entwicklungen anzupassen.<\/p>\n<p>Und zu guter Letzt: Nirgendwo sonst sind <strong>pers\u00f6nliche<\/strong> \u2013 und damit hochsensible \u2013 <strong>Daten<\/strong> wohl st\u00e4rker vertreten als bei \u00f6ffentlichen Beh\u00f6rden und Stadtverwaltungen. Von Geburts- und Sterbeurkunden \u00fcber Wohnortwechsel bis hin zu Personalausweisen, Reisep\u00e4ssen und F\u00fchrungszeugnissen \u2013 vor der Kommunal- oder Stadtverwaltung wird automatisch jeder zum gl\u00e4sernen B\u00fcrger. Gelangen die richtigen Informationen in die falschen H\u00e4nde, k\u00f6nnen sich die Folgen bis hin zum <a href=\"https:\/\/it-service.network\/blog\/2020\/03\/10\/identitaetsdiebstahl\/\" target=\"_blank\" rel=\"noopener\">Identit\u00e4tsdiebstahl<\/a> erstrecken.<\/p>\n<p>Noch ist aber nicht alles verloren, denn etwas Zeit bleibt den Kommunen und Institutionen ja noch, die Sicherheit (endlich) in den Fokus zu stellen.<\/p>\n<div id=\"attachment_7504\" style=\"width: 5770px\" class=\"wp-caption aligncenter\"><img loading=\"lazy\" decoding=\"async\" aria-describedby=\"caption-attachment-7504\" class=\"size-full wp-image-7504\" src=\"https:\/\/it-service.network\/blog\/wp-content\/uploads\/2019\/08\/markus-spiske-Skf7HxARcoc-unsplash.jpg\" alt=\"Zu sehen ist ein Monitor mit dem Code einer Software. Ob hier auf Security by Design geachtet wird? Bild: www.unsplash.com \/ Markus Spiske\" width=\"5760\" height=\"3840\" \/><p id=\"caption-attachment-7504\" class=\"wp-caption-text\">Schon bei der Software-Entwicklung f\u00fcr Sicherheit zu sorgen ist das Ziel von Security by Design. Bild: Unsplash\/ Markus Spiske<\/p><\/div>\n<h2 id=\"vier\">Digitaler Wandel? Nat\u00fcrlich, aber bitte ganzheitlich durchdacht<\/h2>\n<p>Unternehmen, die ihren eigenen digitalen Wandel beschreiten, k\u00f6nnen sich durch die aktuelle<strong> Problematik rund um das Onlinezugangsgesetz<\/strong> inspirieren lassen. Bei aller Leidenschaft und Hingabe f\u00fcr modernisierte Arbeitsprozesse, sollte niemals die Datensicherheit leiden. Allein durch den Einsatz von <strong>Verschl\u00fcsselungstechnologien<\/strong> l\u00e4sst sich hier ein gro\u00dfes Einfallstor f\u00fcr Cyberkriminelle schlie\u00dfen.<\/p>\n<p>Unsere <a href=\"https:\/\/it-service.network\/it-dienstleister-finden\">Experten aus dem IT-SERVICE.NETWORK<\/a> stehen Ihnen dabei \u00fcbrigens gern zu Seite. Auf Basis Ihrer individuellen Anforderungen erstellen unsere IT-Dienstleister ein ganzheitliches <strong>Digitalisierungs-Konzept<\/strong>, das beide Seiten der Medaille geb\u00fchrend w\u00fcrdigt. Kontaktieren Sie uns gern f\u00fcr eine unverbindliche Beratung.<\/p>\n<p>&nbsp;<\/p>\n<hr \/>\n<p><small><strong> Weiterf\u00fchrende Links:<\/strong><br \/>\n<a href=\"https:\/\/www.all-about-security.de\/allgemein\/das-onlinezugangsgesetz-verpasste-chance-fuer-mehr-it-sicherheit\/\" target=\"_blank\" rel=\"noopener\">All about Security<\/a>, <a href=\"https:\/\/www.bmi.bund.de\/DE\/themen\/moderne-verwaltung\/verwaltungsmodernisierung\/onlinezugangsgesetz\/onlinezugangsgesetz-node.html\" target=\"_blank\" rel=\"noopener\">BMI<\/a><\/small><\/p>\n","protected":false},"excerpt":{"rendered":"<p>Das Onlinezugangsgesetz steht in den Startl\u00f6chern und soll die vollst\u00e4ndige Digitalisierung von Beh\u00f6rden und Verwaltungen einleiten. Experten warnen jetzt, dass die IT-Sicherheit zu kurz kommt. Wie das OGZ genau aussieht, welche Themenfelder abgedeckt werden und wo sich durchaus Risiken f\u00fcr die Datensicherheit ergeben k\u00f6nnen, verraten wir jetzt.<\/p>\n","protected":false},"author":14,"featured_media":19670,"comment_status":"open","ping_status":"open","sticky":false,"template":"","format":"standard","meta":{"footnotes":""},"categories":[594],"tags":[90,45,899],"class_list":["post-19656","post","type-post","status-publish","format-standard","has-post-thumbnail","hentry","category-digitalisierung","tag-datensicherheit","tag-digitaler-wandel","tag-it-recht-und-digitalpolitik"],"yoast_head":"<!-- This site is optimized with the Yoast SEO plugin v26.5 - https:\/\/yoast.com\/wordpress\/plugins\/seo\/ -->\n<title>Onlinezugangsgesetz<\/title>\n<meta name=\"description\" content=\"Onlinezugangsgesetz \u2713\u2713\u2713\u2713\u2713\" \/>\n<meta name=\"robots\" content=\"index, follow, max-snippet:-1, max-image-preview:large, max-video-preview:-1\" \/>\n<link rel=\"canonical\" href=\"https:\/\/it-service.network\/blog\/2022\/06\/13\/onlinezugangsgesetz\/\" \/>\n<meta property=\"og:locale\" content=\"de_DE\" \/>\n<meta property=\"og:type\" content=\"article\" \/>\n<meta property=\"og:title\" content=\"Onlinezugangsgesetz\" \/>\n<meta property=\"og:description\" content=\"Onlinezugangsgesetz \u2713\u2713\u2713\u2713\u2713\" \/>\n<meta property=\"og:url\" content=\"https:\/\/it-service.network\/blog\/2022\/06\/13\/onlinezugangsgesetz\/\" \/>\n<meta property=\"og:site_name\" content=\"IT-SERVICE.NETWORK Blog\" \/>\n<meta property=\"article:publisher\" content=\"https:\/\/www.facebook.com\/itservicenetwork\/\" \/>\n<meta property=\"article:published_time\" content=\"2022-06-13T05:00:05+00:00\" \/>\n<meta property=\"og:image\" content=\"https:\/\/it-service.network\/blog\/wp-content\/uploads\/2022\/05\/onlinezugangsgesetz-ogz-2022.jpg\" \/>\n\t<meta property=\"og:image:width\" content=\"720\" \/>\n\t<meta property=\"og:image:height\" content=\"540\" \/>\n\t<meta property=\"og:image:type\" content=\"image\/jpeg\" \/>\n<meta name=\"author\" content=\"Lena Klaus\" \/>\n<meta name=\"twitter:card\" content=\"summary_large_image\" \/>\n<meta name=\"twitter:creator\" content=\"@ITSERVICNETWORK\" \/>\n<meta name=\"twitter:site\" content=\"@ITSERVICNETWORK\" \/>\n<meta name=\"twitter:label1\" content=\"Verfasst von\" \/>\n\t<meta name=\"twitter:data1\" content=\"Lena Klaus\" \/>\n\t<meta name=\"twitter:label2\" content=\"Gesch\u00e4tzte Lesezeit\" \/>\n\t<meta name=\"twitter:data2\" content=\"4\u00a0Minuten\" \/>\n<script type=\"application\/ld+json\" class=\"yoast-schema-graph\">{\"@context\":\"https:\/\/schema.org\",\"@graph\":[{\"@type\":\"WebPage\",\"@id\":\"https:\/\/it-service.network\/blog\/2022\/06\/13\/onlinezugangsgesetz\/\",\"url\":\"https:\/\/it-service.network\/blog\/2022\/06\/13\/onlinezugangsgesetz\/\",\"name\":\"Onlinezugangsgesetz\",\"isPartOf\":{\"@id\":\"https:\/\/it-service.network\/blog\/#website\"},\"primaryImageOfPage\":{\"@id\":\"https:\/\/it-service.network\/blog\/2022\/06\/13\/onlinezugangsgesetz\/#primaryimage\"},\"image\":{\"@id\":\"https:\/\/it-service.network\/blog\/2022\/06\/13\/onlinezugangsgesetz\/#primaryimage\"},\"thumbnailUrl\":\"https:\/\/it-service.network\/blog\/wp-content\/uploads\/2022\/05\/onlinezugangsgesetz-ogz-2022.jpg\",\"datePublished\":\"2022-06-13T05:00:05+00:00\",\"author\":{\"@id\":\"https:\/\/it-service.network\/blog\/#\/schema\/person\/9cffbe4f537d5e70bde59b560ce9aac6\"},\"description\":\"Onlinezugangsgesetz \u2713\u2713\u2713\u2713\u2713\",\"breadcrumb\":{\"@id\":\"https:\/\/it-service.network\/blog\/2022\/06\/13\/onlinezugangsgesetz\/#breadcrumb\"},\"inLanguage\":\"de\",\"potentialAction\":[{\"@type\":\"ReadAction\",\"target\":[\"https:\/\/it-service.network\/blog\/2022\/06\/13\/onlinezugangsgesetz\/\"]}]},{\"@type\":\"ImageObject\",\"inLanguage\":\"de\",\"@id\":\"https:\/\/it-service.network\/blog\/2022\/06\/13\/onlinezugangsgesetz\/#primaryimage\",\"url\":\"https:\/\/it-service.network\/blog\/wp-content\/uploads\/2022\/05\/onlinezugangsgesetz-ogz-2022.jpg\",\"contentUrl\":\"https:\/\/it-service.network\/blog\/wp-content\/uploads\/2022\/05\/onlinezugangsgesetz-ogz-2022.jpg\",\"width\":720,\"height\":540,\"caption\":\"Durch das Onlinezugangsgesetz werden die Beh\u00f6rden digital - aber auch sicher? Bild: Pexels\/Tima Miroshnichenko\"},{\"@type\":\"BreadcrumbList\",\"@id\":\"https:\/\/it-service.network\/blog\/2022\/06\/13\/onlinezugangsgesetz\/#breadcrumb\",\"itemListElement\":[{\"@type\":\"ListItem\",\"position\":1,\"name\":\"Startseite\",\"item\":\"https:\/\/it-service.network\/blog\/\"},{\"@type\":\"ListItem\",\"position\":2,\"name\":\"Onlinezugangsgesetz ## Mangelnde IT- und Datensicherheit beim OGZ?\"}]},{\"@type\":\"WebSite\",\"@id\":\"https:\/\/it-service.network\/blog\/#website\",\"url\":\"https:\/\/it-service.network\/blog\/\",\"name\":\"IT-SERVICE.NETWORK Blog\",\"description\":\"Der IT-SERVICE.NETWORK Blog mit spannenden IT-News: \u2713 IT-Themen \u2713 IT-Trends \u2713 Business-Themen \u2713 IT-Dienstleistungen\",\"potentialAction\":[{\"@type\":\"SearchAction\",\"target\":{\"@type\":\"EntryPoint\",\"urlTemplate\":\"https:\/\/it-service.network\/blog\/?s={search_term_string}\"},\"query-input\":{\"@type\":\"PropertyValueSpecification\",\"valueRequired\":true,\"valueName\":\"search_term_string\"}}],\"inLanguage\":\"de\"},{\"@type\":\"Person\",\"@id\":\"https:\/\/it-service.network\/blog\/#\/schema\/person\/9cffbe4f537d5e70bde59b560ce9aac6\",\"name\":\"Lena Klaus\",\"image\":{\"@type\":\"ImageObject\",\"inLanguage\":\"de\",\"@id\":\"https:\/\/it-service.network\/blog\/#\/schema\/person\/image\/\",\"url\":\"https:\/\/it-service.network\/blog\/wp-content\/uploads\/2019\/04\/lena-klaus-96x96.jpg\",\"contentUrl\":\"https:\/\/it-service.network\/blog\/wp-content\/uploads\/2019\/04\/lena-klaus-96x96.jpg\",\"caption\":\"Lena Klaus\"},\"description\":\"Lena Klaus arbeitet seit 2018 als freie Autorin und SEO-Expertin f\u00fcr das IT-SERVICE.NETWORK. Besonders die Themen rund um den digitalen Wandel und New Work haben es ihr angetan. Dar\u00fcber hinaus ist die erfahrene Texterin immer wieder fasziniert davon, welche neue Methoden und Tricks Hackern und Cyberkriminellen einfallen. Seit 2013 kennt Lena Klaus die IT-Branche und hat sich in diesem Zusammenhang auf die Erstellung von Webtexten und Blogartikeln f\u00fcr B2C- und B2B-orientierte Content-Plattformen spezialisiert. Bis zu ihrer Elternzeit im Jahr 2017 war sie als Content Marketing- und PR-Managerin bei der SYNAXON AG, dem Mutterunternehmen des IT-SERVICE.NETWORK, fest angestellt. W\u00e4hrend dieser T\u00e4tigkeit verantwortete sie nicht nur die allgemeine Unternehmenskommunikation und Pressearbeit, sondern auch s\u00e4mtlichen Content der SYNAXON-Marke PC-SPEZIALIST. Nach ihrer Elternzeit wechselte sie hauptberuflich die Branche, blieb der SYNAXON AG und der mittlerweile fest etablierten Marke IT-SERVICE.NETWORK aber weiterhin als freie Mitarbeiterin treu. Neben ihrer Arbeit als Redakteurin f\u00fcr den IT-SERVICE.NETWORK-Blog verfasst sie auch Texte f\u00fcr das IT-SERVICE.NETWORK-Lexikon, einzelne Themenseiten, Leistungsbeschreibungen oder Profilseiten der Partner. In ihrer Freizeit bleibt der Laptop dann allerdings meist aus: Sie genie\u00dft die Zeit mit Ihrem Mann (nat\u00fcrlich auch ein ITler) und ihrer Tochter \u2013 am liebsten auf Reisen in fernen L\u00e4ndern.\",\"sameAs\":[\"https:\/\/it-service.network\/\"],\"url\":\"https:\/\/it-service.network\/blog\/author\/lena-klaus\/\"}]}<\/script>\n<!-- \/ Yoast SEO plugin. -->","yoast_head_json":{"title":"Onlinezugangsgesetz","description":"Onlinezugangsgesetz \u2713\u2713\u2713\u2713\u2713","robots":{"index":"index","follow":"follow","max-snippet":"max-snippet:-1","max-image-preview":"max-image-preview:large","max-video-preview":"max-video-preview:-1"},"canonical":"https:\/\/it-service.network\/blog\/2022\/06\/13\/onlinezugangsgesetz\/","og_locale":"de_DE","og_type":"article","og_title":"Onlinezugangsgesetz","og_description":"Onlinezugangsgesetz \u2713\u2713\u2713\u2713\u2713","og_url":"https:\/\/it-service.network\/blog\/2022\/06\/13\/onlinezugangsgesetz\/","og_site_name":"IT-SERVICE.NETWORK Blog","article_publisher":"https:\/\/www.facebook.com\/itservicenetwork\/","article_published_time":"2022-06-13T05:00:05+00:00","og_image":[{"width":720,"height":540,"url":"https:\/\/it-service.network\/blog\/wp-content\/uploads\/2022\/05\/onlinezugangsgesetz-ogz-2022.jpg","type":"image\/jpeg"}],"author":"Lena Klaus","twitter_card":"summary_large_image","twitter_creator":"@ITSERVICNETWORK","twitter_site":"@ITSERVICNETWORK","twitter_misc":{"Verfasst von":"Lena Klaus","Gesch\u00e4tzte Lesezeit":"4\u00a0Minuten"},"schema":{"@context":"https:\/\/schema.org","@graph":[{"@type":"WebPage","@id":"https:\/\/it-service.network\/blog\/2022\/06\/13\/onlinezugangsgesetz\/","url":"https:\/\/it-service.network\/blog\/2022\/06\/13\/onlinezugangsgesetz\/","name":"Onlinezugangsgesetz","isPartOf":{"@id":"https:\/\/it-service.network\/blog\/#website"},"primaryImageOfPage":{"@id":"https:\/\/it-service.network\/blog\/2022\/06\/13\/onlinezugangsgesetz\/#primaryimage"},"image":{"@id":"https:\/\/it-service.network\/blog\/2022\/06\/13\/onlinezugangsgesetz\/#primaryimage"},"thumbnailUrl":"https:\/\/it-service.network\/blog\/wp-content\/uploads\/2022\/05\/onlinezugangsgesetz-ogz-2022.jpg","datePublished":"2022-06-13T05:00:05+00:00","author":{"@id":"https:\/\/it-service.network\/blog\/#\/schema\/person\/9cffbe4f537d5e70bde59b560ce9aac6"},"description":"Onlinezugangsgesetz \u2713\u2713\u2713\u2713\u2713","breadcrumb":{"@id":"https:\/\/it-service.network\/blog\/2022\/06\/13\/onlinezugangsgesetz\/#breadcrumb"},"inLanguage":"de","potentialAction":[{"@type":"ReadAction","target":["https:\/\/it-service.network\/blog\/2022\/06\/13\/onlinezugangsgesetz\/"]}]},{"@type":"ImageObject","inLanguage":"de","@id":"https:\/\/it-service.network\/blog\/2022\/06\/13\/onlinezugangsgesetz\/#primaryimage","url":"https:\/\/it-service.network\/blog\/wp-content\/uploads\/2022\/05\/onlinezugangsgesetz-ogz-2022.jpg","contentUrl":"https:\/\/it-service.network\/blog\/wp-content\/uploads\/2022\/05\/onlinezugangsgesetz-ogz-2022.jpg","width":720,"height":540,"caption":"Durch das Onlinezugangsgesetz werden die Beh\u00f6rden digital - aber auch sicher? Bild: Pexels\/Tima Miroshnichenko"},{"@type":"BreadcrumbList","@id":"https:\/\/it-service.network\/blog\/2022\/06\/13\/onlinezugangsgesetz\/#breadcrumb","itemListElement":[{"@type":"ListItem","position":1,"name":"Startseite","item":"https:\/\/it-service.network\/blog\/"},{"@type":"ListItem","position":2,"name":"Onlinezugangsgesetz ## Mangelnde IT- und Datensicherheit beim OGZ?"}]},{"@type":"WebSite","@id":"https:\/\/it-service.network\/blog\/#website","url":"https:\/\/it-service.network\/blog\/","name":"IT-SERVICE.NETWORK Blog","description":"Der IT-SERVICE.NETWORK Blog mit spannenden IT-News: \u2713 IT-Themen \u2713 IT-Trends \u2713 Business-Themen \u2713 IT-Dienstleistungen","potentialAction":[{"@type":"SearchAction","target":{"@type":"EntryPoint","urlTemplate":"https:\/\/it-service.network\/blog\/?s={search_term_string}"},"query-input":{"@type":"PropertyValueSpecification","valueRequired":true,"valueName":"search_term_string"}}],"inLanguage":"de"},{"@type":"Person","@id":"https:\/\/it-service.network\/blog\/#\/schema\/person\/9cffbe4f537d5e70bde59b560ce9aac6","name":"Lena Klaus","image":{"@type":"ImageObject","inLanguage":"de","@id":"https:\/\/it-service.network\/blog\/#\/schema\/person\/image\/","url":"https:\/\/it-service.network\/blog\/wp-content\/uploads\/2019\/04\/lena-klaus-96x96.jpg","contentUrl":"https:\/\/it-service.network\/blog\/wp-content\/uploads\/2019\/04\/lena-klaus-96x96.jpg","caption":"Lena Klaus"},"description":"Lena Klaus arbeitet seit 2018 als freie Autorin und SEO-Expertin f\u00fcr das IT-SERVICE.NETWORK. Besonders die Themen rund um den digitalen Wandel und New Work haben es ihr angetan. Dar\u00fcber hinaus ist die erfahrene Texterin immer wieder fasziniert davon, welche neue Methoden und Tricks Hackern und Cyberkriminellen einfallen. Seit 2013 kennt Lena Klaus die IT-Branche und hat sich in diesem Zusammenhang auf die Erstellung von Webtexten und Blogartikeln f\u00fcr B2C- und B2B-orientierte Content-Plattformen spezialisiert. Bis zu ihrer Elternzeit im Jahr 2017 war sie als Content Marketing- und PR-Managerin bei der SYNAXON AG, dem Mutterunternehmen des IT-SERVICE.NETWORK, fest angestellt. W\u00e4hrend dieser T\u00e4tigkeit verantwortete sie nicht nur die allgemeine Unternehmenskommunikation und Pressearbeit, sondern auch s\u00e4mtlichen Content der SYNAXON-Marke PC-SPEZIALIST. Nach ihrer Elternzeit wechselte sie hauptberuflich die Branche, blieb der SYNAXON AG und der mittlerweile fest etablierten Marke IT-SERVICE.NETWORK aber weiterhin als freie Mitarbeiterin treu. Neben ihrer Arbeit als Redakteurin f\u00fcr den IT-SERVICE.NETWORK-Blog verfasst sie auch Texte f\u00fcr das IT-SERVICE.NETWORK-Lexikon, einzelne Themenseiten, Leistungsbeschreibungen oder Profilseiten der Partner. In ihrer Freizeit bleibt der Laptop dann allerdings meist aus: Sie genie\u00dft die Zeit mit Ihrem Mann (nat\u00fcrlich auch ein ITler) und ihrer Tochter \u2013 am liebsten auf Reisen in fernen L\u00e4ndern.","sameAs":["https:\/\/it-service.network\/"],"url":"https:\/\/it-service.network\/blog\/author\/lena-klaus\/"}]}},"_links":{"self":[{"href":"https:\/\/it-service.network\/blog\/wp-json\/wp\/v2\/posts\/19656","targetHints":{"allow":["GET"]}}],"collection":[{"href":"https:\/\/it-service.network\/blog\/wp-json\/wp\/v2\/posts"}],"about":[{"href":"https:\/\/it-service.network\/blog\/wp-json\/wp\/v2\/types\/post"}],"author":[{"embeddable":true,"href":"https:\/\/it-service.network\/blog\/wp-json\/wp\/v2\/users\/14"}],"replies":[{"embeddable":true,"href":"https:\/\/it-service.network\/blog\/wp-json\/wp\/v2\/comments?post=19656"}],"version-history":[{"count":13,"href":"https:\/\/it-service.network\/blog\/wp-json\/wp\/v2\/posts\/19656\/revisions"}],"predecessor-version":[{"id":19664,"href":"https:\/\/it-service.network\/blog\/wp-json\/wp\/v2\/posts\/19656\/revisions\/19664"}],"wp:featuredmedia":[{"embeddable":true,"href":"https:\/\/it-service.network\/blog\/wp-json\/wp\/v2\/media\/19670"}],"wp:attachment":[{"href":"https:\/\/it-service.network\/blog\/wp-json\/wp\/v2\/media?parent=19656"}],"wp:term":[{"taxonomy":"category","embeddable":true,"href":"https:\/\/it-service.network\/blog\/wp-json\/wp\/v2\/categories?post=19656"},{"taxonomy":"post_tag","embeddable":true,"href":"https:\/\/it-service.network\/blog\/wp-json\/wp\/v2\/tags?post=19656"}],"curies":[{"name":"wp","href":"https:\/\/api.w.org\/{rel}","templated":true}]}}