{"id":20821,"date":"2022-10-28T07:30:04","date_gmt":"2022-10-28T05:30:04","guid":{"rendered":"https:\/\/it-service.network\/blog\/?p=20821"},"modified":"2022-10-28T08:55:45","modified_gmt":"2022-10-28T06:55:45","slug":"brueckentage-2023","status":"publish","type":"post","link":"https:\/\/it-service.network\/blog\/2022\/10\/28\/brueckentage-2023\/","title":{"rendered":"Br\u00fcckentage 2023 ## Tipps f\u00fcr die Urlaubsplanung 2023"},"content":{"rendered":"<p><strong>Die Br\u00fcckentage 2023 bieten vielversprechende M\u00f6glichkeiten, ein Maximum aus den vorhandenen Urlaubstagen herauszuholen. Vorab sei aber gesagt: Fairness den Kollegen gegen\u00fcber geht vor!<\/strong><\/p>\n<p>Wie die Feiertage und damit die Br\u00fcckentage 2023 fallen und wie sich die Urlaubsplanung vereinfachen l\u00e4sst, verraten wir jetzt.<br \/>\n<!--more--><\/p>\n<div class=\"inhaltsverzeichnis\">\n<div class=\"head\" data-toggle=\"collapse\" data-target=\"#verzeichnis\">Inhaltsverzeichnis<i class=\"material-icons\">expand_more<\/i><\/div>\n<ol id=\"verzeichnis\" class=\"collapse in\" style=\"line-height: 1.7;\">\n<li><a href=\"#eins\">Streitpunkt Urlaubsplanung: Zoff um Br\u00fcckentage?<\/a><\/li>\n<li><a href=\"#zwei\">Br\u00fcckentage 2023: Aus 25 Urlaubstagen 61 freie Tage machen<\/a><\/li>\n<li><a href=\"#drei\">\u00dcbersicht Feiertage 2023<\/a>\n<ul>\n<li><a href=\"#vier\">Wie viele Urlaubstage f\u00fcr Weihnachten 2023?<\/a><\/li>\n<\/ul>\n<\/li>\n<li><a href=\"#fuenf\">Br\u00fcckentage 2023 berechnen und aufteilen<\/a><\/li>\n<li><a href=\"#sechs\">Digitale Urlaubsplanung \u2013 Personalmanagement-Software<\/a><\/li>\n<\/ol>\n<\/div>\n<h2 id=\"eins\">Streitpunkt Urlaubsplanung: Zoff um Br\u00fcckentage?<\/h2>\n<p>In vielen B\u00fcros ist es jedes Jahr das gleiche Spiel: Es gibt einfach Kollegen, die jeden Br\u00fcckentag f\u00fcr sich mitnehmen m\u00f6chten und ihre Urlaubsplanung f\u00fcr das Folgejahr aus diesem Grund noch vor allen anderen einreichen. Logisch: Br\u00fcckentage sind super! Wir alle lieben sie, f\u00fchlt sich doch ein <strong>verl\u00e4ngertes Wochenende<\/strong> beinahe wie ein richtiger Urlaub an. Es ist auch nicht so, als sei der Erholungsfaktor unwesentlich.<\/p>\n<p>Im Umkehrschluss wei\u00df auch jeder gute Chef: Erholte und zufriedene Mitarbeiter sind gute und motivierte Mitarbeiter. Beim Spiel um die Br\u00fcckentage sollten <strong>Fairness<\/strong> und <strong>Gleichberechtigung<\/strong> daher besonders gegeben sein.<\/p>\n<p>Wir stellen im Folgenden die Br\u00fcckentage 2023 vor und geben weitere <strong>Tipps f\u00fcr die Urlaubsplanung<\/strong> im kommenden Jahr \u2013 sowohl f\u00fcr Arbeitnehmer als auch f\u00fcr Arbeitgeber.<\/p>\n<div id=\"attachment_20831\" style=\"width: 1427px\" class=\"wp-caption aligncenter\"><img loading=\"lazy\" decoding=\"async\" aria-describedby=\"caption-attachment-20831\" class=\"size-full wp-image-20831\" src=\"https:\/\/it-service.network\/blog\/wp-content\/uploads\/2022\/10\/pexels-pixabay-39578-brueckentage-2023-urlaubsplanung.jpg\" alt=\"zu sehen ist ein Tablet auf einem Schreibtisch neben einem Mac. Auf dem iPad ist der Kalender ge\u00f6ffnet. Thema sind die Br\u00fcckentage 2023. Bild: Pexels\/Pixabay\" width=\"1417\" height=\"941\" srcset=\"https:\/\/it-service.network\/blog\/wp-content\/uploads\/2022\/10\/pexels-pixabay-39578-brueckentage-2023-urlaubsplanung.jpg 1417w, https:\/\/it-service.network\/blog\/wp-content\/uploads\/2022\/10\/pexels-pixabay-39578-brueckentage-2023-urlaubsplanung-300x199.jpg 300w, https:\/\/it-service.network\/blog\/wp-content\/uploads\/2022\/10\/pexels-pixabay-39578-brueckentage-2023-urlaubsplanung-1024x680.jpg 1024w, https:\/\/it-service.network\/blog\/wp-content\/uploads\/2022\/10\/pexels-pixabay-39578-brueckentage-2023-urlaubsplanung-768x510.jpg 768w\" sizes=\"auto, (max-width: 1417px) 100vw, 1417px\" \/><p id=\"caption-attachment-20831\" class=\"wp-caption-text\">Die Br\u00fcckentage 2023 ist sehr arbeitnehmerfreundlich. Bild: Pexels\/Pixabay<\/p><\/div>\n<h2 id=\"zwei\">Br\u00fcckentage 2023: Aus 25 Urlaubstagen 61 freie Tage machen<\/h2>\n<p>Flickenteppich Deutschland: Im S\u00fcden der Republik genie\u00dfen die Arbeitnehmer die meisten Feiertage. <strong>Spitzenreiter ist Bayern mit 13 Feiertagen<\/strong> (in den katholischen Gemeinden). Die Stadt Augsburg stellt dabei noch eine besondere Ausnahme dar und kommt auf satte 14 Feiertage, da dort im August zus\u00e4tzlich das \u201eHohe Friedensfest\u201c gefeiert wird.<\/p>\n<p>D\u00fcsterer sieht es da in Brandenburg, Hamburg, Bremen, Hessen, Niedersachen, Schleswig-Holstein und Mecklenburg-Vorpommern aus: Hier gibt es j\u00e4hrlich \u201enur\u201c 10 gesetzliche Feiertage. Berlin und Th\u00fcringen punkten mit jeweils einem separaten Feiertag (Frauentag und Weltkindertag), den die anderen Bundesl\u00e4nder nicht haben. Die \u00fcbrigens Bundesl\u00e4nder tummeln sich irgendwo im Mittelfeld.<\/p>\n<p>Fakt ist: <strong>Aus 25 Urlaubstagen<\/strong> im Jahr 2023 lassen sich im Saarland, in Bayern und in Baden-W\u00fcrttemberg <strong>insgesamt 61 freie Tage<\/strong> herausholen. Auf dem letzten Platz in puncto Br\u00fcckentage 2023 landen die Hessen. Sie kommen mit 24 Urlaubstagen auf 43 freie Tage, trotz pfiffiger Kombinationen.<\/p>\n<h2 id=\"drei\">\u00dcbersicht Feiertage 2023<\/h2>\n<p>Um zu wissen, welche Tage sich als Br\u00fcckentag eignen, braucht es nat\u00fcrlich eine \u00dcbersicht \u00fcber die Feiertage im kommenden Jahr. Hier ist sie:<\/p>\n<ul>\n<li><strong>Neujahr<\/strong>, 01.01.2023, Sonntag<\/li>\n<li><strong>Heilige Drei K\u00f6nige<\/strong>, 06.01.2023, Freitag (nur in Bayern, Baden-W\u00fcrttemberg und Sachsen-Anhalt)<\/li>\n<li><strong>Internationaler Frauentag,<\/strong> 08.03.2023, Mittwoch (nur in Berlin)<\/li>\n<li><strong>Karfreitag<\/strong>, 07.04.2023, Freitag<\/li>\n<li><strong>Ostersonntag<\/strong>, 09.04.2023, Sonntag<\/li>\n<li><strong>Ostermontag<\/strong>, 10.04.2023, Montag<\/li>\n<li><strong>Tag der Arbeit<\/strong>, 01.05.2023, Montag<\/li>\n<li><strong>Christi Himmelfahrt<\/strong>, 18.05.2023, Donnerstag<\/li>\n<li><strong>Pfingstsonntag<\/strong>, 28.05.2023, Sonntag<\/li>\n<li><strong>Pfingstmontag<\/strong>, 29.05.2023, Montag<\/li>\n<li><strong>Fronleichnam<\/strong>, 08.06.2023, Donnerstag (nur in Bayern, Baden-W\u00fcrttemberg, Hessen, Rheinland-Pfalz, Saarland und Nordrhein-Westfalen)<\/li>\n<li><strong>Maria Himmelfahrt<\/strong>, 15.08.2023, Dienstag (nur in katholischen Gemeinden Bayerns)<\/li>\n<li><strong>Weltkindertag<\/strong>, 20.09.2023, Mittwoch (nur in Th\u00fcringen)<\/li>\n<li><strong>Tag der Deutschen Einheit<\/strong>, 03.10.2023, Dienstag<\/li>\n<li><strong>Reformationstag<\/strong>, 31.10.2023, Dienstag (nur in Brandenburg, Bremen, Hamburg, Mecklenburg-Vorpommern, Niedersachsen, Sachsen-Anhalt, Sachsen, Schleswig-Holstein und Th\u00fcringen)<\/li>\n<li><strong>Allerheiligen<\/strong>, 01.11.2023, Mittwoch (nur in Bayern, Baden-W\u00fcrttemberg, Rheinland-Pfalz, Saarland und Nordrhein-Westfalen)<\/li>\n<li><strong>Bu\u00df- und Bettag<\/strong>, 22.10.2023, Mittwoch (nur in Sachsen)<\/li>\n<li><strong>1. Weihnachtsfeiertag<\/strong>, 25.12.2023, Montag<\/li>\n<li><strong>2. Weihnachtsfeiertag<\/strong>, 26.12.2023 Dienstag<\/li>\n<\/ul>\n<p>Sie sehen:<strong> 2023 ist ein arbeitnehmerfreundliches Jahr<\/strong>. Als Chef und Unternehmer sollten Sie sich aber nicht gr\u00e4men: Freuen Sie sich f\u00fcr Ihre Mitarbeiter mit. Der Kalender sorgt ganz automatisch daf\u00fcr, dass auch wieder Arbeitgeber-Jahre kommen.<\/p>\n<div id=\"attachment_20832\" style=\"width: 1286px\" class=\"wp-caption aligncenter\"><img loading=\"lazy\" decoding=\"async\" aria-describedby=\"caption-attachment-20832\" class=\"size-full wp-image-20832\" src=\"https:\/\/it-service.network\/blog\/wp-content\/uploads\/2022\/10\/pexels-pavel-danilyuk-6400363-weihnachten-2023.jpg\" alt=\"zu sehen ist ein nahezu leeres B\u00fcro mit weihnachtlicher Dekoration. Bild: Pexels\/Pavel Danilyuk \" width=\"1276\" height=\"852\" srcset=\"https:\/\/it-service.network\/blog\/wp-content\/uploads\/2022\/10\/pexels-pavel-danilyuk-6400363-weihnachten-2023.jpg 1276w, https:\/\/it-service.network\/blog\/wp-content\/uploads\/2022\/10\/pexels-pavel-danilyuk-6400363-weihnachten-2023-300x200.jpg 300w, https:\/\/it-service.network\/blog\/wp-content\/uploads\/2022\/10\/pexels-pavel-danilyuk-6400363-weihnachten-2023-1024x684.jpg 1024w, https:\/\/it-service.network\/blog\/wp-content\/uploads\/2022\/10\/pexels-pavel-danilyuk-6400363-weihnachten-2023-768x513.jpg 768w\" sizes=\"auto, (max-width: 1276px) 100vw, 1276px\" \/><p id=\"caption-attachment-20832\" class=\"wp-caption-text\">Weihnachten 2023 f\u00e4llt sehr arbeitnehmerfreundlich. Bild: Pexels\/Pavel Danilyuk<\/p><\/div>\n<h3 id=\"vier\">Wie viele Urlaubstage f\u00fcr Weihnachten 2023?<\/h3>\n<p>Nach Weihnachten ist vor Weihnachten: Schon jetzt werfen viele Arbeitnehmer einen Blick in den Kalender und fragen sich: \u201e<strong>Wie f\u00e4llt Weihnachten 2023?<\/strong>\u201c. Und hier direkt die gute Nachricht: Weihnachten 2023 f\u00e4llt sehr gut \u2013 zumindest aus Arbeitnehmer-Sicht.<\/p>\n<p><strong>Heiligabend<\/strong>, seines Zeichens kein gesetzlicher Feiertag, f\u00e4llt auf einen Sonntag. Viele Unternehmen schenken diesen Tag sowieso ihren Angestellten, andere berechnen f\u00fcr Heiligabend nur einen halben Tag, aber es gibt durchaus auch viele Firmen, in denen f\u00fcr Heiligabend ein kompletter Urlaubstag genommen werden muss. Und genau diese Betroffenen d\u00fcrfen sich im kommenden Jahr freuen.<\/p>\n<p>Das bedeutet gleichzeitig: Der Montag und Dienstag darauf sind mit dem 1. und 2. Weihnachtsfeiertag automatisch frei. Es braucht daher gerade einmal <strong>drei Urlaubstage<\/strong> (Mittwoch bis Freitag), <strong>um bis Neujahr insgesamt 10 freie Tage<\/strong> zu genie\u00dfen. Nicht unwichtig f\u00fcr alle, die gerne \u00fcber Weihnachten bzw. \u201ezwischen den Jahren\u201c wegfahren oder schulkinderbedingt mit ihren Urlaubstagen besonders haushalten m\u00fcssen.<\/p>\n<h2 id=\"fuenf\">Br\u00fcckentage 2023 berechnen und aufteilen<\/h2>\n<p>Im Netz findet man mehrere <strong>Urlaubs- und Br\u00fcckentag-Berechner<\/strong>, die f\u00fcr das jeweilige Bundesland die bestm\u00f6gliche Kombination anzeigen. In diesem Zusammenhang sei aber noch einmal darauf hingewiesen, dass es innerhalb von Teams immer fair zugehen sollte.<\/p>\n<p>Naturgem\u00e4\u00df ist es bei der <strong>Urlaubsplanung<\/strong> meist so, dass <strong>Eltern mit Kindern<\/strong> gewisse Vorz\u00fcge genie\u00dfen, da sie an die Schulferien oder Kita-Schlie\u00dfzeiten gebunden sind. Bevor der ledige Kollege jetzt emp\u00f6rt aufschreit, sollte er sich aber bewusst machen, dass es ihm daf\u00fcr m\u00f6glich ist, in der Nebensaison zu verreisen und damit f\u00fcr einen Bruchteil des Geldes zu urlauben, das Familien berappen m\u00fcssen.<\/p>\n<p>Mit Hilfe von Br\u00fcckentagen kann aber eine faire L\u00f6sung f\u00fcr alle gefunden werden. Alternativ eignet sich auch ein <strong>Rotationssystem<\/strong>. Nach dem Motto: Du bekommt den Freitag nach Himmelfahr in diesem, ich im n\u00e4chsten Jahr. Der jeweilige Chef oder Abteilungsleiter sollte darauf achten, dass sich niemand benachteiligt f\u00fchlt und die Urlaubsplanung nicht zu <strong>Konflikten<\/strong> in der Belegschaft f\u00fchrt.<\/p>\n<div id=\"attachment_20834\" style=\"width: 1427px\" class=\"wp-caption aligncenter\"><img loading=\"lazy\" decoding=\"async\" aria-describedby=\"caption-attachment-20834\" class=\"size-full wp-image-20834\" src=\"https:\/\/it-service.network\/blog\/wp-content\/uploads\/2022\/10\/pexels-pavel-danilyuk-6405730-urlaubsplanung-2023.jpg\" alt=\"Mitarbeiter im B\u00fcro w\u00e4hrend der Weihnachtszeit. Bild: Pexels\/Pavel Danilyuk\" width=\"1417\" height=\"946\" srcset=\"https:\/\/it-service.network\/blog\/wp-content\/uploads\/2022\/10\/pexels-pavel-danilyuk-6405730-urlaubsplanung-2023.jpg 1417w, https:\/\/it-service.network\/blog\/wp-content\/uploads\/2022\/10\/pexels-pavel-danilyuk-6405730-urlaubsplanung-2023-300x200.jpg 300w, https:\/\/it-service.network\/blog\/wp-content\/uploads\/2022\/10\/pexels-pavel-danilyuk-6405730-urlaubsplanung-2023-1024x684.jpg 1024w, https:\/\/it-service.network\/blog\/wp-content\/uploads\/2022\/10\/pexels-pavel-danilyuk-6405730-urlaubsplanung-2023-768x513.jpg 768w\" sizes=\"auto, (max-width: 1417px) 100vw, 1417px\" \/><p id=\"caption-attachment-20834\" class=\"wp-caption-text\">Gute Stimmung im Team trotz der Planung von Br\u00fccken- und Urlaubstagen ist durchaus m\u00f6glich. Bild: Pexels\/Pavel Danilyuk<\/p><\/div>\n<h2 id=\"sechs\">Digitale Urlaubsplanung \u2013 Personalmanagement-Software<\/h2>\n<p>Auch leidige Themen wie die <strong>Urlaubsplanung<\/strong> lassen sich heute mittels<strong> digitaler Tools<\/strong> und praktischer Software vereinfachen. Nicht nur, dass s\u00e4mtliche Urlaubs- und Br\u00fcckentage \u00fcbersichtlich eingesehen und erfasst werden k\u00f6nnen, auch die Erstellung von Statistiken ist beispielsweise m\u00f6glich.<\/p>\n<p>Unsere <a href=\"https:\/\/it-service.network\/it-dienstleister-finden\">Experten aus dem IT-SERVICE.NETWORK<\/a> stehen Ihnen gern zur Seite, wenn Sie die <strong>HR-Prozesse<\/strong> in Ihrem Unternehmen vereinfachen und digitalisieren m\u00f6chten. Kontaktieren Sie einfach einen unserer IT-Dienstleister aus Ihrer Region und lassen Sie sich unverbindlich beraten. Neben der Beratung und fachgerechter Unterst\u00fctzung im Auswahlprozess k\u00fcmmern wir uns selbstverst\u00e4ndlich auch um die <a href=\"https:\/\/it-service.network\/it-infrastruktur\/hardware-und-software-beschaffung\" target=\"_blank\" rel=\"noopener\">Beschaffung der Software<\/a>, ihre Installation und laufende Wartung. Dabei ber\u00fccksichtigen wir auch den Faktor Kompatibilit\u00e4t und andere Herausforderungen rund um den digitalen Wandel.<\/p>\n<p>&nbsp;<\/p>\n<hr \/>\n<p><small><strong> Weiterf\u00fchrende Links:<\/strong><br \/>\n<a href=\"https:\/\/t3n.de\/news\/brueckentage-2023-urlaubsplanung-1115626\/\" target=\"_blank\" rel=\"noopener\">t3n<\/a>, <a href=\"https:\/\/www.urlaubspiraten.de\/reisethemen\/reisekalender\/brueckentage\" target=\"_blank\" rel=\"noopener\">Urlaubspiraten<\/a><\/small><\/p>\n","protected":false},"excerpt":{"rendered":"<p>Die Br\u00fcckentage 2023 bieten vielversprechende M\u00f6glichkeiten, ein Maximum aus den vorhandenen Urlaubstagen herauszuholen. Vorab sei aber gesagt: Fairness den Kollegen gegen\u00fcber geht vor! Wie die Feiertage und damit die Br\u00fcckentage 2023 fallen und wie sich die Urlaubsplanung vereinfachen l\u00e4sst, verraten wir jetzt.<\/p>\n","protected":false},"author":14,"featured_media":20827,"comment_status":"open","ping_status":"open","sticky":false,"template":"","format":"standard","meta":{"footnotes":""},"categories":[408],"tags":[45,897],"class_list":["post-20821","post","type-post","status-publish","format-standard","has-post-thumbnail","hentry","category-arbeitswelt-trends","tag-digitaler-wandel","tag-software"],"yoast_head":"<!-- This site is optimized with the Yoast SEO plugin v26.5 - https:\/\/yoast.com\/wordpress\/plugins\/seo\/ -->\n<title>Br\u00fcckentage 2023 \u2013 Tipps f\u00fcr die Urlaubsplanung 2023<\/title>\n<meta name=\"description\" content=\"Die Br\u00fcckentage 2023 sind arbeitnehmerfreundlich: \u2713 \u00dcbersicht Br\u00fcckentage und Feiertage 2023 \u2713 Urlaubsplanungstipps \u2713 Bundesl\u00e4nder-Vergleich\" \/>\n<meta name=\"robots\" content=\"index, follow, max-snippet:-1, max-image-preview:large, max-video-preview:-1\" \/>\n<link rel=\"canonical\" href=\"https:\/\/it-service.network\/blog\/2022\/10\/28\/brueckentage-2023\/\" \/>\n<meta property=\"og:locale\" content=\"de_DE\" \/>\n<meta property=\"og:type\" content=\"article\" \/>\n<meta property=\"og:title\" content=\"Br\u00fcckentage 2023 \u2013 Tipps f\u00fcr die Urlaubsplanung 2023\" \/>\n<meta property=\"og:description\" content=\"Die Br\u00fcckentage 2023 sind arbeitnehmerfreundlich: \u2713 \u00dcbersicht Br\u00fcckentage und Feiertage 2023 \u2713 Urlaubsplanungstipps \u2713 Bundesl\u00e4nder-Vergleich\" \/>\n<meta property=\"og:url\" content=\"https:\/\/it-service.network\/blog\/2022\/10\/28\/brueckentage-2023\/\" \/>\n<meta property=\"og:site_name\" content=\"IT-SERVICE.NETWORK Blog\" \/>\n<meta property=\"article:publisher\" content=\"https:\/\/www.facebook.com\/itservicenetwork\/\" \/>\n<meta property=\"article:published_time\" content=\"2022-10-28T05:30:04+00:00\" \/>\n<meta property=\"article:modified_time\" content=\"2022-10-28T06:55:45+00:00\" \/>\n<meta property=\"og:image\" content=\"https:\/\/it-service.network\/blog\/wp-content\/uploads\/2022\/10\/brueckentage-2023-pexels-pixabay.jpg\" \/>\n\t<meta property=\"og:image:width\" content=\"720\" \/>\n\t<meta property=\"og:image:height\" content=\"540\" \/>\n\t<meta property=\"og:image:type\" content=\"image\/jpeg\" \/>\n<meta name=\"author\" content=\"Lena Klaus\" \/>\n<meta name=\"twitter:card\" content=\"summary_large_image\" \/>\n<meta name=\"twitter:creator\" content=\"@ITSERVICNETWORK\" \/>\n<meta name=\"twitter:site\" content=\"@ITSERVICNETWORK\" \/>\n<meta name=\"twitter:label1\" content=\"Verfasst von\" \/>\n\t<meta name=\"twitter:data1\" content=\"Lena Klaus\" \/>\n\t<meta name=\"twitter:label2\" content=\"Gesch\u00e4tzte Lesezeit\" \/>\n\t<meta name=\"twitter:data2\" content=\"7\u00a0Minuten\" \/>\n<script type=\"application\/ld+json\" class=\"yoast-schema-graph\">{\"@context\":\"https:\/\/schema.org\",\"@graph\":[{\"@type\":\"WebPage\",\"@id\":\"https:\/\/it-service.network\/blog\/2022\/10\/28\/brueckentage-2023\/\",\"url\":\"https:\/\/it-service.network\/blog\/2022\/10\/28\/brueckentage-2023\/\",\"name\":\"Br\u00fcckentage 2023 \u2013 Tipps f\u00fcr die Urlaubsplanung 2023\",\"isPartOf\":{\"@id\":\"https:\/\/it-service.network\/blog\/#website\"},\"primaryImageOfPage\":{\"@id\":\"https:\/\/it-service.network\/blog\/2022\/10\/28\/brueckentage-2023\/#primaryimage\"},\"image\":{\"@id\":\"https:\/\/it-service.network\/blog\/2022\/10\/28\/brueckentage-2023\/#primaryimage\"},\"thumbnailUrl\":\"https:\/\/it-service.network\/blog\/wp-content\/uploads\/2022\/10\/brueckentage-2023-pexels-pixabay.jpg\",\"datePublished\":\"2022-10-28T05:30:04+00:00\",\"dateModified\":\"2022-10-28T06:55:45+00:00\",\"author\":{\"@id\":\"https:\/\/it-service.network\/blog\/#\/schema\/person\/9cffbe4f537d5e70bde59b560ce9aac6\"},\"description\":\"Die Br\u00fcckentage 2023 sind arbeitnehmerfreundlich: \u2713 \u00dcbersicht Br\u00fcckentage und Feiertage 2023 \u2713 Urlaubsplanungstipps \u2713 Bundesl\u00e4nder-Vergleich\",\"breadcrumb\":{\"@id\":\"https:\/\/it-service.network\/blog\/2022\/10\/28\/brueckentage-2023\/#breadcrumb\"},\"inLanguage\":\"de\",\"potentialAction\":[{\"@type\":\"ReadAction\",\"target\":[\"https:\/\/it-service.network\/blog\/2022\/10\/28\/brueckentage-2023\/\"]}]},{\"@type\":\"ImageObject\",\"inLanguage\":\"de\",\"@id\":\"https:\/\/it-service.network\/blog\/2022\/10\/28\/brueckentage-2023\/#primaryimage\",\"url\":\"https:\/\/it-service.network\/blog\/wp-content\/uploads\/2022\/10\/brueckentage-2023-pexels-pixabay.jpg\",\"contentUrl\":\"https:\/\/it-service.network\/blog\/wp-content\/uploads\/2022\/10\/brueckentage-2023-pexels-pixabay.jpg\",\"width\":720,\"height\":540,\"caption\":\"Br\u00fcckentage 2023: Wer gut kombiniert, hat Zeit f\u00fcr einen Kurzurlaub. Bild: Pexels\/Pixabay\"},{\"@type\":\"BreadcrumbList\",\"@id\":\"https:\/\/it-service.network\/blog\/2022\/10\/28\/brueckentage-2023\/#breadcrumb\",\"itemListElement\":[{\"@type\":\"ListItem\",\"position\":1,\"name\":\"Startseite\",\"item\":\"https:\/\/it-service.network\/blog\/\"},{\"@type\":\"ListItem\",\"position\":2,\"name\":\"Br\u00fcckentage 2023 ## Tipps f\u00fcr die Urlaubsplanung 2023\"}]},{\"@type\":\"WebSite\",\"@id\":\"https:\/\/it-service.network\/blog\/#website\",\"url\":\"https:\/\/it-service.network\/blog\/\",\"name\":\"IT-SERVICE.NETWORK Blog\",\"description\":\"Der IT-SERVICE.NETWORK Blog mit spannenden IT-News: \u2713 IT-Themen \u2713 IT-Trends \u2713 Business-Themen \u2713 IT-Dienstleistungen\",\"potentialAction\":[{\"@type\":\"SearchAction\",\"target\":{\"@type\":\"EntryPoint\",\"urlTemplate\":\"https:\/\/it-service.network\/blog\/?s={search_term_string}\"},\"query-input\":{\"@type\":\"PropertyValueSpecification\",\"valueRequired\":true,\"valueName\":\"search_term_string\"}}],\"inLanguage\":\"de\"},{\"@type\":\"Person\",\"@id\":\"https:\/\/it-service.network\/blog\/#\/schema\/person\/9cffbe4f537d5e70bde59b560ce9aac6\",\"name\":\"Lena Klaus\",\"image\":{\"@type\":\"ImageObject\",\"inLanguage\":\"de\",\"@id\":\"https:\/\/it-service.network\/blog\/#\/schema\/person\/image\/\",\"url\":\"https:\/\/it-service.network\/blog\/wp-content\/uploads\/2019\/04\/lena-klaus-96x96.jpg\",\"contentUrl\":\"https:\/\/it-service.network\/blog\/wp-content\/uploads\/2019\/04\/lena-klaus-96x96.jpg\",\"caption\":\"Lena Klaus\"},\"description\":\"Lena Klaus arbeitet seit 2018 als freie Autorin und SEO-Expertin f\u00fcr das IT-SERVICE.NETWORK. Besonders die Themen rund um den digitalen Wandel und New Work haben es ihr angetan. Dar\u00fcber hinaus ist die erfahrene Texterin immer wieder fasziniert davon, welche neue Methoden und Tricks Hackern und Cyberkriminellen einfallen. Seit 2013 kennt Lena Klaus die IT-Branche und hat sich in diesem Zusammenhang auf die Erstellung von Webtexten und Blogartikeln f\u00fcr B2C- und B2B-orientierte Content-Plattformen spezialisiert. Bis zu ihrer Elternzeit im Jahr 2017 war sie als Content Marketing- und PR-Managerin bei der SYNAXON AG, dem Mutterunternehmen des IT-SERVICE.NETWORK, fest angestellt. W\u00e4hrend dieser T\u00e4tigkeit verantwortete sie nicht nur die allgemeine Unternehmenskommunikation und Pressearbeit, sondern auch s\u00e4mtlichen Content der SYNAXON-Marke PC-SPEZIALIST. Nach ihrer Elternzeit wechselte sie hauptberuflich die Branche, blieb der SYNAXON AG und der mittlerweile fest etablierten Marke IT-SERVICE.NETWORK aber weiterhin als freie Mitarbeiterin treu. Neben ihrer Arbeit als Redakteurin f\u00fcr den IT-SERVICE.NETWORK-Blog verfasst sie auch Texte f\u00fcr das IT-SERVICE.NETWORK-Lexikon, einzelne Themenseiten, Leistungsbeschreibungen oder Profilseiten der Partner. In ihrer Freizeit bleibt der Laptop dann allerdings meist aus: Sie genie\u00dft die Zeit mit Ihrem Mann (nat\u00fcrlich auch ein ITler) und ihrer Tochter \u2013 am liebsten auf Reisen in fernen L\u00e4ndern.\",\"sameAs\":[\"https:\/\/it-service.network\/\"],\"url\":\"https:\/\/it-service.network\/blog\/author\/lena-klaus\/\"}]}<\/script>\n<!-- \/ Yoast SEO plugin. -->","yoast_head_json":{"title":"Br\u00fcckentage 2023 \u2013 Tipps f\u00fcr die Urlaubsplanung 2023","description":"Die Br\u00fcckentage 2023 sind arbeitnehmerfreundlich: \u2713 \u00dcbersicht Br\u00fcckentage und Feiertage 2023 \u2713 Urlaubsplanungstipps \u2713 Bundesl\u00e4nder-Vergleich","robots":{"index":"index","follow":"follow","max-snippet":"max-snippet:-1","max-image-preview":"max-image-preview:large","max-video-preview":"max-video-preview:-1"},"canonical":"https:\/\/it-service.network\/blog\/2022\/10\/28\/brueckentage-2023\/","og_locale":"de_DE","og_type":"article","og_title":"Br\u00fcckentage 2023 \u2013 Tipps f\u00fcr die Urlaubsplanung 2023","og_description":"Die Br\u00fcckentage 2023 sind arbeitnehmerfreundlich: \u2713 \u00dcbersicht Br\u00fcckentage und Feiertage 2023 \u2713 Urlaubsplanungstipps \u2713 Bundesl\u00e4nder-Vergleich","og_url":"https:\/\/it-service.network\/blog\/2022\/10\/28\/brueckentage-2023\/","og_site_name":"IT-SERVICE.NETWORK Blog","article_publisher":"https:\/\/www.facebook.com\/itservicenetwork\/","article_published_time":"2022-10-28T05:30:04+00:00","article_modified_time":"2022-10-28T06:55:45+00:00","og_image":[{"width":720,"height":540,"url":"https:\/\/it-service.network\/blog\/wp-content\/uploads\/2022\/10\/brueckentage-2023-pexels-pixabay.jpg","type":"image\/jpeg"}],"author":"Lena Klaus","twitter_card":"summary_large_image","twitter_creator":"@ITSERVICNETWORK","twitter_site":"@ITSERVICNETWORK","twitter_misc":{"Verfasst von":"Lena Klaus","Gesch\u00e4tzte Lesezeit":"7\u00a0Minuten"},"schema":{"@context":"https:\/\/schema.org","@graph":[{"@type":"WebPage","@id":"https:\/\/it-service.network\/blog\/2022\/10\/28\/brueckentage-2023\/","url":"https:\/\/it-service.network\/blog\/2022\/10\/28\/brueckentage-2023\/","name":"Br\u00fcckentage 2023 \u2013 Tipps f\u00fcr die Urlaubsplanung 2023","isPartOf":{"@id":"https:\/\/it-service.network\/blog\/#website"},"primaryImageOfPage":{"@id":"https:\/\/it-service.network\/blog\/2022\/10\/28\/brueckentage-2023\/#primaryimage"},"image":{"@id":"https:\/\/it-service.network\/blog\/2022\/10\/28\/brueckentage-2023\/#primaryimage"},"thumbnailUrl":"https:\/\/it-service.network\/blog\/wp-content\/uploads\/2022\/10\/brueckentage-2023-pexels-pixabay.jpg","datePublished":"2022-10-28T05:30:04+00:00","dateModified":"2022-10-28T06:55:45+00:00","author":{"@id":"https:\/\/it-service.network\/blog\/#\/schema\/person\/9cffbe4f537d5e70bde59b560ce9aac6"},"description":"Die Br\u00fcckentage 2023 sind arbeitnehmerfreundlich: \u2713 \u00dcbersicht Br\u00fcckentage und Feiertage 2023 \u2713 Urlaubsplanungstipps \u2713 Bundesl\u00e4nder-Vergleich","breadcrumb":{"@id":"https:\/\/it-service.network\/blog\/2022\/10\/28\/brueckentage-2023\/#breadcrumb"},"inLanguage":"de","potentialAction":[{"@type":"ReadAction","target":["https:\/\/it-service.network\/blog\/2022\/10\/28\/brueckentage-2023\/"]}]},{"@type":"ImageObject","inLanguage":"de","@id":"https:\/\/it-service.network\/blog\/2022\/10\/28\/brueckentage-2023\/#primaryimage","url":"https:\/\/it-service.network\/blog\/wp-content\/uploads\/2022\/10\/brueckentage-2023-pexels-pixabay.jpg","contentUrl":"https:\/\/it-service.network\/blog\/wp-content\/uploads\/2022\/10\/brueckentage-2023-pexels-pixabay.jpg","width":720,"height":540,"caption":"Br\u00fcckentage 2023: Wer gut kombiniert, hat Zeit f\u00fcr einen Kurzurlaub. Bild: Pexels\/Pixabay"},{"@type":"BreadcrumbList","@id":"https:\/\/it-service.network\/blog\/2022\/10\/28\/brueckentage-2023\/#breadcrumb","itemListElement":[{"@type":"ListItem","position":1,"name":"Startseite","item":"https:\/\/it-service.network\/blog\/"},{"@type":"ListItem","position":2,"name":"Br\u00fcckentage 2023 ## Tipps f\u00fcr die Urlaubsplanung 2023"}]},{"@type":"WebSite","@id":"https:\/\/it-service.network\/blog\/#website","url":"https:\/\/it-service.network\/blog\/","name":"IT-SERVICE.NETWORK Blog","description":"Der IT-SERVICE.NETWORK Blog mit spannenden IT-News: \u2713 IT-Themen \u2713 IT-Trends \u2713 Business-Themen \u2713 IT-Dienstleistungen","potentialAction":[{"@type":"SearchAction","target":{"@type":"EntryPoint","urlTemplate":"https:\/\/it-service.network\/blog\/?s={search_term_string}"},"query-input":{"@type":"PropertyValueSpecification","valueRequired":true,"valueName":"search_term_string"}}],"inLanguage":"de"},{"@type":"Person","@id":"https:\/\/it-service.network\/blog\/#\/schema\/person\/9cffbe4f537d5e70bde59b560ce9aac6","name":"Lena Klaus","image":{"@type":"ImageObject","inLanguage":"de","@id":"https:\/\/it-service.network\/blog\/#\/schema\/person\/image\/","url":"https:\/\/it-service.network\/blog\/wp-content\/uploads\/2019\/04\/lena-klaus-96x96.jpg","contentUrl":"https:\/\/it-service.network\/blog\/wp-content\/uploads\/2019\/04\/lena-klaus-96x96.jpg","caption":"Lena Klaus"},"description":"Lena Klaus arbeitet seit 2018 als freie Autorin und SEO-Expertin f\u00fcr das IT-SERVICE.NETWORK. Besonders die Themen rund um den digitalen Wandel und New Work haben es ihr angetan. Dar\u00fcber hinaus ist die erfahrene Texterin immer wieder fasziniert davon, welche neue Methoden und Tricks Hackern und Cyberkriminellen einfallen. Seit 2013 kennt Lena Klaus die IT-Branche und hat sich in diesem Zusammenhang auf die Erstellung von Webtexten und Blogartikeln f\u00fcr B2C- und B2B-orientierte Content-Plattformen spezialisiert. Bis zu ihrer Elternzeit im Jahr 2017 war sie als Content Marketing- und PR-Managerin bei der SYNAXON AG, dem Mutterunternehmen des IT-SERVICE.NETWORK, fest angestellt. W\u00e4hrend dieser T\u00e4tigkeit verantwortete sie nicht nur die allgemeine Unternehmenskommunikation und Pressearbeit, sondern auch s\u00e4mtlichen Content der SYNAXON-Marke PC-SPEZIALIST. Nach ihrer Elternzeit wechselte sie hauptberuflich die Branche, blieb der SYNAXON AG und der mittlerweile fest etablierten Marke IT-SERVICE.NETWORK aber weiterhin als freie Mitarbeiterin treu. Neben ihrer Arbeit als Redakteurin f\u00fcr den IT-SERVICE.NETWORK-Blog verfasst sie auch Texte f\u00fcr das IT-SERVICE.NETWORK-Lexikon, einzelne Themenseiten, Leistungsbeschreibungen oder Profilseiten der Partner. In ihrer Freizeit bleibt der Laptop dann allerdings meist aus: Sie genie\u00dft die Zeit mit Ihrem Mann (nat\u00fcrlich auch ein ITler) und ihrer Tochter \u2013 am liebsten auf Reisen in fernen L\u00e4ndern.","sameAs":["https:\/\/it-service.network\/"],"url":"https:\/\/it-service.network\/blog\/author\/lena-klaus\/"}]}},"_links":{"self":[{"href":"https:\/\/it-service.network\/blog\/wp-json\/wp\/v2\/posts\/20821","targetHints":{"allow":["GET"]}}],"collection":[{"href":"https:\/\/it-service.network\/blog\/wp-json\/wp\/v2\/posts"}],"about":[{"href":"https:\/\/it-service.network\/blog\/wp-json\/wp\/v2\/types\/post"}],"author":[{"embeddable":true,"href":"https:\/\/it-service.network\/blog\/wp-json\/wp\/v2\/users\/14"}],"replies":[{"embeddable":true,"href":"https:\/\/it-service.network\/blog\/wp-json\/wp\/v2\/comments?post=20821"}],"version-history":[{"count":12,"href":"https:\/\/it-service.network\/blog\/wp-json\/wp\/v2\/posts\/20821\/revisions"}],"predecessor-version":[{"id":20855,"href":"https:\/\/it-service.network\/blog\/wp-json\/wp\/v2\/posts\/20821\/revisions\/20855"}],"wp:featuredmedia":[{"embeddable":true,"href":"https:\/\/it-service.network\/blog\/wp-json\/wp\/v2\/media\/20827"}],"wp:attachment":[{"href":"https:\/\/it-service.network\/blog\/wp-json\/wp\/v2\/media?parent=20821"}],"wp:term":[{"taxonomy":"category","embeddable":true,"href":"https:\/\/it-service.network\/blog\/wp-json\/wp\/v2\/categories?post=20821"},{"taxonomy":"post_tag","embeddable":true,"href":"https:\/\/it-service.network\/blog\/wp-json\/wp\/v2\/tags?post=20821"}],"curies":[{"name":"wp","href":"https:\/\/api.w.org\/{rel}","templated":true}]}}