{"id":22342,"date":"2023-07-17T07:00:50","date_gmt":"2023-07-17T05:00:50","guid":{"rendered":"https:\/\/it-service.network\/blog\/?p=22342"},"modified":"2024-06-05T11:22:18","modified_gmt":"2024-06-05T09:22:18","slug":"outdoor-home-office","status":"publish","type":"post","link":"https:\/\/it-service.network\/blog\/2023\/07\/17\/outdoor-home-office\/","title":{"rendered":"Outdoor-Home-Office ## Tipps f\u00fcr produktives Arbeiten im Sonnenschein"},"content":{"rendered":"<p><strong>Das Outdoor-Home-Office erfreut sich im Sommer gr\u00f6\u00dfter Beliebtheit und tats\u00e4chlich kann sich das durch Sonnenschein aufgenommene Vitamin D auch positiv auf die Produktivit\u00e4t auswirken.<\/strong><\/p>\n<p>Dennoch gibt es einige Aspekte zu beachten, wenn man den Arbeitsplatz ins Freie verlagert. Hier kommen unsere Tipps!<br \/>\n<!--more--><\/p>\n<div class=\"inhaltsverzeichnis\">\n<div class=\"head\" data-toggle=\"collapse\" data-target=\"#verzeichnis\">Inhaltsverzeichnis<i class=\"material-icons\">expand_more<\/i><\/div>\n<ol id=\"verzeichnis\" class=\"collapse in\" style=\"line-height: 1.7;\">\n<li><a href=\"#eins\">Outdoor-Home-Office \u2013 ein Platz an der Sonne<\/a><\/li>\n<li><a href=\"#zwei\">Planung ist alles<\/a><\/li>\n<li><a href=\"#drei\">Ergonomie im Outdoor-Home-Office<\/a><\/li>\n<li><a href=\"#vier\">Weitere Tipps f\u00fcr das Arbeiten unter freiem Himmel<\/a><\/li>\n<li><a href=\"#fuenf\">Home-Office-Ausstattung f\u00fcr drinnen und drau\u00dfen<\/a><\/li>\n<\/ol>\n<\/div>\n<h2 id=\"eins\">Outdoor-Home-Office \u2013 ein Platz an der Sonne<\/h2>\n<p>Der anhaltende Remote-Trend und die Flexibilit\u00e4t hinsichtlich des Arbeitsortes, die mittlerweile viele Unternehmen bieten, machen es m\u00f6glich: Arbeiten unter freiem Himmel. Wer f\u00fcr die Erledigung seiner T\u00e4tigkeiten grunds\u00e4tzlich nicht mehr ben\u00f6tigt als ein Notebook, kann im Sommer das Angenehme mit dem N\u00fctzlichen verbinden.<\/p>\n<p>Und die Idee ist auf keinen Fall schlecht, denn sowohl frische Luft als auch Sonnenschein und Vogelgezwitscher k\u00f6nnen vorteilhaft f\u00fcr die Stimmung und <a href=\"https:\/\/it-service.network\/blog\/2020\/03\/31\/home-office-tipps\/\" target=\"_blank\" rel=\"noopener\">Produktivit\u00e4t<\/a> sein. Trotzdem sollte das Projekt <strong>Outdoor-Home-Office<\/strong> im Vorfeld ein wenig geplant werden. Wir haben im Folgenden einige Tipps zusammengestellt, mit denen der Arbeitsausflug ins Gr\u00fcne (oder auf den Balkon) ganz bestimmt von Erfolg gekr\u00f6nt sein wird.<\/p>\n<div id=\"attachment_18998\" style=\"width: 730px\" class=\"wp-caption aligncenter\"><img loading=\"lazy\" decoding=\"async\" aria-describedby=\"caption-attachment-18998\" class=\"size-full wp-image-18998\" src=\"https:\/\/it-service.network\/blog\/wp-content\/uploads\/2021\/01\/Mitarbeiter-ueberwachen-im-Home-Office-Pexels-Nataliya-Vaitkevich.jpg\" alt=\"Zu sehen ist ein Mann, der im Home Office am Laptop arbeitet. Es geht um Mitarbeiter \u00fcberwachen im Home Office und Outdoor-Homeoffice. Bild: Pexels\/Nataliya Vaitkevich\" width=\"720\" height=\"540\" srcset=\"https:\/\/it-service.network\/blog\/wp-content\/uploads\/2021\/01\/Mitarbeiter-ueberwachen-im-Home-Office-Pexels-Nataliya-Vaitkevich.jpg 720w, https:\/\/it-service.network\/blog\/wp-content\/uploads\/2021\/01\/Mitarbeiter-ueberwachen-im-Home-Office-Pexels-Nataliya-Vaitkevich-300x225.jpg 300w\" sizes=\"auto, (max-width: 720px) 100vw, 720px\" \/><p id=\"caption-attachment-18998\" class=\"wp-caption-text\">Vom Sofa auf die Sonnenliege \u2013 im Sommer lockt das Outdoor-Home-Office. Bild: Pexels\/<a href=\"https:\/\/www.pexels.com\/de-de\/@n-voitkevich\/\" target=\"_blank\" rel=\"noopener\">Nataliya Vaitkevich<\/a><\/p><\/div>\n<h2 id=\"zwei\">Planung ist alles<\/h2>\n<p>Zun\u00e4chst einmal gilt es, dar\u00fcber nachzudenken, welche <strong>Ger\u00e4te und\/oder Materialien<\/strong> denn wirklich f\u00fcr den Arbeitstag ben\u00f6tigt werden. Denn h\u00e4ufig ist es eben doch nicht nur der Laptop. Neben der Technik selbst und entsprechenden Ladeger\u00e4ten beziehungsweise Netzteilen sollten Sie auch an Stift, Papier und Getr\u00e4nke denken.<\/p>\n<p>Auch die konkrete Wahl des Arbeitsplatzes verlangt etwas Weitsicht. Besonders <strong>bei hohen Temperaturen<\/strong> sollte ein Ort gew\u00e4hlt werden, der sich \u00fcber die gesamte Dauer der Arbeitszeit beschatten l\u00e4sst (beispielsweise mit einem Sonnenschirm oder einer Markise). Denn zu hohe Temperaturen und <strong>direkte Sonneneinstrahlung<\/strong> \u00fcber eine lange Zeit k\u00f6nnen nicht nur gef\u00e4hrlich f\u00fcr den Kopf und K\u00f6rper sein, sondern auch eine \u00dcberhitzung der technischen Ger\u00e4te verursachen.<\/p>\n<p>Zudem sollten Sie gegebenenfalls auch darauf achten, dass Sie <strong>vertrauliche Gespr\u00e4che<\/strong> f\u00fchren k\u00f6nnen, ohne dass fremde Ohren in der N\u00e4he sind. In solchen F\u00e4llen kommen \u00f6ffentliche Parks oder Caf\u00e9s eher weniger in Frage. Falls es Ihr Job aber doch zul\u00e4sst, beachten Sie an \u00f6ffentlichen Pl\u00e4tzen die Risiken durch die Nutzung offener und ungesch\u00fctzter WLAN-Netzwerke.<\/p>\n<h2 id=\"drei\">Ergonomie im Outdoor-Home-Office<\/h2>\n<p>Sicher, die Sonnenliege in Bad Mein Garten ist bequem, allerdings per se nicht als Alternative zum Schreibtischstuhl geeignet. Nimmt der K\u00f6rper \u00fcber einen l\u00e4ngeren Zeitraum eine ungewohnte (Schon-)Haltung ein, kann sich das mit Verspannungen r\u00e4chen. Zudem birgt eine eher horizontale Position die Gefahr, dass auch der Geist in den Erholungsmodus verf\u00e4llt \u2013 die <strong>Produktivit\u00e4t<\/strong> kann dann ziemlich leiden. Ein klassischer Holz-Gartenstuhl ist allerdings auch keine ausreichende Alternative, sofern nicht mit Kissen, Auflagen oder Polstern nachger\u00fcstet wird.<\/p>\n<p>Wichtig ist daher, dass das Drau\u00dfen-B\u00fcro von der <strong>Ausstattung und <\/strong><a href=\"https:\/\/it-service.network\/blog\/2023\/10\/30\/ergonomie-am-arbeitsplatz\/\">Ergonomie<\/a> seinem Vorbild innerhalb geschlossener W\u00e4nde m\u00f6glichst \u00e4hnlich ist. Dabei sollte nicht nur die Sitzgelegenheit eine entsprechende Position erm\u00f6glichen und dabei auch bequem sein, sondern auch ein entsprechend gro\u00dfer und hoher Tisch zur Verf\u00fcgung stehen.<\/p>\n<div id=\"attachment_22359\" style=\"width: 2570px\" class=\"wp-caption aligncenter\"><img loading=\"lazy\" decoding=\"async\" aria-describedby=\"caption-attachment-22359\" class=\"size-full wp-image-22359\" src=\"https:\/\/it-service.network\/blog\/wp-content\/uploads\/2023\/07\/pexels-vlada-karpovich-7903142-outdoor-homeoffice-scaled.jpg\" alt=\"zu sehen ist der K\u00f6rper einer Frau. Sie sitzt mit ihrem Laptop am Pool und hat die F\u00fc\u00dfe im Wasser. Thema ist das Outdoor-Homeoffice. Bild: Pexels\/Vlada Karpovich\" width=\"2560\" height=\"1707\" srcset=\"https:\/\/it-service.network\/blog\/wp-content\/uploads\/2023\/07\/pexels-vlada-karpovich-7903142-outdoor-homeoffice-scaled.jpg 2560w, https:\/\/it-service.network\/blog\/wp-content\/uploads\/2023\/07\/pexels-vlada-karpovich-7903142-outdoor-homeoffice-300x200.jpg 300w, https:\/\/it-service.network\/blog\/wp-content\/uploads\/2023\/07\/pexels-vlada-karpovich-7903142-outdoor-homeoffice-1024x683.jpg 1024w, https:\/\/it-service.network\/blog\/wp-content\/uploads\/2023\/07\/pexels-vlada-karpovich-7903142-outdoor-homeoffice-768x512.jpg 768w, https:\/\/it-service.network\/blog\/wp-content\/uploads\/2023\/07\/pexels-vlada-karpovich-7903142-outdoor-homeoffice-1536x1024.jpg 1536w, https:\/\/it-service.network\/blog\/wp-content\/uploads\/2023\/07\/pexels-vlada-karpovich-7903142-outdoor-homeoffice-2048x1365.jpg 2048w\" sizes=\"auto, (max-width: 2560px) 100vw, 2560px\" \/><p id=\"caption-attachment-22359\" class=\"wp-caption-text\">Sch\u00f6n f\u00fcr die F\u00fc\u00dfe, gef\u00e4hrlich f\u00fcr die Technik: Kein gutes Beispiel f\u00fcr ein Outdoor-Home-Office. Bild: Pexels\/<a href=\"https:\/\/www.pexels.com\/de-de\/@vlada-karpovich\/\" target=\"_blank\" rel=\"noopener\">Vlada Karpovich<\/a><\/p><\/div>\n<h2 id=\"vier\">Weitere Tipps f\u00fcr das Arbeiten unter freiem Himmel<\/h2>\n<p>Auch vermeintliche Kleinigkeiten k\u00f6nnen \u00fcber den Erfolg oder Misserfolg eines produktiven Arbeitstages im Drau\u00dfen-B\u00fcro entscheiden. Denken Sie daher idealerweise daran, &#8230;<\/p>\n<ul>\n<li>&#8230;einen Ort zu w\u00e4hlen, der \u00fcber eine <strong>Stromquelle<\/strong> verf\u00fcgt, und gegebenenfalls an <strong>Verl\u00e4ngerungskabel<\/strong> oder <strong>Mehrfachsteckdosen.<\/strong><\/li>\n<li>&#8230;sich mit leichten <strong>Snacks<\/strong> und ausreichend <strong>Getr\u00e4nken <\/strong>zu versorgen, eventuell in einer Thermoskanne. Zusatz-Tipp: Verwenden Sie verschlie\u00dfbare Beh\u00e4lter, um Wespen, Bienen und andere Insekten fernzuhalten.<\/li>\n<li>&#8230;sich bei Bedarf vorab mit <strong>Sonnencreme<\/strong> zu sch\u00fctzen.<\/li>\n<li>&#8230;eine <strong>Anti-Spiegelung-Folie<\/strong> f\u00fcr Ihr Notebook und <strong>Schutzh\u00fcllen<\/strong> f\u00fcr Ihr Handy zu nutzen.<\/li>\n<li>&#8230;dass Sommerzeit auch Rasenm\u00e4her-Zeit ist. W\u00e4hrend lauschiges Grillen-Zirpen oder Vogelgezwitscher Balsam f\u00fcr die Seele sein k\u00f6nnen, nerven die elektrischen Heckenscheren oder Rasenm\u00e4her der Nachbarn mitunter. Abhilfe schafft ein <a href=\"https:\/\/it-service.network\/blog\/2021\/03\/15\/was-ist-noise-cancelling\/\">Noise-Cancelling<\/a><strong>-Kopfh\u00f6rer.<\/strong><\/li>\n<li>&#8230;einen <strong>Briefbeschwerer<\/strong> oder \u00c4hnliches mitzunehmen. Denn wenn pl\u00f6tzlich der Wind pfeift, kann es ansonsten passieren, dass sich Ihre Arbeitsunterlagen und Notizen im Freien verteilen.<\/li>\n<li>&#8230;sich eine Umgebung zu suchen, die m\u00f6glichst <strong>frei von Ablenkungen<\/strong> ist (zum Beispiel durch spielende Kinder, Pool, Badesee, hippe Strand-Bar).<\/li>\n<\/ul>\n<p>Und zu guter Letzt: Fragen Sie bei Ihrem <strong>Vorgesetzten<\/strong> nach, ob es f\u00fcr ihn beziehungsweise das Unternehmen in Ordnung ist, wenn Sie Ihr Heim-B\u00fcro nach drau\u00dfen verlagern. Ein grunds\u00e4tzliches \u201eJa\u201c zum Home Office bedeutet nicht unbedingt, dass die \u201eArbeite, wo du willst\u201c-Regel Anwendung findet. Demnach gilt: Besser vorher fragen als nachher \u00c4rger haben.<\/p>\n<h2 id=\"fuenf\">Home-Office-Ausstattung f\u00fcr drinnen und drau\u00dfen<\/h2>\n<p>Unsere <a href=\"https:\/\/it-service.network\/it-dienstleister-finden\">Experten aus dem IT-SERVICE.NETWORK<\/a> sind Ihre kompetenten Ansprechpartner, wenn es um die <strong>optimale Arbeitsausstattung<\/strong> geht. Ob leistungsstarker und gleichzeitig leichter Laptop mit modernem Display f\u00fcr das Arbeiten au\u00dferhalb der B\u00fcromauern, eine virtuelle Telefonanlage oder mobile Endger\u00e4te: Unsere erfahrenen IT-Dienstleister beraten Sie herstellerunabh\u00e4ngig und individuell.<\/p>\n<p>Selbstverst\u00e4ndlich k\u00fcmmern sich unsere Partner anschlie\u00dfend auch um die <a href=\"https:\/\/it-service.network\/it-infrastruktur\/hardware-und-software-beschaffung\" target=\"_blank\" rel=\"noopener\">Beschaffung<\/a>, Konfiguration sowie Installation aller Komponenten, sodass Sie oder Ihre Mitarbeiter schon ganz bald in den Genuss der neuen Technik kommen \u2013 ob im B\u00fcro, im Home Office oder im Outdoor-Home-Office. Und sollte es einmal irgendwo klemmen, leisten unsere Profis schnelle Hilfe.<\/p>\n<p>Nutzen Sie gern die M\u00f6glichkeit, sich pers\u00f6nlich zu den IT-Services der Systemh\u00e4user in unserem Netzwerk beraten zu lassen und nehmen Sie dazu Kontakt zu einem unserer Experten aus Ihrer Region auf. Wir freuen uns auf Ihre Anfrage!<\/p>\n<hr \/>\n<p><small><strong> Weiterf\u00fchrende Links:<\/strong><br \/>\n<a href=\"https:\/\/t3n.de\/news\/outdoor-homeoffice-tipps-produktiv-arbeiten-1474100\/\" target=\"_blank\" rel=\"noopener\">t3n<\/a><\/small><\/p>\n","protected":false},"excerpt":{"rendered":"<p>Das Outdoor-Home-Office erfreut sich im Sommer gr\u00f6\u00dfter Beliebtheit und tats\u00e4chlich kann sich das durch Sonnenschein aufgenommene Vitamin D auch positiv auf die Produktivit\u00e4t auswirken. Dennoch gibt es einige Aspekte zu beachten, wenn man den Arbeitsplatz ins Freie verlagert. Hier kommen unsere Tipps!<\/p>\n","protected":false},"author":14,"featured_media":22360,"comment_status":"open","ping_status":"open","sticky":false,"template":"","format":"standard","meta":{"footnotes":""},"categories":[408],"tags":[887,526,968,326],"class_list":["post-22342","post","type-post","status-publish","format-standard","has-post-thumbnail","hentry","category-arbeitswelt-trends","tag-hardware","tag-home-office","tag-hybrides-arbeiten","tag-new-work"],"yoast_head":"<!-- This site is optimized with the Yoast SEO plugin v26.5 - https:\/\/yoast.com\/wordpress\/plugins\/seo\/ -->\n<title>Outdoor-Home-Office \u2013 Tipps f\u00fcr produktives Arbeiten drau\u00dfen<\/title>\n<meta name=\"description\" content=\"Das Outdoor-Home-Office bringt Abwechselung in den Sommer: \u2713 Tipps f\u00fcr produktives Arbeiten \u2713 Planung des Drau\u00dfen-B\u00fcros \u2713 Technik sch\u00fctzen\" \/>\n<meta name=\"robots\" content=\"index, follow, max-snippet:-1, max-image-preview:large, max-video-preview:-1\" \/>\n<link rel=\"canonical\" href=\"https:\/\/it-service.network\/blog\/2023\/07\/17\/outdoor-home-office\/\" \/>\n<meta property=\"og:locale\" content=\"de_DE\" \/>\n<meta property=\"og:type\" content=\"article\" \/>\n<meta property=\"og:title\" content=\"Outdoor-Home-Office \u2013 Tipps f\u00fcr produktives Arbeiten drau\u00dfen\" \/>\n<meta property=\"og:description\" content=\"Das Outdoor-Home-Office bringt Abwechselung in den Sommer: \u2713 Tipps f\u00fcr produktives Arbeiten \u2713 Planung des Drau\u00dfen-B\u00fcros \u2713 Technik sch\u00fctzen\" \/>\n<meta property=\"og:url\" content=\"https:\/\/it-service.network\/blog\/2023\/07\/17\/outdoor-home-office\/\" \/>\n<meta property=\"og:site_name\" content=\"IT-SERVICE.NETWORK Blog\" \/>\n<meta property=\"article:publisher\" content=\"https:\/\/www.facebook.com\/itservicenetwork\/\" \/>\n<meta property=\"article:published_time\" content=\"2023-07-17T05:00:50+00:00\" \/>\n<meta property=\"article:modified_time\" content=\"2024-06-05T09:22:18+00:00\" \/>\n<meta property=\"og:image\" content=\"https:\/\/it-service.network\/blog\/wp-content\/uploads\/2023\/07\/Yan-Krukau-pexels-outdoor-homeoffice-beitragsbild.jpg\" \/>\n\t<meta property=\"og:image:width\" content=\"720\" \/>\n\t<meta property=\"og:image:height\" content=\"540\" \/>\n\t<meta property=\"og:image:type\" content=\"image\/jpeg\" \/>\n<meta name=\"author\" content=\"Lena Klaus\" \/>\n<meta name=\"twitter:card\" content=\"summary_large_image\" \/>\n<meta name=\"twitter:creator\" content=\"@ITSERVICNETWORK\" \/>\n<meta name=\"twitter:site\" content=\"@ITSERVICNETWORK\" \/>\n<meta name=\"twitter:label1\" content=\"Verfasst von\" \/>\n\t<meta name=\"twitter:data1\" content=\"Lena Klaus\" \/>\n\t<meta name=\"twitter:label2\" content=\"Gesch\u00e4tzte Lesezeit\" \/>\n\t<meta name=\"twitter:data2\" content=\"6\u00a0Minuten\" \/>\n<script type=\"application\/ld+json\" class=\"yoast-schema-graph\">{\"@context\":\"https:\/\/schema.org\",\"@graph\":[{\"@type\":\"WebPage\",\"@id\":\"https:\/\/it-service.network\/blog\/2023\/07\/17\/outdoor-home-office\/\",\"url\":\"https:\/\/it-service.network\/blog\/2023\/07\/17\/outdoor-home-office\/\",\"name\":\"Outdoor-Home-Office \u2013 Tipps f\u00fcr produktives Arbeiten drau\u00dfen\",\"isPartOf\":{\"@id\":\"https:\/\/it-service.network\/blog\/#website\"},\"primaryImageOfPage\":{\"@id\":\"https:\/\/it-service.network\/blog\/2023\/07\/17\/outdoor-home-office\/#primaryimage\"},\"image\":{\"@id\":\"https:\/\/it-service.network\/blog\/2023\/07\/17\/outdoor-home-office\/#primaryimage\"},\"thumbnailUrl\":\"https:\/\/it-service.network\/blog\/wp-content\/uploads\/2023\/07\/Yan-Krukau-pexels-outdoor-homeoffice-beitragsbild.jpg\",\"datePublished\":\"2023-07-17T05:00:50+00:00\",\"dateModified\":\"2024-06-05T09:22:18+00:00\",\"author\":{\"@id\":\"https:\/\/it-service.network\/blog\/#\/schema\/person\/9cffbe4f537d5e70bde59b560ce9aac6\"},\"description\":\"Das Outdoor-Home-Office bringt Abwechselung in den Sommer: \u2713 Tipps f\u00fcr produktives Arbeiten \u2713 Planung des Drau\u00dfen-B\u00fcros \u2713 Technik sch\u00fctzen\",\"breadcrumb\":{\"@id\":\"https:\/\/it-service.network\/blog\/2023\/07\/17\/outdoor-home-office\/#breadcrumb\"},\"inLanguage\":\"de\",\"potentialAction\":[{\"@type\":\"ReadAction\",\"target\":[\"https:\/\/it-service.network\/blog\/2023\/07\/17\/outdoor-home-office\/\"]}]},{\"@type\":\"ImageObject\",\"inLanguage\":\"de\",\"@id\":\"https:\/\/it-service.network\/blog\/2023\/07\/17\/outdoor-home-office\/#primaryimage\",\"url\":\"https:\/\/it-service.network\/blog\/wp-content\/uploads\/2023\/07\/Yan-Krukau-pexels-outdoor-homeoffice-beitragsbild.jpg\",\"contentUrl\":\"https:\/\/it-service.network\/blog\/wp-content\/uploads\/2023\/07\/Yan-Krukau-pexels-outdoor-homeoffice-beitragsbild.jpg\",\"width\":720,\"height\":540,\"caption\":\"Das Outdoor-Home-Office ist im Sommer sehr beliebt. Bild: Pexels\/Yan Krukau\"},{\"@type\":\"BreadcrumbList\",\"@id\":\"https:\/\/it-service.network\/blog\/2023\/07\/17\/outdoor-home-office\/#breadcrumb\",\"itemListElement\":[{\"@type\":\"ListItem\",\"position\":1,\"name\":\"Startseite\",\"item\":\"https:\/\/it-service.network\/blog\/\"},{\"@type\":\"ListItem\",\"position\":2,\"name\":\"Outdoor-Home-Office ## Tipps f\u00fcr produktives Arbeiten im Sonnenschein\"}]},{\"@type\":\"WebSite\",\"@id\":\"https:\/\/it-service.network\/blog\/#website\",\"url\":\"https:\/\/it-service.network\/blog\/\",\"name\":\"IT-SERVICE.NETWORK Blog\",\"description\":\"Der IT-SERVICE.NETWORK Blog mit spannenden IT-News: \u2713 IT-Themen \u2713 IT-Trends \u2713 Business-Themen \u2713 IT-Dienstleistungen\",\"potentialAction\":[{\"@type\":\"SearchAction\",\"target\":{\"@type\":\"EntryPoint\",\"urlTemplate\":\"https:\/\/it-service.network\/blog\/?s={search_term_string}\"},\"query-input\":{\"@type\":\"PropertyValueSpecification\",\"valueRequired\":true,\"valueName\":\"search_term_string\"}}],\"inLanguage\":\"de\"},{\"@type\":\"Person\",\"@id\":\"https:\/\/it-service.network\/blog\/#\/schema\/person\/9cffbe4f537d5e70bde59b560ce9aac6\",\"name\":\"Lena Klaus\",\"image\":{\"@type\":\"ImageObject\",\"inLanguage\":\"de\",\"@id\":\"https:\/\/it-service.network\/blog\/#\/schema\/person\/image\/\",\"url\":\"https:\/\/it-service.network\/blog\/wp-content\/uploads\/2019\/04\/lena-klaus-96x96.jpg\",\"contentUrl\":\"https:\/\/it-service.network\/blog\/wp-content\/uploads\/2019\/04\/lena-klaus-96x96.jpg\",\"caption\":\"Lena Klaus\"},\"description\":\"Lena Klaus arbeitet seit 2018 als freie Autorin und SEO-Expertin f\u00fcr das IT-SERVICE.NETWORK. Besonders die Themen rund um den digitalen Wandel und New Work haben es ihr angetan. Dar\u00fcber hinaus ist die erfahrene Texterin immer wieder fasziniert davon, welche neue Methoden und Tricks Hackern und Cyberkriminellen einfallen. Seit 2013 kennt Lena Klaus die IT-Branche und hat sich in diesem Zusammenhang auf die Erstellung von Webtexten und Blogartikeln f\u00fcr B2C- und B2B-orientierte Content-Plattformen spezialisiert. Bis zu ihrer Elternzeit im Jahr 2017 war sie als Content Marketing- und PR-Managerin bei der SYNAXON AG, dem Mutterunternehmen des IT-SERVICE.NETWORK, fest angestellt. W\u00e4hrend dieser T\u00e4tigkeit verantwortete sie nicht nur die allgemeine Unternehmenskommunikation und Pressearbeit, sondern auch s\u00e4mtlichen Content der SYNAXON-Marke PC-SPEZIALIST. Nach ihrer Elternzeit wechselte sie hauptberuflich die Branche, blieb der SYNAXON AG und der mittlerweile fest etablierten Marke IT-SERVICE.NETWORK aber weiterhin als freie Mitarbeiterin treu. Neben ihrer Arbeit als Redakteurin f\u00fcr den IT-SERVICE.NETWORK-Blog verfasst sie auch Texte f\u00fcr das IT-SERVICE.NETWORK-Lexikon, einzelne Themenseiten, Leistungsbeschreibungen oder Profilseiten der Partner. In ihrer Freizeit bleibt der Laptop dann allerdings meist aus: Sie genie\u00dft die Zeit mit Ihrem Mann (nat\u00fcrlich auch ein ITler) und ihrer Tochter \u2013 am liebsten auf Reisen in fernen L\u00e4ndern.\",\"sameAs\":[\"https:\/\/it-service.network\/\"],\"url\":\"https:\/\/it-service.network\/blog\/author\/lena-klaus\/\"}]}<\/script>\n<!-- \/ Yoast SEO plugin. -->","yoast_head_json":{"title":"Outdoor-Home-Office \u2013 Tipps f\u00fcr produktives Arbeiten drau\u00dfen","description":"Das Outdoor-Home-Office bringt Abwechselung in den Sommer: \u2713 Tipps f\u00fcr produktives Arbeiten \u2713 Planung des Drau\u00dfen-B\u00fcros \u2713 Technik sch\u00fctzen","robots":{"index":"index","follow":"follow","max-snippet":"max-snippet:-1","max-image-preview":"max-image-preview:large","max-video-preview":"max-video-preview:-1"},"canonical":"https:\/\/it-service.network\/blog\/2023\/07\/17\/outdoor-home-office\/","og_locale":"de_DE","og_type":"article","og_title":"Outdoor-Home-Office \u2013 Tipps f\u00fcr produktives Arbeiten drau\u00dfen","og_description":"Das Outdoor-Home-Office bringt Abwechselung in den Sommer: \u2713 Tipps f\u00fcr produktives Arbeiten \u2713 Planung des Drau\u00dfen-B\u00fcros \u2713 Technik sch\u00fctzen","og_url":"https:\/\/it-service.network\/blog\/2023\/07\/17\/outdoor-home-office\/","og_site_name":"IT-SERVICE.NETWORK Blog","article_publisher":"https:\/\/www.facebook.com\/itservicenetwork\/","article_published_time":"2023-07-17T05:00:50+00:00","article_modified_time":"2024-06-05T09:22:18+00:00","og_image":[{"width":720,"height":540,"url":"https:\/\/it-service.network\/blog\/wp-content\/uploads\/2023\/07\/Yan-Krukau-pexels-outdoor-homeoffice-beitragsbild.jpg","type":"image\/jpeg"}],"author":"Lena Klaus","twitter_card":"summary_large_image","twitter_creator":"@ITSERVICNETWORK","twitter_site":"@ITSERVICNETWORK","twitter_misc":{"Verfasst von":"Lena Klaus","Gesch\u00e4tzte Lesezeit":"6\u00a0Minuten"},"schema":{"@context":"https:\/\/schema.org","@graph":[{"@type":"WebPage","@id":"https:\/\/it-service.network\/blog\/2023\/07\/17\/outdoor-home-office\/","url":"https:\/\/it-service.network\/blog\/2023\/07\/17\/outdoor-home-office\/","name":"Outdoor-Home-Office \u2013 Tipps f\u00fcr produktives Arbeiten drau\u00dfen","isPartOf":{"@id":"https:\/\/it-service.network\/blog\/#website"},"primaryImageOfPage":{"@id":"https:\/\/it-service.network\/blog\/2023\/07\/17\/outdoor-home-office\/#primaryimage"},"image":{"@id":"https:\/\/it-service.network\/blog\/2023\/07\/17\/outdoor-home-office\/#primaryimage"},"thumbnailUrl":"https:\/\/it-service.network\/blog\/wp-content\/uploads\/2023\/07\/Yan-Krukau-pexels-outdoor-homeoffice-beitragsbild.jpg","datePublished":"2023-07-17T05:00:50+00:00","dateModified":"2024-06-05T09:22:18+00:00","author":{"@id":"https:\/\/it-service.network\/blog\/#\/schema\/person\/9cffbe4f537d5e70bde59b560ce9aac6"},"description":"Das Outdoor-Home-Office bringt Abwechselung in den Sommer: \u2713 Tipps f\u00fcr produktives Arbeiten \u2713 Planung des Drau\u00dfen-B\u00fcros \u2713 Technik sch\u00fctzen","breadcrumb":{"@id":"https:\/\/it-service.network\/blog\/2023\/07\/17\/outdoor-home-office\/#breadcrumb"},"inLanguage":"de","potentialAction":[{"@type":"ReadAction","target":["https:\/\/it-service.network\/blog\/2023\/07\/17\/outdoor-home-office\/"]}]},{"@type":"ImageObject","inLanguage":"de","@id":"https:\/\/it-service.network\/blog\/2023\/07\/17\/outdoor-home-office\/#primaryimage","url":"https:\/\/it-service.network\/blog\/wp-content\/uploads\/2023\/07\/Yan-Krukau-pexels-outdoor-homeoffice-beitragsbild.jpg","contentUrl":"https:\/\/it-service.network\/blog\/wp-content\/uploads\/2023\/07\/Yan-Krukau-pexels-outdoor-homeoffice-beitragsbild.jpg","width":720,"height":540,"caption":"Das Outdoor-Home-Office ist im Sommer sehr beliebt. Bild: Pexels\/Yan Krukau"},{"@type":"BreadcrumbList","@id":"https:\/\/it-service.network\/blog\/2023\/07\/17\/outdoor-home-office\/#breadcrumb","itemListElement":[{"@type":"ListItem","position":1,"name":"Startseite","item":"https:\/\/it-service.network\/blog\/"},{"@type":"ListItem","position":2,"name":"Outdoor-Home-Office ## Tipps f\u00fcr produktives Arbeiten im Sonnenschein"}]},{"@type":"WebSite","@id":"https:\/\/it-service.network\/blog\/#website","url":"https:\/\/it-service.network\/blog\/","name":"IT-SERVICE.NETWORK Blog","description":"Der IT-SERVICE.NETWORK Blog mit spannenden IT-News: \u2713 IT-Themen \u2713 IT-Trends \u2713 Business-Themen \u2713 IT-Dienstleistungen","potentialAction":[{"@type":"SearchAction","target":{"@type":"EntryPoint","urlTemplate":"https:\/\/it-service.network\/blog\/?s={search_term_string}"},"query-input":{"@type":"PropertyValueSpecification","valueRequired":true,"valueName":"search_term_string"}}],"inLanguage":"de"},{"@type":"Person","@id":"https:\/\/it-service.network\/blog\/#\/schema\/person\/9cffbe4f537d5e70bde59b560ce9aac6","name":"Lena Klaus","image":{"@type":"ImageObject","inLanguage":"de","@id":"https:\/\/it-service.network\/blog\/#\/schema\/person\/image\/","url":"https:\/\/it-service.network\/blog\/wp-content\/uploads\/2019\/04\/lena-klaus-96x96.jpg","contentUrl":"https:\/\/it-service.network\/blog\/wp-content\/uploads\/2019\/04\/lena-klaus-96x96.jpg","caption":"Lena Klaus"},"description":"Lena Klaus arbeitet seit 2018 als freie Autorin und SEO-Expertin f\u00fcr das IT-SERVICE.NETWORK. Besonders die Themen rund um den digitalen Wandel und New Work haben es ihr angetan. Dar\u00fcber hinaus ist die erfahrene Texterin immer wieder fasziniert davon, welche neue Methoden und Tricks Hackern und Cyberkriminellen einfallen. Seit 2013 kennt Lena Klaus die IT-Branche und hat sich in diesem Zusammenhang auf die Erstellung von Webtexten und Blogartikeln f\u00fcr B2C- und B2B-orientierte Content-Plattformen spezialisiert. Bis zu ihrer Elternzeit im Jahr 2017 war sie als Content Marketing- und PR-Managerin bei der SYNAXON AG, dem Mutterunternehmen des IT-SERVICE.NETWORK, fest angestellt. W\u00e4hrend dieser T\u00e4tigkeit verantwortete sie nicht nur die allgemeine Unternehmenskommunikation und Pressearbeit, sondern auch s\u00e4mtlichen Content der SYNAXON-Marke PC-SPEZIALIST. Nach ihrer Elternzeit wechselte sie hauptberuflich die Branche, blieb der SYNAXON AG und der mittlerweile fest etablierten Marke IT-SERVICE.NETWORK aber weiterhin als freie Mitarbeiterin treu. Neben ihrer Arbeit als Redakteurin f\u00fcr den IT-SERVICE.NETWORK-Blog verfasst sie auch Texte f\u00fcr das IT-SERVICE.NETWORK-Lexikon, einzelne Themenseiten, Leistungsbeschreibungen oder Profilseiten der Partner. In ihrer Freizeit bleibt der Laptop dann allerdings meist aus: Sie genie\u00dft die Zeit mit Ihrem Mann (nat\u00fcrlich auch ein ITler) und ihrer Tochter \u2013 am liebsten auf Reisen in fernen L\u00e4ndern.","sameAs":["https:\/\/it-service.network\/"],"url":"https:\/\/it-service.network\/blog\/author\/lena-klaus\/"}]}},"_links":{"self":[{"href":"https:\/\/it-service.network\/blog\/wp-json\/wp\/v2\/posts\/22342","targetHints":{"allow":["GET"]}}],"collection":[{"href":"https:\/\/it-service.network\/blog\/wp-json\/wp\/v2\/posts"}],"about":[{"href":"https:\/\/it-service.network\/blog\/wp-json\/wp\/v2\/types\/post"}],"author":[{"embeddable":true,"href":"https:\/\/it-service.network\/blog\/wp-json\/wp\/v2\/users\/14"}],"replies":[{"embeddable":true,"href":"https:\/\/it-service.network\/blog\/wp-json\/wp\/v2\/comments?post=22342"}],"version-history":[{"count":16,"href":"https:\/\/it-service.network\/blog\/wp-json\/wp\/v2\/posts\/22342\/revisions"}],"predecessor-version":[{"id":24658,"href":"https:\/\/it-service.network\/blog\/wp-json\/wp\/v2\/posts\/22342\/revisions\/24658"}],"wp:featuredmedia":[{"embeddable":true,"href":"https:\/\/it-service.network\/blog\/wp-json\/wp\/v2\/media\/22360"}],"wp:attachment":[{"href":"https:\/\/it-service.network\/blog\/wp-json\/wp\/v2\/media?parent=22342"}],"wp:term":[{"taxonomy":"category","embeddable":true,"href":"https:\/\/it-service.network\/blog\/wp-json\/wp\/v2\/categories?post=22342"},{"taxonomy":"post_tag","embeddable":true,"href":"https:\/\/it-service.network\/blog\/wp-json\/wp\/v2\/tags?post=22342"}],"curies":[{"name":"wp","href":"https:\/\/api.w.org\/{rel}","templated":true}]}}