{"id":24425,"date":"2024-05-22T00:01:59","date_gmt":"2024-05-21T22:01:59","guid":{"rendered":"https:\/\/it-service.network\/blog\/?p=24425"},"modified":"2024-12-16T10:24:23","modified_gmt":"2024-12-16T09:24:23","slug":"pflicht-zur-e-rechnung","status":"publish","type":"post","link":"https:\/\/it-service.network\/blog\/2024\/05\/22\/pflicht-zur-e-rechnung\/","title":{"rendered":"Pflicht zur E-Rechnung ## So bereiten sich Unternehmen bis 2025 vor"},"content":{"rendered":"<p><strong>Die verpflichtende Einf\u00fchrung der E-Rechnung ist beschlossene Sache. Im Zuge des Wachstumschancengesetzes m\u00fcssen Unternehmen bis 2025 in der Lage sein, E-Rechnungen zu erhalten.<\/strong><\/p>\n<p>Wir erkl\u00e4ren, was es mit der Pflicht zur E-Rechnung auf sich hat und was Unternehmen beachten m\u00fcssen.<br \/>\n<!--more--><\/p>\n<div class=\"inhaltsverzeichnis\">\n<div class=\"head\" data-toggle=\"collapse\" data-target=\"#verzeichnis\">Inhaltsverzeichnis<i class=\"material-icons\">expand_more<\/i><\/div>\n<ol id=\"verzeichnis\" class=\"collapse in\" style=\"line-height: 1.7;\">\n<li><a href=\"#eins\">Papierrechnung h\u00e4lt sich hartn\u00e4ckig<\/a><\/li>\n<li><a href=\"#zwei\">Pflicht zur E-Rechnung ist beschlossen<\/a><\/li>\n<li><a href=\"#drei\">Wann kommt die Pflicht zur E-Rechnung?<\/a><\/li>\n<li><a href=\"#vier\">Was ist eine E-Rechnung?<\/a><\/li>\n<li><a href=\"#fuenf\">Pflicht zur E-Rechnung: die Vorteile<\/a><\/li>\n<li><a href=\"#sechs\">Tipps zur Einf\u00fchrung der E-Rechnungsstellung<\/a><\/li>\n<li><a href=\"#sieben\">IT-Dienstleister richten Tools ein<\/a><\/li>\n<\/ol>\n<\/div>\n<h2 id=\"eins\">Papierrechnung h\u00e4lt sich hartn\u00e4ckig<\/h2>\n<p>Wussten Sie, dass die <strong>E-Rechnung<\/strong> der <strong>klassischen Rechnung auf Papier<\/strong> schon seit 2011 rechtlich gleichgestellt ist? Damals ging man davon aus, dass es durch diese Gleichstellung nur noch wenige Zeit dauern w\u00fcrde, bis sich die elektronischen Rechnungen durchsetzen und die Papierrechnungen verdr\u00e4ngen w\u00fcrden. Mehr als ein Jahrzehnt sp\u00e4ter kann davon allerdings immer noch keine Rede sein.<\/p>\n<p>Immerhin hat sich die Verbreitung von E-Rechnungen in der j\u00fcngsten Vergangenheit beschleunigt: Im Juni 2023 gab der Branchenverband bitkom bekannt, dass mit 59 Prozent erstmals <strong>mehr als die H\u00e4lfte der Unternehmen<\/strong> in Deutschland Rechnungen in digitaler Form stellen \u2013 bei gro\u00dfen Unternehmen mit mehr als 500 Besch\u00e4ftigten waren es sogar 96 Prozent und bei mittelgro\u00dfen Unternehmen mit 100 bis 499 Mitarbeitern 82 Prozent. Die kleineren Unternehmen mit 20 bis 99 Angestellten sind es, die den Schnitt deutlich nach unten rei\u00dfen: Nur 52 Prozent von ihnen stellen E-Rechnungen aus, der Rest gibt weiterhin der klassischen Rechnung den Vorzug.<\/p>\n<p>F\u00fcr Unternehmen, die sich dem Thema E-Rechnung lange Zeit verschlossen haben, hei\u00dft es jetzt allerdings, aktiv werden zu m\u00fcssen. Denn: Die Pflicht zur E-Rechnung ist l\u00e4ngst beschlossene Sache!<\/p>\n<div id=\"attachment_24529\" style=\"width: 660px\" class=\"wp-caption aligncenter\"><img loading=\"lazy\" decoding=\"async\" aria-describedby=\"caption-attachment-24529\" class=\"size-full wp-image-24529\" src=\"https:\/\/it-service.network\/blog\/wp-content\/uploads\/2024\/05\/Pflicht-zur-E-Rechnung-pexels-karolina-grabowska-7680741.jpg\" alt=\"Zu sehen ist der Torso einer Frau, die einen Taschenrechner nutzt; Papierrechnungen liegen vor ihr. Es geht um die Pflicht zu E-Rechnung. Bild: Pexels\/Karolina Grabowska\" width=\"650\" height=\"433\" srcset=\"https:\/\/it-service.network\/blog\/wp-content\/uploads\/2024\/05\/Pflicht-zur-E-Rechnung-pexels-karolina-grabowska-7680741.jpg 650w, https:\/\/it-service.network\/blog\/wp-content\/uploads\/2024\/05\/Pflicht-zur-E-Rechnung-pexels-karolina-grabowska-7680741-300x200.jpg 300w\" sizes=\"auto, (max-width: 650px) 100vw, 650px\" \/><p id=\"caption-attachment-24529\" class=\"wp-caption-text\">Rechnungen auf Papier geh\u00f6ren im Gesch\u00e4ftsumfeld bald der Vergangenheit an. Bild: Pexels\/<a href=\"https:\/\/www.pexels.com\/de-de\/foto\/person-frau-sitzung-sitzen-7680741\/\" target=\"_blank\" rel=\"noopener\">Karolina Grabowska<\/a><\/p><\/div>\n<h2 id=\"zwei\">Pflicht zur E-Rechnung ist beschlossen<\/h2>\n<p>Die Pflicht zur E-Rechnung ist Teil des sogenannten <strong>Wachstumschancengesetzes<\/strong>, das nach einem langen Hin und Her am 22. M\u00e4rz 2024 von Bundestag und Bundesrat endg\u00fcltig beschlossen worden ist. Unternehmen aller Branchen und Gr\u00f6\u00dfe werden dadurch dazu verpflichtet, k\u00fcnftig <strong>E-Rechnungen empfangen und stellen<\/strong> zu k\u00f6nnen. Ausgenommen sind von der E-Rechnungspflicht lediglich Fahrscheine und Kleinbetragsrechnungen bis 250 Euro.<\/p>\n<p>Die Idee hinter diesem Gesetz ist es, Unternehmen wettbewerbsf\u00e4higer zu machen und dadurch den <strong>Wirtschaftsstandort Deutschland<\/strong> insgesamt zu st\u00e4rken. Wie? Indem Unternehmen <strong>steuerlich entlastet<\/strong> und von <strong>b\u00fcrokratischen H\u00fcrden befreit<\/strong> werden; gleichzeitig sollen die Rahmenbedingungen f\u00fcr Investitionen und Innovationen verbessert werden.<\/p>\n<p>Sie fragen sich, was die <strong>elektronische Rechnungsstellung<\/strong> damit zu tun hat? Sie soll einen Schritt zu mehr Steuerfairness darstellen. Denn: Die elektronische Rechnungsstellung soll die M\u00f6glichkeiten f\u00fcr Betrug und Steuerhinterziehung verringern und die Transparenz bei der Steuererkl\u00e4rung verbessern. Damit ist die verbindliche Einf\u00fchrung der E-Rechnung ein wichtiger Teilaspekt auf dem Weg zu mehr Wirtschaftswachstum.<\/p>\n<h2 id=\"drei\">Wann kommt die Pflicht zur E-Rechnung?<\/h2>\n<p>Wie erw\u00e4hnt: Die <strong>neue Pflicht zur E-Rechnung<\/strong> ist bereits beschlossen. Unternehmen in Deutschland m\u00fcssen in diesem Zusammenhang <strong>die folgenden Fristen<\/strong> auf dem Schirm haben:<\/p>\n<ul>\n<li>Ab dem<strong> 1. Januar 2025<\/strong> m\u00fcssen Unternehmen jeder Branche und Gr\u00f6\u00dfe in der Lage sein, elektronische Rechnungen von anderen Unternehmen zu empfangen.<\/li>\n<li>Ab dem<strong> 1. Januar 2027<\/strong> sind Unternehmen mit einem <strong>Vorjahresumsatz von mehr als 800.000 Euro<\/strong> gesetzlich dazu verpflichtet, ihre Rechnungen im B2B-Bereich \u2013 sprich an andere Unternehmen \u2013 in elektronischer Form zu stellen.<\/li>\n<li>Unternehmen mit einem Vorjahresumsatz von <strong>weniger als 800.000 Euro<\/strong> haben noch eine kurze Schonfrist: Sie m\u00fcssen Gewerbekunden erst ab dem<strong> 1. Januar 2028<\/strong> verbindlich E-Rechnungen schicken.<\/li>\n<\/ul>\n<p>Das bedeutet, dass Unternehmen den Empfang elektronischer Rechnungen schon jetzt m\u00f6glich gemacht haben sollten und den Versand elektronischer Rechnungen unbedingt zeitnah vorbereiten sollten. Denn: Die Einf\u00fchrung der E-Rechnung ist mit einigem (technischen) Aufwand verbunden, der sich nicht von heute auf morgen umsetzen l\u00e4sst. Der Grund daf\u00fcr liegt in der spezifischen Art der E-Rechnung. Kleiner Spoiler: <strong>Eine<\/strong> <strong>Rechnung im PDF-Format gilt im Sinne des Gesetzes nicht als E-Rechnung.<\/strong><\/p>\n<div id=\"attachment_24532\" style=\"width: 660px\" class=\"wp-caption aligncenter\"><img loading=\"lazy\" decoding=\"async\" aria-describedby=\"caption-attachment-24532\" class=\"size-full wp-image-24532\" src=\"https:\/\/it-service.network\/blog\/wp-content\/uploads\/2024\/05\/Pflicht-zur-E-Rechnungpexels-lum3n-44775-190295.jpg\" alt=\"Zu sehen sind Briefumschl\u00e4ge. In Unternehmen werden sie durch die Pflicht zur E-Rechnung bald weniger. Bild: Pexels\/Lum3n\" width=\"650\" height=\"433\" srcset=\"https:\/\/it-service.network\/blog\/wp-content\/uploads\/2024\/05\/Pflicht-zur-E-Rechnungpexels-lum3n-44775-190295.jpg 650w, https:\/\/it-service.network\/blog\/wp-content\/uploads\/2024\/05\/Pflicht-zur-E-Rechnungpexels-lum3n-44775-190295-300x200.jpg 300w\" sizes=\"auto, (max-width: 650px) 100vw, 650px\" \/><p id=\"caption-attachment-24532\" class=\"wp-caption-text\">Rechnungen, die per Post eingehen, gibt es in Unternehmen bald nicht mehr. Bild: Pexels\/<a href=\"https:\/\/www.pexels.com\/de-de\/foto\/weisser-umschlag-190295\/\" target=\"_blank\" rel=\"noopener\">Lum3n<\/a><\/p><\/div>\n<h2 id=\"vier\">Was ist eine E-Rechnung?<\/h2>\n<p>Bei einer <strong>E-Rechnung<\/strong> handelt es sich um eine <strong>elektronische Rechnung<\/strong>, die in einem <strong>strukturierten, maschinenlesbaren Format<\/strong> erstellt, \u00fcbermittelt und empfangen wird. Dies erm\u00f6glicht es, dass der gesamte Abrechnungsprozess \u2013 von der Erstellung bis zur Zahlung \u2013 <strong>automatisch<\/strong> und <strong>ohne manuellen Eingriff<\/strong> erfolgt.<\/p>\n<p>Im Gegensatz zu Papierrechnungen oder PDF-Dateien, die keine automatisierte Verarbeitung unterst\u00fctzen, sind E-Rechnungen so konzipiert, dass sie <strong>direkt in die Buchhaltungssysteme<\/strong> der Unternehmen integriert werden k\u00f6nnen. Damit dies gelingt, m\u00fcssen elektronische Rechnungen in einem geeigneten, und von der<strong> europ\u00e4ischen Norm EN 16931<\/strong> zugelassenen Format ausgestellt werden. M\u00f6glich sind hier das Format als <strong>XRechnung<\/strong> oder <strong>ZUGFeRD<\/strong>. Zudem ben\u00f6tigen Unternehmen eine passende <strong>Visualisierungssoftware<\/strong>. Die XRechnung beispielsweise besteht aus nur einem Datensatz, der durch die Software in eine lesbare Rechnung umgewandelt wird.<\/p>\n<h2 id=\"fuenf\">Pflicht zur E-Rechnung: die Vorteile<\/h2>\n<p>Die E-Rechnung bietet gegen\u00fcber der Papierrechnung <strong>zahlreiche Vorteile<\/strong> \u2013 und zwar sowohl f\u00fcr Unternehmen jeder Gr\u00f6\u00dfe als auch f\u00fcr die Steuerbeh\u00f6rden und die deutsche Wirtschaft insgesamt. Zu den wichtigsten Vorteilen z\u00e4hlen:<\/p>\n<ul>\n<li><strong>Effiziensteigerung:<\/strong> E-Rechnungen k\u00f6nnen schneller verarbeitet werden als Papierrechnungen, da sie nicht manuell eingegeben werden m\u00fcssen. Dies f\u00fchrt zu k\u00fcrzeren Zahlungszeiten und einem besseren Cashflow. Unternehmen k\u00f6nnen dadurch ihre Prozesse effizienter gestalten.<\/li>\n<li><strong>Kosteneinsparungen:<\/strong> Die E-Rechnung spart Unternehmen Kosten f\u00fcr Papier, Druck, Porto und Lagerung. Auch der geringere Zeitaufwand bei den eigenen Mitarbeitern f\u00fchrt zu Kosteneinsparungen.<\/li>\n<li><strong>Nachhaltigkeit:<\/strong> Da beim digitalen Versand auf Papier und Versandwege verzichtet werden kann, gilt die E-Rechnung als umweltfreundlicher als die Papierrechnung. Somit leistet sie einen Beitrag zu mehr Nachhaltigkeit im Gesch\u00e4ftsbetrieb beitr\u00e4gt.<\/li>\n<li><strong>Fehlerreduktion:<\/strong> Da die Rechnungsdaten nicht manuell eingetragen werden m\u00fcssen, sinkt das Risiko von Eingabefehlern, was die Datenqualit\u00e4t verbessert und das Risiko von Zahlungsausf\u00e4llen und Retouren minimiert.<\/li>\n<li><strong>Transparenz:<\/strong> E-Rechnungen erm\u00f6glichen den Steuerbeh\u00f6rden einen l\u00fcckenlosen und digitalen Einblick in die Ums\u00e4tze von Unternehmen. Die maschinenlesbare Struktur von E-Rechnungsdaten erm\u00f6glicht eine automatisierte Auswertung und erleichtert so die Kontrolle der steuerlichen Pflichten von Unternehmen. Dadurch, dass E-Rechnungen jederzeit digital verf\u00fcgbar sind und\u00a0 sich nachverfolgen lassen, wird auch die Zusammenarbeit zwischen Unternehmen erleichtert.<\/li>\n<li><strong>Steuerfairness:<\/strong> E-Rechnungen sind f\u00e4lschungssicherer als Papierrechnungen, da sie durch digitale Signaturen und andere Sicherheitsmerkmale gesch\u00fctzt sind. Dies erschwert es Unternehmen, ihre Ums\u00e4tze zu manipulieren, um weniger Steuern zu zahlen. Dadurch, dass die Steuerhinterziehung somit bek\u00e4mpft wird, entsteht mehr Fairness f\u00fcr Unternehmen, die nicht zu solchen Mitteln greifen.<\/li>\n<li><strong>Compliance:<\/strong> Elektronische Rechnungen erleichtern die Einhaltung gesetzlicher Anforderungen und Vorschriften, insbesondere in Bezug auf Archivierung und Zugriff. Das Stichwort hierzu lautet GoBD.<\/li>\n<li><strong>Digitalisierung:<\/strong> Die Pflicht zur E-Rechnung ist ein weiterer Schritt hin zur Digitalisierung der deutschen Wirtschaft. Unternehmen werden dadurch motiviert, ihre Prozesse zu digitalisieren und in moderne Technologien zu investieren.<\/li>\n<\/ul>\n<p>Diese Vorteile gleichen den initialen zeitlichen und finanziellen Aufwand schnell aus und k\u00f6nnen dabei helfen, die <strong>Wettbewerbsf\u00e4higkeit<\/strong> deutscher Unternehmen auf dem globalen Markt zu st\u00e4rken. Die Umstellung auf die <strong>digitale Rechnungserstellung und -verarbeitung<\/strong> sollte daher nicht als ein l\u00e4stiges \u201eTo do\u201c, sondern als Chance verstanden werden.<\/p>\n<div id=\"attachment_24533\" style=\"width: 660px\" class=\"wp-caption aligncenter\"><img loading=\"lazy\" decoding=\"async\" aria-describedby=\"caption-attachment-24533\" class=\"size-full wp-image-24533\" src=\"https:\/\/it-service.network\/blog\/wp-content\/uploads\/2024\/05\/Pflicht-zur-E-Rechnung-pexels-shvetsa-5325112.jpg\" alt=\"Zu sehen ist ein Mann am Laptop. Er stellt eine elektronische Rechnung aus und setzt die Pflicht zur E-Rechnung um. Bild: Pexels\/Anna Shvets \" width=\"650\" height=\"433\" srcset=\"https:\/\/it-service.network\/blog\/wp-content\/uploads\/2024\/05\/Pflicht-zur-E-Rechnung-pexels-shvetsa-5325112.jpg 650w, https:\/\/it-service.network\/blog\/wp-content\/uploads\/2024\/05\/Pflicht-zur-E-Rechnung-pexels-shvetsa-5325112-300x200.jpg 300w\" sizes=\"auto, (max-width: 650px) 100vw, 650px\" \/><p id=\"caption-attachment-24533\" class=\"wp-caption-text\">Alles wird digital \u2013 auch die Rechnungsstellung. Bild: Pexels\/<a href=\"https:\/\/www.pexels.com\/de-de\/foto\/geschaftsmann-mann-anzug-laptop-5325112\/\" target=\"_blank\" rel=\"noopener\">Anna Shvets<\/a><\/p><\/div>\n<h2 id=\"sechs\">Tipps zur Einf\u00fchrung der E-Rechnungsstellung<\/h2>\n<p>Die Umstellung auf die E-Rechnungsstellung kann nichtsdestotrotz eine <strong>Herausforderung<\/strong> darstellen. Wir haben daher einige p<strong>raktische Tipps<\/strong> zusammengestellt, die Unternehmen bei der Einf\u00fchrung helfen k\u00f6nnen:<\/p>\n<ul>\n<li><strong>W\u00e4hlen Sie eine L\u00f6sung:<\/strong><br \/>\nAls erstes sollten Sie sich einen \u00dcberblick \u00fcber geeignete Softwarel\u00f6sung verschaffen, die mit den g\u00e4ngigen E-Rechnungsformaten wie XRechnung oder ZUGFeRD kompatibel ist. Es gibt hier verschiedene Anbieter. Achten Sie darauf, dass die Software Ihre individuellen Bed\u00fcrfnisse und Anforderungen erf\u00fcllt und sich nahtlos in Ihre bestehenden Buchhaltungs- und ERP-Systeme integrieren l\u00e4sst.<\/li>\n<li><strong>Planen Sie die Umstellung:<br \/>\n<\/strong>Definieren Sie einen Zeitplan f\u00fcr die Umstellung auf die E-Rechnung und informieren in diesem Zuge auch Ihre Gesch\u00e4ftspartner \u00fcber die neue Vorgehensweise. Um eine reibungslose Umstellung sicherzustellen, sollten Sie Ihre Mitarbeiter rechtzeitig in der Handhabung der neuen Software schulen.\u00a0Dies umfasst nicht nur die technische Bedienung, sondern auch das Verst\u00e4ndnis f\u00fcr die neuen Prozesse, die mit der E-Rechnungsstellung einhergehen.<\/li>\n<li><strong>Pr\u00fcfen Sie Ihre Datenbasis:<\/strong><br \/>\nEine korrekte und vollst\u00e4ndige Datenbasis ist entscheidend f\u00fcr den reibungslosen Betrieb der E-Rechnungsstellung. Aus diesem Grund macht es Sinn, die bestehenden Daten auf ihre Aktualit\u00e4t und Genauigkeit zu \u00fcberpr\u00fcfen.<\/li>\n<li><strong>Passen Sie Ihre Prozesse an:<\/strong><br \/>\nDie Anforderungen der elektronischen Rechnungsstellung k\u00f6nnen eine Anpassung Ihrer bestehenden internen Prozesse erforderlich machen. Zum Beispiel k\u00f6nnten neue Abl\u00e4ufe f\u00fcr die Rechnungspr\u00fcfung, -genehmigung und -archivierung umfassen. Nutzen Sie diese Gelegenheit, um dabei auch gleich Ihre Prozesse zu optimieren.<\/li>\n<li><strong>Testen Sie die L\u00f6sung und Prozesse:<\/strong><br \/>\nM\u00f6glichst noch vor der vollst\u00e4ndigen Implementierung der E-Rechnungsstellung sollten Sie in einer Testphase sicherstellen, dass alle Funktionen wie gew\u00fcnscht funktionieren und dass der Datenaustausch reibungslos l\u00e4uft. Dies gibt Ihnen die M\u00f6glichkeit, Probleme fr\u00fchzeitig zu erkennen und zu beheben, ohne dass Ihr laufender Betrieb beeintr\u00e4chtigt wird.<\/li>\n<li><strong>Stellen Sie die Compliance sicher:<\/strong><br \/>\nInformieren Sie sich \u00fcber die rechtlichen Anforderungen der E-Rechnungsstellung und stellen Sie sicher, dass Ihre L\u00f6sung diesen entspricht \u2013 insbesondere in Bezug auf Datenschutz und Archivierung. Die GoBD sind beispielsweise zwingend einzuhalten.<\/li>\n<\/ul>\n<p>Indem Sie diese Tipps befolgen, k\u00f6nnen Sie die <strong>Einf\u00fchrung der E-Rechnungsstellung<\/strong> effizient und erfolgreich gestalten. Unser dringender Appell: Beginnen Sie am besten schon heute mit der Planung und Umsetzung!<\/p>\n<h2 id=\"sieben\">IT-Dienstleister richten Tools ein<\/h2>\n<p>Die genannten Tipps machen vielleicht deutlich, welchen <strong>Aufwand die Pflicht zur E-Rechnung<\/strong> f\u00fcr Unternehmen mit sich bringt, denn neben der <strong>technischen Implementierung<\/strong> m\u00fcssen auch <strong>organisatorische und prozessuale Anpassungen<\/strong> vorgenommen werden. Hier k\u00f6nnen Unternehmen auf die Unterst\u00fctzung von IT-Dienstleistern zur\u00fcckgreifen: IT-Systemh\u00e4user unterst\u00fctzen Unternehmen bei allen Schritten der Einf\u00fchrung, von der Auswahl der passenden E-Rechnungssoftware bis zur Schulung der Mitarbeiter.<\/p>\n<p>Die <a href=\"https:\/\/it-service.network\/it-dienstleister-finden\">Experten aus dem IT-SERVICE.NETWORK<\/a> verf\u00fcgen grunds\u00e4tzlich \u00fcber ein umfassendes Know-how in der <a href=\"https:\/\/it-service.network\/it-support\/digitalisierung-von-geschaeftsprozessen\/\">Digitalisierung von Gesch\u00e4ftsprozessen<\/a> und unterst\u00fctzen Unternehmen auch bei der reibungslosen Einf\u00fchrung der E-Rechnung.\u00a0Sie analysieren die spezifischen Bed\u00fcrfnisse jedes Unternehmens und implementieren eine ma\u00dfgeschneiderte L\u00f6sung, die nicht nur den gesetzlichen Anforderungen entspricht, sondern auch die Effizienz und Transparenz der Rechnungsprozesse erh\u00f6ht. Durch ihre Fachkenntnis und Erfahrung stellen sie sicher, dass der \u00dcbergang zur digitalen Rechnungsstellung f\u00fcr Unternehmen nahtlos und problemfrei verl\u00e4uft.<\/p>\n<hr \/>\n<p><small><strong> Weiterf\u00fchrende Informationen:<\/strong><br \/>\n<a href=\"https:\/\/www.bitkom.org\/Presse\/Presseinformation\/E-Rechnungen-auf-Vormarsch\" target=\"_blank\" rel=\"noopener\">bitkom<\/a>, <a href=\"https:\/\/www.bundesregierung.de\/breg-de\/aktuelles\/wachstumschancengesetz-2216866\" target=\"_blank\" rel=\"noopener\">Bundesregierung<\/a>, <a href=\"https:\/\/www.bundesregierung.de\/resource\/blob\/975228\/2216780\/1ae3b55bae09c6cb62b1c225fb619a66\/2023-07-29-10-punkte-fuer-den-wirtschaftsstandort-deutschland-data.pdf?download=1\" target=\"_blank\" rel=\"noopener\">Bundesregierung<\/a>, <a href=\"https:\/\/www.bundesfinanzministerium.de\/Content\/DE\/Pressemitteilungen\/Finanzpolitik\/2023\/08\/2023-08-30-wachstumschancengesetz.html\" target=\"_blank\" rel=\"noopener\">BFM<\/a>, <a href=\"https:\/\/www.bundesfinanzministerium.de\/Web\/DE\/Themen\/Schlaglichter\/Wachstumschancen\/wachstumschancen.html\" target=\"_blank\" rel=\"noopener\">BMF<\/a>, <a href=\"https:\/\/www.bundestag.de\/dokumente\/textarchiv\/2023\/kw46-de-wachstumschancengesetz-977904\" target=\"_blank\" rel=\"noopener\">Bundestag<\/a>, <a href=\"https:\/\/www.handwerk.com\/e-rechnung-was-ab-2025-fuer-betriebe-pflicht-wird?utm_source=Newsletter&amp;utm_medium=email&amp;utm_content=E-Rechnung%20wird%20Pflicht%3A%20Das%20muessen%20Handwerker%20wissen&amp;utm_campaign=NL_HWC_2024-05-02\" target=\"_blank\" rel=\"noopener\">Handwerk<\/a>, <a href=\"https:\/\/www.handwerk.com\/welche-steuervorteile-bringt-das-wachstumschancengesetz\" target=\"_blank\" rel=\"noopener\">Handwerk<\/a>, <a href=\"https:\/\/www.haufe.de\/thema\/elektronische-rechnung\/\" target=\"_blank\" rel=\"noopener\">haufe<\/a><br \/>\nZur besseren Lesbarkeit verwenden wir im Text die m\u00e4nnliche Form. Gemeint sind jedoch immer alle Geschlechter und Geschlechtsidentit\u00e4ten.<br \/>\n<\/small><\/p>\n","protected":false},"excerpt":{"rendered":"<p>Die verpflichtende Einf\u00fchrung der E-Rechnung ist beschlossene Sache. Im Zuge des Wachstumschancengesetzes m\u00fcssen Unternehmen bis 2025 in der Lage sein, E-Rechnungen zu erhalten. Wir erkl\u00e4ren, was es mit der Pflicht zur E-Rechnung auf sich hat und was Unternehmen beachten m\u00fcssen.<\/p>\n","protected":false},"author":15,"featured_media":24531,"comment_status":"open","ping_status":"open","sticky":false,"template":"","format":"standard","meta":{"footnotes":""},"categories":[594],"tags":[45,899,111,982],"class_list":["post-24425","post","type-post","status-publish","format-standard","has-post-thumbnail","hentry","category-digitalisierung","tag-digitaler-wandel","tag-it-recht-und-digitalpolitik","tag-it-trends","tag-tools"],"yoast_head":"<!-- This site is optimized with the Yoast SEO plugin v26.5 - https:\/\/yoast.com\/wordpress\/plugins\/seo\/ -->\n<title>Pflicht zur E-Rechnung: Unternehmen m\u00fcssen jetzt aktiv werden!<\/title>\n<meta name=\"description\" content=\"Die E-Rechnung wird Pflicht \u2713 ab 2025 E-Rechnungen empfangen \u2713 ab 2028 Rechnungen elektronisch stellen \u2713 Pflicht zur E-Rechnung\" \/>\n<meta name=\"robots\" content=\"index, follow, max-snippet:-1, max-image-preview:large, max-video-preview:-1\" \/>\n<link rel=\"canonical\" href=\"https:\/\/it-service.network\/blog\/2024\/05\/22\/pflicht-zur-e-rechnung\/\" \/>\n<meta property=\"og:locale\" content=\"de_DE\" \/>\n<meta property=\"og:type\" content=\"article\" \/>\n<meta property=\"og:title\" content=\"Pflicht zur E-Rechnung: Unternehmen m\u00fcssen jetzt aktiv werden!\" \/>\n<meta property=\"og:description\" content=\"Die E-Rechnung wird Pflicht \u2713 ab 2025 E-Rechnungen empfangen \u2713 ab 2028 Rechnungen elektronisch stellen \u2713 Pflicht zur E-Rechnung\" \/>\n<meta property=\"og:url\" content=\"https:\/\/it-service.network\/blog\/2024\/05\/22\/pflicht-zur-e-rechnung\/\" \/>\n<meta property=\"og:site_name\" content=\"IT-SERVICE.NETWORK Blog\" \/>\n<meta property=\"article:publisher\" content=\"https:\/\/www.facebook.com\/itservicenetwork\/\" \/>\n<meta property=\"article:published_time\" content=\"2024-05-21T22:01:59+00:00\" \/>\n<meta property=\"article:modified_time\" content=\"2024-12-16T09:24:23+00:00\" \/>\n<meta property=\"og:image\" content=\"https:\/\/it-service.network\/blog\/wp-content\/uploads\/2024\/05\/Pflicht-zur-E-Rechnung-pexels-mikhail-nilov-6962993.jpg\" \/>\n\t<meta property=\"og:image:width\" content=\"650\" \/>\n\t<meta property=\"og:image:height\" content=\"433\" \/>\n\t<meta property=\"og:image:type\" content=\"image\/jpeg\" \/>\n<meta name=\"author\" content=\"Janina Kr\u00f6ger\" \/>\n<meta name=\"twitter:card\" content=\"summary_large_image\" \/>\n<meta name=\"twitter:creator\" content=\"@ITSERVICNETWORK\" \/>\n<meta name=\"twitter:site\" content=\"@ITSERVICNETWORK\" \/>\n<meta name=\"twitter:label1\" content=\"Verfasst von\" \/>\n\t<meta name=\"twitter:data1\" content=\"Janina Kr\u00f6ger\" \/>\n\t<meta name=\"twitter:label2\" content=\"Gesch\u00e4tzte Lesezeit\" \/>\n\t<meta name=\"twitter:data2\" content=\"10\u00a0Minuten\" \/>\n<script type=\"application\/ld+json\" class=\"yoast-schema-graph\">{\"@context\":\"https:\/\/schema.org\",\"@graph\":[{\"@type\":\"WebPage\",\"@id\":\"https:\/\/it-service.network\/blog\/2024\/05\/22\/pflicht-zur-e-rechnung\/\",\"url\":\"https:\/\/it-service.network\/blog\/2024\/05\/22\/pflicht-zur-e-rechnung\/\",\"name\":\"Pflicht zur E-Rechnung: Unternehmen m\u00fcssen jetzt aktiv werden!\",\"isPartOf\":{\"@id\":\"https:\/\/it-service.network\/blog\/#website\"},\"primaryImageOfPage\":{\"@id\":\"https:\/\/it-service.network\/blog\/2024\/05\/22\/pflicht-zur-e-rechnung\/#primaryimage\"},\"image\":{\"@id\":\"https:\/\/it-service.network\/blog\/2024\/05\/22\/pflicht-zur-e-rechnung\/#primaryimage\"},\"thumbnailUrl\":\"https:\/\/it-service.network\/blog\/wp-content\/uploads\/2024\/05\/Pflicht-zur-E-Rechnung-pexels-mikhail-nilov-6962993.jpg\",\"datePublished\":\"2024-05-21T22:01:59+00:00\",\"dateModified\":\"2024-12-16T09:24:23+00:00\",\"author\":{\"@id\":\"https:\/\/it-service.network\/blog\/#\/schema\/person\/097b38a87cec44dab5da8ef920f799fc\"},\"description\":\"Die E-Rechnung wird Pflicht \u2713 ab 2025 E-Rechnungen empfangen \u2713 ab 2028 Rechnungen elektronisch stellen \u2713 Pflicht zur E-Rechnung\",\"breadcrumb\":{\"@id\":\"https:\/\/it-service.network\/blog\/2024\/05\/22\/pflicht-zur-e-rechnung\/#breadcrumb\"},\"inLanguage\":\"de\",\"potentialAction\":[{\"@type\":\"ReadAction\",\"target\":[\"https:\/\/it-service.network\/blog\/2024\/05\/22\/pflicht-zur-e-rechnung\/\"]}]},{\"@type\":\"ImageObject\",\"inLanguage\":\"de\",\"@id\":\"https:\/\/it-service.network\/blog\/2024\/05\/22\/pflicht-zur-e-rechnung\/#primaryimage\",\"url\":\"https:\/\/it-service.network\/blog\/wp-content\/uploads\/2024\/05\/Pflicht-zur-E-Rechnung-pexels-mikhail-nilov-6962993.jpg\",\"contentUrl\":\"https:\/\/it-service.network\/blog\/wp-content\/uploads\/2024\/05\/Pflicht-zur-E-Rechnung-pexels-mikhail-nilov-6962993.jpg\",\"width\":650,\"height\":433,\"caption\":\"Rechnungen sollen in Zukunft im B2B-Umfeld nur noch elektronisch ausgestellt werden. Bild: Pexels\/Mikhail Nilov\"},{\"@type\":\"BreadcrumbList\",\"@id\":\"https:\/\/it-service.network\/blog\/2024\/05\/22\/pflicht-zur-e-rechnung\/#breadcrumb\",\"itemListElement\":[{\"@type\":\"ListItem\",\"position\":1,\"name\":\"Startseite\",\"item\":\"https:\/\/it-service.network\/blog\/\"},{\"@type\":\"ListItem\",\"position\":2,\"name\":\"Pflicht zur E-Rechnung ## So bereiten sich Unternehmen bis 2025 vor\"}]},{\"@type\":\"WebSite\",\"@id\":\"https:\/\/it-service.network\/blog\/#website\",\"url\":\"https:\/\/it-service.network\/blog\/\",\"name\":\"IT-SERVICE.NETWORK Blog\",\"description\":\"Der IT-SERVICE.NETWORK Blog mit spannenden IT-News: \u2713 IT-Themen \u2713 IT-Trends \u2713 Business-Themen \u2713 IT-Dienstleistungen\",\"potentialAction\":[{\"@type\":\"SearchAction\",\"target\":{\"@type\":\"EntryPoint\",\"urlTemplate\":\"https:\/\/it-service.network\/blog\/?s={search_term_string}\"},\"query-input\":{\"@type\":\"PropertyValueSpecification\",\"valueRequired\":true,\"valueName\":\"search_term_string\"}}],\"inLanguage\":\"de\"},{\"@type\":\"Person\",\"@id\":\"https:\/\/it-service.network\/blog\/#\/schema\/person\/097b38a87cec44dab5da8ef920f799fc\",\"name\":\"Janina Kr\u00f6ger\",\"image\":{\"@type\":\"ImageObject\",\"inLanguage\":\"de\",\"@id\":\"https:\/\/it-service.network\/blog\/#\/schema\/person\/image\/\",\"url\":\"https:\/\/it-service.network\/blog\/wp-content\/uploads\/2019\/11\/avatar_user_15_1573543291-96x96.jpg\",\"contentUrl\":\"https:\/\/it-service.network\/blog\/wp-content\/uploads\/2019\/11\/avatar_user_15_1573543291-96x96.jpg\",\"caption\":\"Janina Kr\u00f6ger\"},\"description\":\"Seit Anfang 2019 ist Janina Kr\u00f6ger f\u00fcr den Blog des IT-SERVICE.NETWORK verantwortlich \u2013 anfangs in der Position der Online-Redakteurin und inzwischen als Content Marketing Managerin. Die studierte Germanistin\/Anglistin und ausgebildete Redakteurin beh\u00e4lt das Geschehen auf dem IT-Markt im Blick, verfolgt gespannt neue Trends und Technologien und beobachtet aktuelle Bedrohungen im Bereich des Cybercrime. Die relevantesten Infos werden dann in interessante Blog-Beitr\u00e4ge verpackt, um vor allem Unternehmen mit n\u00fctzlichem Wissen zu versorgen, das sie gewinnbringend f\u00fcr sich nutzen k\u00f6nnen. Eine Notiz am Rande: Auch f\u00fcr das IT-Lexikon des IT-SERVICE.NETWORK bereitet die Content Marketing Managerin oft kompliziertes IT-Wissen verst\u00e4ndlich auf. Der schreibenden Zunft geh\u00f6rt Janina Kr\u00f6ger bereits seit 2006 an, als sie ein Praktikum beim WESTF\u00c4LISCHEN VOLKSBLATT absolvierte und der Regionalzeitung anschlie\u00dfend als Freie Mitarbeiterin erhalten blieb. Nach ihrem Studium an der Universit\u00e4t Paderborn ging es mit Hospitanz, Volontariat und Redakteurs-Posten beim WESTFALEN-BLATT vollends in den Journalismus. Mit dem Wechsel zum Publicpress Verlag lernte Janina Kr\u00f6ger als Text-Redakteurin ein f\u00fcr sie neues Themengebiet kennen: Die Produktion von Reisef\u00fchrern, Wanderf\u00fchrern und Radtourenf\u00fchrern sowie die Erstellung von Freizeitkarten und Stadtpl\u00e4nen waren die neuen Aufgaben \u2013 allerdings sollten Google Maps und Co. dem Erfolg des Verlags bald ein Ende setzen. F\u00fcr Janina Kr\u00f6ger bedeutete das: Als n\u00e4chstes muss ein Job in einem Themengebiet mit besseren Zukunftsaussichten her \u2013 die IT-Branche schien da genau richtig! Bereits seit 2019 f\u00fchlt sich die gelernte Redakteurin bei der SYNAXON AG als Mutterunternehmen des IT-SERVICE.NETWORK bestens aufgehoben. Durch Mutterschutz und Elternzeit legt sie aktuell bis Sommer 2026 eine kleine Pause ein. In ihrer Freizeit tauscht Janina den Laptop gern gegen ihre Back- und Kochutensilien aus. Zeit mit ihrer Familie hat h\u00f6chste Priorit\u00e4t. Andere Hobbies wie das Lesen, Hulahoop-Schwingen und Trampolin-H\u00fcpfen sind daher zuletzt etwas in den Hintergrund getreten. \u00dcbrigens: Das IT-SERVICE.NETWORK ist ein Marketing-Verbund f\u00fcr IT-Dienstleister, die sich auf die Betreuung von Unternehmen mit bis zu 250 PC-Arbeitspl\u00e4tzen spezialisiert haben.\",\"sameAs\":[\"https:\/\/www.xing.com\/profile\/Janina_Kroeger3\/\",\"https:\/\/www.linkedin.com\/in\/janina-kr\u00f6ger-490aaa19a\/\"],\"url\":\"https:\/\/it-service.network\/blog\/author\/janina\/\"}]}<\/script>\n<!-- \/ Yoast SEO plugin. -->","yoast_head_json":{"title":"Pflicht zur E-Rechnung: Unternehmen m\u00fcssen jetzt aktiv werden!","description":"Die E-Rechnung wird Pflicht \u2713 ab 2025 E-Rechnungen empfangen \u2713 ab 2028 Rechnungen elektronisch stellen \u2713 Pflicht zur E-Rechnung","robots":{"index":"index","follow":"follow","max-snippet":"max-snippet:-1","max-image-preview":"max-image-preview:large","max-video-preview":"max-video-preview:-1"},"canonical":"https:\/\/it-service.network\/blog\/2024\/05\/22\/pflicht-zur-e-rechnung\/","og_locale":"de_DE","og_type":"article","og_title":"Pflicht zur E-Rechnung: Unternehmen m\u00fcssen jetzt aktiv werden!","og_description":"Die E-Rechnung wird Pflicht \u2713 ab 2025 E-Rechnungen empfangen \u2713 ab 2028 Rechnungen elektronisch stellen \u2713 Pflicht zur E-Rechnung","og_url":"https:\/\/it-service.network\/blog\/2024\/05\/22\/pflicht-zur-e-rechnung\/","og_site_name":"IT-SERVICE.NETWORK Blog","article_publisher":"https:\/\/www.facebook.com\/itservicenetwork\/","article_published_time":"2024-05-21T22:01:59+00:00","article_modified_time":"2024-12-16T09:24:23+00:00","og_image":[{"width":650,"height":433,"url":"https:\/\/it-service.network\/blog\/wp-content\/uploads\/2024\/05\/Pflicht-zur-E-Rechnung-pexels-mikhail-nilov-6962993.jpg","type":"image\/jpeg"}],"author":"Janina Kr\u00f6ger","twitter_card":"summary_large_image","twitter_creator":"@ITSERVICNETWORK","twitter_site":"@ITSERVICNETWORK","twitter_misc":{"Verfasst von":"Janina Kr\u00f6ger","Gesch\u00e4tzte Lesezeit":"10\u00a0Minuten"},"schema":{"@context":"https:\/\/schema.org","@graph":[{"@type":"WebPage","@id":"https:\/\/it-service.network\/blog\/2024\/05\/22\/pflicht-zur-e-rechnung\/","url":"https:\/\/it-service.network\/blog\/2024\/05\/22\/pflicht-zur-e-rechnung\/","name":"Pflicht zur E-Rechnung: Unternehmen m\u00fcssen jetzt aktiv werden!","isPartOf":{"@id":"https:\/\/it-service.network\/blog\/#website"},"primaryImageOfPage":{"@id":"https:\/\/it-service.network\/blog\/2024\/05\/22\/pflicht-zur-e-rechnung\/#primaryimage"},"image":{"@id":"https:\/\/it-service.network\/blog\/2024\/05\/22\/pflicht-zur-e-rechnung\/#primaryimage"},"thumbnailUrl":"https:\/\/it-service.network\/blog\/wp-content\/uploads\/2024\/05\/Pflicht-zur-E-Rechnung-pexels-mikhail-nilov-6962993.jpg","datePublished":"2024-05-21T22:01:59+00:00","dateModified":"2024-12-16T09:24:23+00:00","author":{"@id":"https:\/\/it-service.network\/blog\/#\/schema\/person\/097b38a87cec44dab5da8ef920f799fc"},"description":"Die E-Rechnung wird Pflicht \u2713 ab 2025 E-Rechnungen empfangen \u2713 ab 2028 Rechnungen elektronisch stellen \u2713 Pflicht zur E-Rechnung","breadcrumb":{"@id":"https:\/\/it-service.network\/blog\/2024\/05\/22\/pflicht-zur-e-rechnung\/#breadcrumb"},"inLanguage":"de","potentialAction":[{"@type":"ReadAction","target":["https:\/\/it-service.network\/blog\/2024\/05\/22\/pflicht-zur-e-rechnung\/"]}]},{"@type":"ImageObject","inLanguage":"de","@id":"https:\/\/it-service.network\/blog\/2024\/05\/22\/pflicht-zur-e-rechnung\/#primaryimage","url":"https:\/\/it-service.network\/blog\/wp-content\/uploads\/2024\/05\/Pflicht-zur-E-Rechnung-pexels-mikhail-nilov-6962993.jpg","contentUrl":"https:\/\/it-service.network\/blog\/wp-content\/uploads\/2024\/05\/Pflicht-zur-E-Rechnung-pexels-mikhail-nilov-6962993.jpg","width":650,"height":433,"caption":"Rechnungen sollen in Zukunft im B2B-Umfeld nur noch elektronisch ausgestellt werden. Bild: Pexels\/Mikhail Nilov"},{"@type":"BreadcrumbList","@id":"https:\/\/it-service.network\/blog\/2024\/05\/22\/pflicht-zur-e-rechnung\/#breadcrumb","itemListElement":[{"@type":"ListItem","position":1,"name":"Startseite","item":"https:\/\/it-service.network\/blog\/"},{"@type":"ListItem","position":2,"name":"Pflicht zur E-Rechnung ## So bereiten sich Unternehmen bis 2025 vor"}]},{"@type":"WebSite","@id":"https:\/\/it-service.network\/blog\/#website","url":"https:\/\/it-service.network\/blog\/","name":"IT-SERVICE.NETWORK Blog","description":"Der IT-SERVICE.NETWORK Blog mit spannenden IT-News: \u2713 IT-Themen \u2713 IT-Trends \u2713 Business-Themen \u2713 IT-Dienstleistungen","potentialAction":[{"@type":"SearchAction","target":{"@type":"EntryPoint","urlTemplate":"https:\/\/it-service.network\/blog\/?s={search_term_string}"},"query-input":{"@type":"PropertyValueSpecification","valueRequired":true,"valueName":"search_term_string"}}],"inLanguage":"de"},{"@type":"Person","@id":"https:\/\/it-service.network\/blog\/#\/schema\/person\/097b38a87cec44dab5da8ef920f799fc","name":"Janina Kr\u00f6ger","image":{"@type":"ImageObject","inLanguage":"de","@id":"https:\/\/it-service.network\/blog\/#\/schema\/person\/image\/","url":"https:\/\/it-service.network\/blog\/wp-content\/uploads\/2019\/11\/avatar_user_15_1573543291-96x96.jpg","contentUrl":"https:\/\/it-service.network\/blog\/wp-content\/uploads\/2019\/11\/avatar_user_15_1573543291-96x96.jpg","caption":"Janina Kr\u00f6ger"},"description":"Seit Anfang 2019 ist Janina Kr\u00f6ger f\u00fcr den Blog des IT-SERVICE.NETWORK verantwortlich \u2013 anfangs in der Position der Online-Redakteurin und inzwischen als Content Marketing Managerin. Die studierte Germanistin\/Anglistin und ausgebildete Redakteurin beh\u00e4lt das Geschehen auf dem IT-Markt im Blick, verfolgt gespannt neue Trends und Technologien und beobachtet aktuelle Bedrohungen im Bereich des Cybercrime. Die relevantesten Infos werden dann in interessante Blog-Beitr\u00e4ge verpackt, um vor allem Unternehmen mit n\u00fctzlichem Wissen zu versorgen, das sie gewinnbringend f\u00fcr sich nutzen k\u00f6nnen. Eine Notiz am Rande: Auch f\u00fcr das IT-Lexikon des IT-SERVICE.NETWORK bereitet die Content Marketing Managerin oft kompliziertes IT-Wissen verst\u00e4ndlich auf. Der schreibenden Zunft geh\u00f6rt Janina Kr\u00f6ger bereits seit 2006 an, als sie ein Praktikum beim WESTF\u00c4LISCHEN VOLKSBLATT absolvierte und der Regionalzeitung anschlie\u00dfend als Freie Mitarbeiterin erhalten blieb. Nach ihrem Studium an der Universit\u00e4t Paderborn ging es mit Hospitanz, Volontariat und Redakteurs-Posten beim WESTFALEN-BLATT vollends in den Journalismus. Mit dem Wechsel zum Publicpress Verlag lernte Janina Kr\u00f6ger als Text-Redakteurin ein f\u00fcr sie neues Themengebiet kennen: Die Produktion von Reisef\u00fchrern, Wanderf\u00fchrern und Radtourenf\u00fchrern sowie die Erstellung von Freizeitkarten und Stadtpl\u00e4nen waren die neuen Aufgaben \u2013 allerdings sollten Google Maps und Co. dem Erfolg des Verlags bald ein Ende setzen. F\u00fcr Janina Kr\u00f6ger bedeutete das: Als n\u00e4chstes muss ein Job in einem Themengebiet mit besseren Zukunftsaussichten her \u2013 die IT-Branche schien da genau richtig! Bereits seit 2019 f\u00fchlt sich die gelernte Redakteurin bei der SYNAXON AG als Mutterunternehmen des IT-SERVICE.NETWORK bestens aufgehoben. Durch Mutterschutz und Elternzeit legt sie aktuell bis Sommer 2026 eine kleine Pause ein. In ihrer Freizeit tauscht Janina den Laptop gern gegen ihre Back- und Kochutensilien aus. Zeit mit ihrer Familie hat h\u00f6chste Priorit\u00e4t. Andere Hobbies wie das Lesen, Hulahoop-Schwingen und Trampolin-H\u00fcpfen sind daher zuletzt etwas in den Hintergrund getreten. \u00dcbrigens: Das IT-SERVICE.NETWORK ist ein Marketing-Verbund f\u00fcr IT-Dienstleister, die sich auf die Betreuung von Unternehmen mit bis zu 250 PC-Arbeitspl\u00e4tzen spezialisiert haben.","sameAs":["https:\/\/www.xing.com\/profile\/Janina_Kroeger3\/","https:\/\/www.linkedin.com\/in\/janina-kr\u00f6ger-490aaa19a\/"],"url":"https:\/\/it-service.network\/blog\/author\/janina\/"}]}},"_links":{"self":[{"href":"https:\/\/it-service.network\/blog\/wp-json\/wp\/v2\/posts\/24425","targetHints":{"allow":["GET"]}}],"collection":[{"href":"https:\/\/it-service.network\/blog\/wp-json\/wp\/v2\/posts"}],"about":[{"href":"https:\/\/it-service.network\/blog\/wp-json\/wp\/v2\/types\/post"}],"author":[{"embeddable":true,"href":"https:\/\/it-service.network\/blog\/wp-json\/wp\/v2\/users\/15"}],"replies":[{"embeddable":true,"href":"https:\/\/it-service.network\/blog\/wp-json\/wp\/v2\/comments?post=24425"}],"version-history":[{"count":10,"href":"https:\/\/it-service.network\/blog\/wp-json\/wp\/v2\/posts\/24425\/revisions"}],"predecessor-version":[{"id":25944,"href":"https:\/\/it-service.network\/blog\/wp-json\/wp\/v2\/posts\/24425\/revisions\/25944"}],"wp:featuredmedia":[{"embeddable":true,"href":"https:\/\/it-service.network\/blog\/wp-json\/wp\/v2\/media\/24531"}],"wp:attachment":[{"href":"https:\/\/it-service.network\/blog\/wp-json\/wp\/v2\/media?parent=24425"}],"wp:term":[{"taxonomy":"category","embeddable":true,"href":"https:\/\/it-service.network\/blog\/wp-json\/wp\/v2\/categories?post=24425"},{"taxonomy":"post_tag","embeddable":true,"href":"https:\/\/it-service.network\/blog\/wp-json\/wp\/v2\/tags?post=24425"}],"curies":[{"name":"wp","href":"https:\/\/api.w.org\/{rel}","templated":true}]}}