{"id":2919,"date":"2018-05-16T12:15:22","date_gmt":"2018-05-16T10:15:22","guid":{"rendered":"https:\/\/it-service.network\/blog\/?p=2919"},"modified":"2021-11-23T09:19:11","modified_gmt":"2021-11-23T08:19:11","slug":"digitaler-wandel","status":"publish","type":"post","link":"https:\/\/it-service.network\/blog\/2018\/05\/16\/digitaler-wandel\/","title":{"rendered":"Digitaler Wandel ## So steht es derzeit um die Digitalisierung in Deutschland"},"content":{"rendered":"<p><strong>Willkommen im digitalen Zeitalter! Die Begriffe \u201eDigitalisierung\u201c und digitaler Wandel sind heutzutage aus den Medien nicht mehr wegzudenken.<\/strong><\/p>\n<p>Doch wie steht es eigentlich derzeit um die Digitalisierung in Deutschland? Wir gehen dieser Frage im folgenden Artikel nach.<br \/>\n<!--more--><\/p>\n<div id=\"attachment_2922\" style=\"width: 310px\" class=\"wp-caption alignright\"><img loading=\"lazy\" decoding=\"async\" aria-describedby=\"caption-attachment-2922\" class=\"size-medium wp-image-2922\" src=\"https:\/\/it-service.network\/blog\/wp-content\/uploads\/2018\/05\/digitaler-wandel-300x144.jpg\" alt=\"digitaler wandel - digitaler wandel - digitalisierung - vernetzung - smart technologies - konnektivit\u00e4t\" width=\"300\" height=\"144\" \/><p id=\"caption-attachment-2922\" class=\"wp-caption-text\">Digitaler Wandel ist derzeit in aller Munde. Doch wie steht es um die Digitalisierung in Deutschland? (pixabay.com\/geralt)<\/p><\/div>\n<h3>Digitaler Wandel in Deutschland<\/h3>\n<p>Wir leben in einem <strong>digitalen Zeitalter<\/strong>. Das Internet, Smartphones und Wearables sowie Fitnesstracker und Smartwatches sind aus unserem Alltag schon l\u00e4ngst nicht mehr wegzudenken. Doch die <strong>Digitalisierung der Gesellschaft<\/strong> hat noch viel mehr Facetten, von denen viele uns bereits so sehr in Fleisch und Blut \u00fcbergegangen sind, dass wir sie gar nicht mehr als <strong>digitalen Wandel<\/strong> wahrnehmen.<\/p>\n<p>Doch wie weit fortgeschritten ist die Digitalisierung in Deutschland? Das haben der Bundesverband Digitale Wirtschaft (BVDW) und die Forschungsagentur DCORE in der Studie \u201e<a href=\"https:\/\/bvdw.org\/fileadmin\/user_upload\/BVDW_Marktforschung_Digitale_Nutzung_in_Deutschland_2018.pdf\" target=\"_blank\" rel=\"noopener noreferrer\">Digitale Nutzung in Deutschland 2018<\/a>\u201c unter die Lupe genommen. Daf\u00fcr wurden im Dezember 2017 insgesamt 1.000 Teilnehmer zu ihrer Mediennutzung und m\u00f6glichen Digitalisierungstrends befragt.<\/p>\n<h3>Trendthema Digitaler Wandel<\/h3>\n<p>Vielleicht haben Sie Anfang des Jahres auch gespannt auf die prognostizierten <a href=\"https:\/\/it-service.network\/blog\/2018\/01\/30\/it-trends-2018-digitalisierungstrends\/\">IT-Trends f\u00fcr das Jahr 2018<\/a> gewartet. Das Thema Digitalisierung und <strong>digitaler Wandel<\/strong> spielt dabei nach wie vor eine enorm wichtige Rolle, denn wir befinden uns mittendrin. Doch wie weit fortgeschritten ist die <strong>Digitalisierung der Gesellschaft<\/strong> in Deutschland \u00fcberhaupt?<\/p>\n<p>Eines zeigt die Studie dabei sehr deutlich: Die Mehrheit der Deutschen ist regelm\u00e4\u00dfig im Internet unterwegs. Vor allem das Smartphone und Tablet, aber auch Smart-TVs werden dabei immer wichtiger. So nutzt mittlerweile jeder Zweite das Smartphone zum Surfen, Kommunizieren und Arbeiten. Insbesondere in der Altersgruppe der 14- bis 24-J\u00e4hrigen gaben 74 Prozent an, vorrangig ihr Smartphone f\u00fcr digitale Aktivit\u00e4ten zu nutzen.<\/p>\n<h3>Digitaler Wandel sorgt f\u00fcr st\u00e4ndige Erreichbarkeit<\/h3>\n<p>Au\u00dferdem gaben 41 Prozent der Teilnehmer an, dass sie nicht mehr bewusst wahrnehmen, ob sie digital unterwegs sind oder nicht. Das macht sich vor allem in den j\u00fcngeren Altersgruppen (14 bis 24 Jahre und 25 bis 34 Jahre) bemerkbar. Zugleich sind gerade die Teilnehmer dieser Altersgruppen immer online erreichbar (62 Prozent bzw. 65 Prozent). Auch dies ist ein eindeutiges Zeichen f\u00fcr den fortschreitenden <strong>digitalen Wandel<\/strong>.<\/p>\n<div id=\"attachment_2957\" style=\"width: 310px\" class=\"wp-caption alignleft\"><a href=\"https:\/\/it-service.network\/blog\/wp-content\/uploads\/2018\/05\/DigitalerWandel_Einstellung-1.png\"><img loading=\"lazy\" decoding=\"async\" aria-describedby=\"caption-attachment-2957\" class=\"wp-image-2957 size-medium\" src=\"https:\/\/it-service.network\/blog\/wp-content\/uploads\/2018\/05\/DigitalerWandel_Einstellung-1-300x171.png\" alt=\"digitaler wandel - digitaler wandel - digitalisierung - vernetzung - smart technologies - konnektivit\u00e4t\" width=\"300\" height=\"171\" \/><\/a><p id=\"caption-attachment-2957\" class=\"wp-caption-text\">\u00dcberraschend: 37 Prozent der Befragten lehnen die Digitalisierung des Alltags ab. (Bild: BVDM)<\/p><\/div>\n<p>Erstaunlicherweise sind es aber gerade auch diese Altersgruppen, die der Digitalisierung teilweise kritisch gegen\u00fcberstehen. So gaben 44 Prozent der 14 bis 24-J\u00e4hrigen in der Befragung an, dass sie die Digitalisierung des Alltags ablehnen. 63 Prozent dieser Altersgruppe erkl\u00e4rten, dass ihnen die zunehmende Technisierung und <strong>Automatisierung<\/strong> Sorgen bereitet.<\/p>\n<p>Insgesamt bef\u00fcrworten die Deutschen den <strong>digitalen Wandel<\/strong> allerdings. Vor allem die Ver\u00e4nderung von Handlungsabl\u00e4ufen und Prozessen, die durch <strong>Connected Devices<\/strong> vereinfacht werden, werden positiv bewertet.<\/p>\n<h3>Datenschutz und digitaler Wandel<\/h3>\n<p>Der <strong>digitale Wandel<\/strong> l\u00e4sst sich aber nicht allein an den genutzten Ger\u00e4ten oder der aufgewendeten Onlinezeit bemessen. Auch die Einsch\u00e4tzung <strong>digitaler Trends<\/strong> geh\u00f6rt zur Studie des BVDW. Vor allem Datenschutz ist ein hei\u00dfes Thema \u2013 sicherlich nicht zuletzt auch wegen der in K\u00fcrze in Kraft tretenden DSGVO.<\/p>\n<p style=\"text-align: right;\"><em>Lesen Sie unsere Artikel zum Thema DSGVO:<\/em> <a href=\"https:\/\/it-service.network\/blog\/tag\/dsgvo\/\">DSGVO \u2013 Tipps und Tricks<\/a><\/p>\n<p>So gaben 71 Prozent der Umfrage-Teilnehmer an, dass sie bestimmte Anwendungen aufgrund von Datenschutzbedenken nicht verwenden. Gleichzeitig erkl\u00e4rten 84 Prozent der Befragten, dass sie zum Schutz ihrer pers\u00f6nlichen Daten im Internet nur Anwendungen nutzen w\u00fcrden, denen sie in puncto Datenschutz vertrauen.<\/p>\n<h3>Digitaler Wandel \u2013 der Einfluss von Social Media steigt<\/h3>\n<p>Angesichts des j\u00fcngsten <a href=\"https:\/\/www.pcspezialist.de\/blog\/2018\/03\/21\/deletefacebook-datenmissbrauch\/\" target=\"_blank\" rel=\"noopener noreferrer\">Facebook-Datenskandals um Cambridge Analytica<\/a> d\u00fcrften Social-Media-Plattformen wie Facebook da nicht zugeh\u00f6ren. Allerdings zeigt die Studie \u201eDigitale Nutzung in Deutschland 2018\u201c, dass die Nutzungsdauer der sozialen Netze weiter steigt. So besuchen die Deutschen die sozialen Medien t\u00e4glich durchschnittlich mehr als eine Stunde, am Wochenende sogar noch deutlich l\u00e4nger.<\/p>\n<p>Auch Messenger-Dienste wie WhatsApp oder Telegram sind sehr beliebt und werden von nahezu jedem genutzt. Auch hier zeigt sich <strong>digitaler Wandel<\/strong>. 73 Prozent der Befragten stimmen zu, dass sich die Kommunikation immer mehr auf die digitalen Kan\u00e4le verlegt. Wer diese nicht nutzt, bekommt nichts mehr mit, hei\u00dft es in der Studie.<\/p>\n<p>F\u00fcr Unternehmen bieten Social-Media-Plattformen und Messenger-Dienste darum neue Kontaktm\u00f6glichkeiten. So l\u00e4sst sich etwa <strong>personalisierte Werbung<\/strong> anbieten; zugleich erhalten potenzielle Kunden einfachere Supportm\u00f6glichkeiten. Damit k\u00f6nnen Sie leichter bei Ihren Kunden punkten und so umso mehr von der Digitalisierung profitieren.<\/p>\n<p style=\"text-align: right;\"><em>Auch interessant:<\/em>\u00a0<a href=\"https:\/\/it-service.network\/blog\/2018\/02\/21\/conversational-commerce\/\">Conversational Commerce \u2013 berechtigter Hype um Chatbots &amp; Co.?<\/a><\/p>\n<h3>Digitaler Wandel: Wearables und Smart Home<\/h3>\n<p>Digitale Fitnesstracker, Smartwatches oder Virtual-Reality-Brillen \u2013 <strong>Wearables<\/strong> spielen bei den Deutschen laut der Studie nur eine untergeordnete Rolle. Zwar kennt die Mehrheit der Befragten <strong>Wearables<\/strong>, zieht eine Nutzung selbiger aber nicht in Betracht.<\/p>\n<p>So verwenden gerade einmal elf Prozent der Studienteilnehmer Fitnesstracker, neun Prozent nutzen Smartwatches. Im Gegensatz dazu gaben jedoch 62 Prozent der Befragten an, Fitnesstracker zu kennen, aber nicht zu nutzen \u2013 und auch nicht nutzen zu wollen. Bei den Smartwatches bel\u00e4uft sich der Anteil sogar auf 65 Prozent.<\/p>\n<p>Auch VR-Brillen werden sich vermutlich nicht durchsetzen. Zwar stehen die J\u00fcngeren der <strong>virtuellen Realit\u00e4t<\/strong> aufgeschlossen gegen\u00fcber, doch sehen sie deren Zukunft vor allem darin, Orte zu erleben, die sie sonst nicht erleben k\u00f6nnten. Das gaben 50 Prozent der Befragten an. Nur 29 Prozent glauben, dass sie die Virtual-Reality-Brillen f\u00fcr virtuelle Treffen mit Freunden oder Familie nutzen werden.<\/p>\n<p style=\"text-align: right;\"><em>Lesen Sie auch:<\/em> <a href=\"https:\/\/it-service.network\/blog\/2017\/06\/23\/erweiterte-realitaet\/\">Erweiterte Realit\u00e4t \u2013 Wo AR in Unternehmen hilfreich ist<\/a><\/p>\n<h4>Smart Technologies im digitalen Wandel<\/h4>\n<div id=\"attachment_2958\" style=\"width: 310px\" class=\"wp-caption alignright\"><a href=\"https:\/\/it-service.network\/blog\/wp-content\/uploads\/2018\/05\/DigitalerWandel_Smarthome-1.png\"><img loading=\"lazy\" decoding=\"async\" aria-describedby=\"caption-attachment-2958\" class=\"size-medium wp-image-2958\" src=\"https:\/\/it-service.network\/blog\/wp-content\/uploads\/2018\/05\/DigitalerWandel_Smarthome-1-300x171.png\" alt=\"digitaler wandel - digitaler wandel - digitalisierung - vernetzung - smart technologies - konnektivit\u00e4t\" width=\"300\" height=\"171\" \/><\/a><p id=\"caption-attachment-2958\" class=\"wp-caption-text\">Noch werden Smart-Home-Anwendungen kaum genutzt \u2013 doch das d\u00fcrfte sich in naher Zukunft \u00e4ndern. (Bild: BVDM)<\/p><\/div>\n<p>Auch beim Thema <strong>Smart Technologies<\/strong> beziehungsweise Smart Home zeichnet sich ein Trend ab. <a href=\"https:\/\/it-service.network\/blog\/2018\/02\/13\/sprachassistenten\/\">Sprachassistenten<\/a>, intelligente Ger\u00e4te und Smart-Home-Technologien bzw. vernetzte Haushaltsger\u00e4te sind zwar bekannt, werden aktuell aber bisher noch kaum genutzt.<\/p>\n<p>Allerdings plant knapp ein Viertel der Befragten den Einsatz solcher Ger\u00e4te \u2013 Tendenz steigend. Das zeigt, dass <strong>Smart Technologies<\/strong> wohl auch in Zukunft eine immer wichtigere Rolle spielen werden und den <strong>digitalen Wandel<\/strong> entscheidend mitbestimmen k\u00f6nnten.<\/p>\n<h3>Digitaler Wandel gestaltet Online-Experience neu<\/h3>\n<p>Die gr\u00f6\u00dften Chancen und Ver\u00e4nderungen bringt der <strong>digitale Wandel<\/strong> bei der Online-Experience und insbesondere im Bereich Online-Handel mit sich. So geh\u00f6rt Online-Shopping schon lange zu den beliebtesten Aktivit\u00e4ten im Internet. Selbst Finanzprodukte und -Servicedienstleistungen (45 Prozent), Versicherungen (45 Prozent) und Autos\/Autozubeh\u00f6r (39 Prozent) werden vermehrt im Netz erworben.<\/p>\n<p>Es gibt allerdings auch einige Bereiche, bei denen die Deutschen weiterhin bevorzugt im station\u00e4ren Handel einkaufen. So sagen 57 Prozent der Studienteilnehmer, dass sie keine Lebensmittel\/Nahrungsmittel im Netz kaufen. 41 Prozent der Befragten verzichten au\u00dferdem auf den Kauf von Versicherungen im Internet.<br \/>\nGenerell l\u00e4sst sich aber festhalten, dass der <strong>digitale Wandel<\/strong> die Online-Experience beeinflusst.<\/p>\n<p>F\u00fcr Unternehmen bieten sich hier viele neue M\u00f6glichkeiten und Chancen \u2013 sei es in Bezug auf die Vermarktung von Produkten oder die Anforderungen an die unternehmenseigene <a href=\"https:\/\/it-service.network\/it-infrastruktur\">IT-Infrastruktur<\/a>. Die erfahrenen <a href=\"https:\/\/it-service.network\/it-dienstleister-finden\">Dienstleister des IT-SERVICE.NETWORK<\/a> beraten Sie gern und helfen Ihnen dabei, Ihr Unternehmen <a href=\"https:\/\/it-service.network\/it-support\/digitalisierung-von-geschaeftsprozessen\">f\u00fcr die Digitalisierung fit<\/a> zu machen.<\/p>\n<h3>Fazit: Digitaler Wandel als Chance f\u00fcr Unternehmen<\/h3>\n<p>Wir stecken mitten in der <strong>Digitalisierung der Gesellschaft<\/strong>. Ganz gleich, ob es um die Online-Experience, <strong>Smart Technologies<\/strong> oder die Nutzung von Smartphone und Tablet geht \u2013 wir werden immer vernetzter und nehmen die st\u00e4ndige Erreichbarkeit mittlerweile vermehrt als selbstverst\u00e4ndlich wahr. F\u00fcr Unternehmen bieten die Digitalisierung und der <strong>digitale Wandel<\/strong> darum viele Chancen, die Kommunikation mit den Kunden und damit den eigenen Erfolg weiter auszubauen.<\/p>\n<p>Allerdings stellt die Digitalisierung und die Einf\u00fchrung neuer digitaler Prozesse Unternehmen auch vor eine gro\u00dfe Herausforderungen: Die <a href=\"https:\/\/it-service.network\/it-infrastruktur\">IT-Infrastruktur<\/a> muss angepasst werden, <a href=\"https:\/\/it-service.network\/cloud-computing\">Cloud-L\u00f6sungen<\/a> werden als Alternative zu On-Premise-Installationen von g\u00e4ngiger Software immer beliebter und die <a href=\"https:\/\/it-service.network\/it-sicherheit\">IT-Sicherheit<\/a>\u00a0ist ein gleichbleibend wichtiges Thema. Lassen Sie sich daher von den <a href=\"https:\/\/it-service.network\/it-dienstleister-finden\">Experten des IT-SERVICE.NETWORK<\/a> beraten und auf dem Weg durch den digitalen Wandel begleiten, um in der voranschreitenden Digitalisierung nicht pl\u00f6tzlich ins Hintertreffen zu geraten.<\/p>\n","protected":false},"excerpt":{"rendered":"<p>Willkommen im digitalen Zeitalter! Die Begriffe \u201eDigitalisierung\u201c und digitaler Wandel sind heutzutage aus den Medien nicht mehr wegzudenken. Doch wie steht es eigentlich derzeit um die Digitalisierung in Deutschland? Wir gehen dieser Frage im folgenden Artikel nach.<\/p>\n","protected":false},"author":24,"featured_media":0,"comment_status":"open","ping_status":"open","sticky":false,"template":"","format":"standard","meta":{"footnotes":""},"categories":[594],"tags":[552,45,680],"class_list":["post-2919","post","type-post","status-publish","format-standard","hentry","category-digitalisierung","tag-change-management","tag-digitaler-wandel","tag-it-optimierung"],"yoast_head":"<!-- This site is optimized with the Yoast SEO plugin v26.5 - https:\/\/yoast.com\/wordpress\/plugins\/seo\/ -->\n<title>Digitaler Wandel \u2013 die Digitalisierung in Deutschland<\/title>\n<meta name=\"description\" content=\"Digitalisierung und digitaler Wandel sind derzeit in aller Munde. Doch wie steht es um die Digitalisierung in Deutschland? Antwort bei uns.\" \/>\n<meta name=\"robots\" content=\"index, follow, max-snippet:-1, max-image-preview:large, max-video-preview:-1\" \/>\n<link rel=\"canonical\" href=\"https:\/\/it-service.network\/blog\/2018\/05\/16\/digitaler-wandel\/\" \/>\n<meta property=\"og:locale\" content=\"de_DE\" \/>\n<meta property=\"og:type\" content=\"article\" \/>\n<meta property=\"og:title\" content=\"Digitaler Wandel \u2013 die Digitalisierung in Deutschland\" \/>\n<meta property=\"og:description\" content=\"Digitalisierung und digitaler Wandel sind derzeit in aller Munde. Doch wie steht es um die Digitalisierung in Deutschland? Antwort bei uns.\" \/>\n<meta property=\"og:url\" content=\"https:\/\/it-service.network\/blog\/2018\/05\/16\/digitaler-wandel\/\" \/>\n<meta property=\"og:site_name\" content=\"IT-SERVICE.NETWORK Blog\" \/>\n<meta property=\"article:publisher\" content=\"https:\/\/www.facebook.com\/itservicenetwork\/\" \/>\n<meta property=\"article:published_time\" content=\"2018-05-16T10:15:22+00:00\" \/>\n<meta property=\"article:modified_time\" content=\"2021-11-23T08:19:11+00:00\" \/>\n<meta property=\"og:image\" content=\"https:\/\/it-service.network\/blog\/wp-content\/uploads\/2018\/05\/digitaler-wandel.jpg\" \/>\n\t<meta property=\"og:image:width\" content=\"960\" \/>\n\t<meta property=\"og:image:height\" content=\"462\" \/>\n\t<meta property=\"og:image:type\" content=\"image\/jpeg\" \/>\n<meta name=\"author\" content=\"IT-SERVICE.NETWORK-Redaktion\" \/>\n<meta name=\"twitter:card\" content=\"summary_large_image\" \/>\n<meta name=\"twitter:creator\" content=\"@ITSERVICNETWORK\" \/>\n<meta name=\"twitter:site\" content=\"@ITSERVICNETWORK\" \/>\n<meta name=\"twitter:label1\" content=\"Verfasst von\" \/>\n\t<meta name=\"twitter:data1\" content=\"IT-SERVICE.NETWORK-Redaktion\" \/>\n\t<meta name=\"twitter:label2\" content=\"Gesch\u00e4tzte Lesezeit\" \/>\n\t<meta name=\"twitter:data2\" content=\"7\u00a0Minuten\" \/>\n<script type=\"application\/ld+json\" class=\"yoast-schema-graph\">{\"@context\":\"https:\/\/schema.org\",\"@graph\":[{\"@type\":\"WebPage\",\"@id\":\"https:\/\/it-service.network\/blog\/2018\/05\/16\/digitaler-wandel\/\",\"url\":\"https:\/\/it-service.network\/blog\/2018\/05\/16\/digitaler-wandel\/\",\"name\":\"Digitaler Wandel \u2013 die Digitalisierung in Deutschland\",\"isPartOf\":{\"@id\":\"https:\/\/it-service.network\/blog\/#website\"},\"primaryImageOfPage\":{\"@id\":\"https:\/\/it-service.network\/blog\/2018\/05\/16\/digitaler-wandel\/#primaryimage\"},\"image\":{\"@id\":\"https:\/\/it-service.network\/blog\/2018\/05\/16\/digitaler-wandel\/#primaryimage\"},\"thumbnailUrl\":\"https:\/\/it-service.network\/blog\/wp-content\/uploads\/2018\/05\/digitaler-wandel-300x144.jpg\",\"datePublished\":\"2018-05-16T10:15:22+00:00\",\"dateModified\":\"2021-11-23T08:19:11+00:00\",\"author\":{\"@id\":\"https:\/\/it-service.network\/blog\/#\/schema\/person\/275538ad651c88acf1bc71759036143a\"},\"description\":\"Digitalisierung und digitaler Wandel sind derzeit in aller Munde. Doch wie steht es um die Digitalisierung in Deutschland? Antwort bei uns.\",\"breadcrumb\":{\"@id\":\"https:\/\/it-service.network\/blog\/2018\/05\/16\/digitaler-wandel\/#breadcrumb\"},\"inLanguage\":\"de\",\"potentialAction\":[{\"@type\":\"ReadAction\",\"target\":[\"https:\/\/it-service.network\/blog\/2018\/05\/16\/digitaler-wandel\/\"]}]},{\"@type\":\"ImageObject\",\"inLanguage\":\"de\",\"@id\":\"https:\/\/it-service.network\/blog\/2018\/05\/16\/digitaler-wandel\/#primaryimage\",\"url\":\"https:\/\/it-service.network\/blog\/wp-content\/uploads\/2018\/05\/digitaler-wandel-300x144.jpg\",\"contentUrl\":\"https:\/\/it-service.network\/blog\/wp-content\/uploads\/2018\/05\/digitaler-wandel-300x144.jpg\"},{\"@type\":\"BreadcrumbList\",\"@id\":\"https:\/\/it-service.network\/blog\/2018\/05\/16\/digitaler-wandel\/#breadcrumb\",\"itemListElement\":[{\"@type\":\"ListItem\",\"position\":1,\"name\":\"Startseite\",\"item\":\"https:\/\/it-service.network\/blog\/\"},{\"@type\":\"ListItem\",\"position\":2,\"name\":\"Digitaler Wandel ## So steht es derzeit um die Digitalisierung in Deutschland\"}]},{\"@type\":\"WebSite\",\"@id\":\"https:\/\/it-service.network\/blog\/#website\",\"url\":\"https:\/\/it-service.network\/blog\/\",\"name\":\"IT-SERVICE.NETWORK Blog\",\"description\":\"Der IT-SERVICE.NETWORK Blog mit spannenden IT-News: \u2713 IT-Themen \u2713 IT-Trends \u2713 Business-Themen \u2713 IT-Dienstleistungen\",\"potentialAction\":[{\"@type\":\"SearchAction\",\"target\":{\"@type\":\"EntryPoint\",\"urlTemplate\":\"https:\/\/it-service.network\/blog\/?s={search_term_string}\"},\"query-input\":{\"@type\":\"PropertyValueSpecification\",\"valueRequired\":true,\"valueName\":\"search_term_string\"}}],\"inLanguage\":\"de\"},{\"@type\":\"Person\",\"@id\":\"https:\/\/it-service.network\/blog\/#\/schema\/person\/275538ad651c88acf1bc71759036143a\",\"name\":\"IT-SERVICE.NETWORK-Redaktion\",\"image\":{\"@type\":\"ImageObject\",\"inLanguage\":\"de\",\"@id\":\"https:\/\/it-service.network\/blog\/#\/schema\/person\/image\/\",\"url\":\"https:\/\/secure.gravatar.com\/avatar\/86ef1115edcb7b1651f082979941c8f018129accb2eff4a77ad593cdddeee715?s=96&d=mm&r=g\",\"contentUrl\":\"https:\/\/secure.gravatar.com\/avatar\/86ef1115edcb7b1651f082979941c8f018129accb2eff4a77ad593cdddeee715?s=96&d=mm&r=g\",\"caption\":\"IT-SERVICE.NETWORK-Redaktion\"},\"url\":\"https:\/\/it-service.network\/blog\/author\/it-service-network-redaktion\/\"}]}<\/script>\n<!-- \/ Yoast SEO plugin. -->","yoast_head_json":{"title":"Digitaler Wandel \u2013 die Digitalisierung in Deutschland","description":"Digitalisierung und digitaler Wandel sind derzeit in aller Munde. Doch wie steht es um die Digitalisierung in Deutschland? Antwort bei uns.","robots":{"index":"index","follow":"follow","max-snippet":"max-snippet:-1","max-image-preview":"max-image-preview:large","max-video-preview":"max-video-preview:-1"},"canonical":"https:\/\/it-service.network\/blog\/2018\/05\/16\/digitaler-wandel\/","og_locale":"de_DE","og_type":"article","og_title":"Digitaler Wandel \u2013 die Digitalisierung in Deutschland","og_description":"Digitalisierung und digitaler Wandel sind derzeit in aller Munde. Doch wie steht es um die Digitalisierung in Deutschland? Antwort bei uns.","og_url":"https:\/\/it-service.network\/blog\/2018\/05\/16\/digitaler-wandel\/","og_site_name":"IT-SERVICE.NETWORK Blog","article_publisher":"https:\/\/www.facebook.com\/itservicenetwork\/","article_published_time":"2018-05-16T10:15:22+00:00","article_modified_time":"2021-11-23T08:19:11+00:00","og_image":[{"width":960,"height":462,"url":"https:\/\/it-service.network\/blog\/wp-content\/uploads\/2018\/05\/digitaler-wandel.jpg","type":"image\/jpeg"}],"author":"IT-SERVICE.NETWORK-Redaktion","twitter_card":"summary_large_image","twitter_creator":"@ITSERVICNETWORK","twitter_site":"@ITSERVICNETWORK","twitter_misc":{"Verfasst von":"IT-SERVICE.NETWORK-Redaktion","Gesch\u00e4tzte Lesezeit":"7\u00a0Minuten"},"schema":{"@context":"https:\/\/schema.org","@graph":[{"@type":"WebPage","@id":"https:\/\/it-service.network\/blog\/2018\/05\/16\/digitaler-wandel\/","url":"https:\/\/it-service.network\/blog\/2018\/05\/16\/digitaler-wandel\/","name":"Digitaler Wandel \u2013 die Digitalisierung in Deutschland","isPartOf":{"@id":"https:\/\/it-service.network\/blog\/#website"},"primaryImageOfPage":{"@id":"https:\/\/it-service.network\/blog\/2018\/05\/16\/digitaler-wandel\/#primaryimage"},"image":{"@id":"https:\/\/it-service.network\/blog\/2018\/05\/16\/digitaler-wandel\/#primaryimage"},"thumbnailUrl":"https:\/\/it-service.network\/blog\/wp-content\/uploads\/2018\/05\/digitaler-wandel-300x144.jpg","datePublished":"2018-05-16T10:15:22+00:00","dateModified":"2021-11-23T08:19:11+00:00","author":{"@id":"https:\/\/it-service.network\/blog\/#\/schema\/person\/275538ad651c88acf1bc71759036143a"},"description":"Digitalisierung und digitaler Wandel sind derzeit in aller Munde. Doch wie steht es um die Digitalisierung in Deutschland? Antwort bei uns.","breadcrumb":{"@id":"https:\/\/it-service.network\/blog\/2018\/05\/16\/digitaler-wandel\/#breadcrumb"},"inLanguage":"de","potentialAction":[{"@type":"ReadAction","target":["https:\/\/it-service.network\/blog\/2018\/05\/16\/digitaler-wandel\/"]}]},{"@type":"ImageObject","inLanguage":"de","@id":"https:\/\/it-service.network\/blog\/2018\/05\/16\/digitaler-wandel\/#primaryimage","url":"https:\/\/it-service.network\/blog\/wp-content\/uploads\/2018\/05\/digitaler-wandel-300x144.jpg","contentUrl":"https:\/\/it-service.network\/blog\/wp-content\/uploads\/2018\/05\/digitaler-wandel-300x144.jpg"},{"@type":"BreadcrumbList","@id":"https:\/\/it-service.network\/blog\/2018\/05\/16\/digitaler-wandel\/#breadcrumb","itemListElement":[{"@type":"ListItem","position":1,"name":"Startseite","item":"https:\/\/it-service.network\/blog\/"},{"@type":"ListItem","position":2,"name":"Digitaler Wandel ## So steht es derzeit um die Digitalisierung in Deutschland"}]},{"@type":"WebSite","@id":"https:\/\/it-service.network\/blog\/#website","url":"https:\/\/it-service.network\/blog\/","name":"IT-SERVICE.NETWORK Blog","description":"Der IT-SERVICE.NETWORK Blog mit spannenden IT-News: \u2713 IT-Themen \u2713 IT-Trends \u2713 Business-Themen \u2713 IT-Dienstleistungen","potentialAction":[{"@type":"SearchAction","target":{"@type":"EntryPoint","urlTemplate":"https:\/\/it-service.network\/blog\/?s={search_term_string}"},"query-input":{"@type":"PropertyValueSpecification","valueRequired":true,"valueName":"search_term_string"}}],"inLanguage":"de"},{"@type":"Person","@id":"https:\/\/it-service.network\/blog\/#\/schema\/person\/275538ad651c88acf1bc71759036143a","name":"IT-SERVICE.NETWORK-Redaktion","image":{"@type":"ImageObject","inLanguage":"de","@id":"https:\/\/it-service.network\/blog\/#\/schema\/person\/image\/","url":"https:\/\/secure.gravatar.com\/avatar\/86ef1115edcb7b1651f082979941c8f018129accb2eff4a77ad593cdddeee715?s=96&d=mm&r=g","contentUrl":"https:\/\/secure.gravatar.com\/avatar\/86ef1115edcb7b1651f082979941c8f018129accb2eff4a77ad593cdddeee715?s=96&d=mm&r=g","caption":"IT-SERVICE.NETWORK-Redaktion"},"url":"https:\/\/it-service.network\/blog\/author\/it-service-network-redaktion\/"}]}},"_links":{"self":[{"href":"https:\/\/it-service.network\/blog\/wp-json\/wp\/v2\/posts\/2919","targetHints":{"allow":["GET"]}}],"collection":[{"href":"https:\/\/it-service.network\/blog\/wp-json\/wp\/v2\/posts"}],"about":[{"href":"https:\/\/it-service.network\/blog\/wp-json\/wp\/v2\/types\/post"}],"author":[{"embeddable":true,"href":"https:\/\/it-service.network\/blog\/wp-json\/wp\/v2\/users\/24"}],"replies":[{"embeddable":true,"href":"https:\/\/it-service.network\/blog\/wp-json\/wp\/v2\/comments?post=2919"}],"version-history":[{"count":2,"href":"https:\/\/it-service.network\/blog\/wp-json\/wp\/v2\/posts\/2919\/revisions"}],"predecessor-version":[{"id":18015,"href":"https:\/\/it-service.network\/blog\/wp-json\/wp\/v2\/posts\/2919\/revisions\/18015"}],"wp:attachment":[{"href":"https:\/\/it-service.network\/blog\/wp-json\/wp\/v2\/media?parent=2919"}],"wp:term":[{"taxonomy":"category","embeddable":true,"href":"https:\/\/it-service.network\/blog\/wp-json\/wp\/v2\/categories?post=2919"},{"taxonomy":"post_tag","embeddable":true,"href":"https:\/\/it-service.network\/blog\/wp-json\/wp\/v2\/tags?post=2919"}],"curies":[{"name":"wp","href":"https:\/\/api.w.org\/{rel}","templated":true}]}}