{"id":3655,"date":"2018-09-18T10:00:40","date_gmt":"2018-09-18T08:00:40","guid":{"rendered":"https:\/\/it-service.network\/blog\/?p=3655"},"modified":"2018-09-18T10:00:40","modified_gmt":"2018-09-18T08:00:40","slug":"digitalsteuer","status":"publish","type":"post","link":"https:\/\/it-service.network\/blog\/2018\/09\/18\/digitalsteuer\/","title":{"rendered":"Digitalsteuer bis Jahresende ## Mehr Gerechtigkeit in der EU?"},"content":{"rendered":"<p><strong>Das Thema Digitalsteuer ist ein hei\u00dfes Eisen. Schon seit Jahren gehen Unternehmer auf die Barrikaden. W\u00e4hrend sie n\u00e4mlich mehr als 20 Prozent Unternehmenssteuern zahlen, kommen Digitalkonzerne wie Google und Co. mit weniger als der H\u00e4lfte davon.\u00a0<\/strong><br \/>\nDas soll sich jetzt endg\u00fcltig \u00e4ndern. Die Finanzminister der EU fordern eine Einigung zur Digitalsteuer bis Ende des Jahres.<!--more--><br \/>\n<div id=\"attachment_3656\" style=\"width: 310px\" class=\"wp-caption alignright\"><img loading=\"lazy\" decoding=\"async\" aria-describedby=\"caption-attachment-3656\" class=\"size-medium wp-image-3656\" src=\"https:\/\/it-service.network\/blog\/wp-content\/uploads\/2018\/09\/digital-control-3357606_1280-300x150.jpg\" alt=\"digitalsteuer\" width=\"300\" height=\"150\" srcset=\"https:\/\/it-service.network\/blog\/wp-content\/uploads\/2018\/09\/digital-control-3357606_1280-300x150.jpg 300w, https:\/\/it-service.network\/blog\/wp-content\/uploads\/2018\/09\/digital-control-3357606_1280-768x384.jpg 768w, https:\/\/it-service.network\/blog\/wp-content\/uploads\/2018\/09\/digital-control-3357606_1280-1024x512.jpg 1024w, https:\/\/it-service.network\/blog\/wp-content\/uploads\/2018\/09\/digital-control-3357606_1280.jpg 1280w\" sizes=\"auto, (max-width: 300px) 100vw, 300px\" \/><p id=\"caption-attachment-3656\" class=\"wp-caption-text\">Die EU plant eine Erh\u00f6hung der Digitalsteuer.<\/p><\/div><\/p>\n<h3 class=\"article__heading\">Erh\u00f6hung der Digitalsteuer soll f\u00fcr mehr Gerechtigkeit sorgen<\/h3>\n<p>Konzerne wie Google, Amazon und Konsorten verdienen Milliarden \u2013 und tragen dennoch wenig zum Gemeinwohl bei. Zumindest, wenn man das in Verh\u00e4ltnis zu den Abgaben setzt, mit denen sich klassische Unternehmen konfrontiert sehen. Traditionelle Wirtschaftsunternehmen zahlen in Europa gesch\u00e4tzt nur zu ungef\u00e4hr 23 Prozent Steuern. Digitalkonzerne hingegen gerade einmal zwischen acht und neun Prozent. Die Finanzminister der Europ\u00e4ischen Union wollen diesem Ungleichgewicht jetzt den Garaus machen und die digitalen Riesen st\u00e4rker zur Kasse bitten. Geplant ist, bis Ende des Jahres 2018 eine brauchbare L\u00f6sung vorweisen zu k\u00f6nnen und selbige anschlie\u00dfend auf europ\u00e4ischer Ebene durchzusetzen.<br \/>\nBundesfinanzminister Olaf Scholz von der SPD wird nach einem Treffen mit seinen Amtskollegen wie folgt zitiert: \u201eAlle sind ganz optimistisch, dass wir zu z\u00fcgigen Fortschritten kommen.\u201c Er betont weiterhin, dass es nicht sein k\u00f6nne, dass erfolgreiche Unternehmen nicht zur Finanzierung des Gemeinwesens beitr\u00fcgen.<\/p>\n<h3 class=\"article-content__lead\">Mehr Steuern von Google &amp; Co.<\/h3>\n<p>Bei etwaigem Frohlocken klein- und mittelst\u00e4ndischer Unternehmer, die ihre Gebete als erh\u00f6rt betrachten, jetzt der kleine D\u00e4mpfer: Bisher steht lediglich eine Erh\u00f6hung der Umsatzsteuer um ungef\u00e4hr drei Prozent im Raum. Diese soll Digitalfirmen treffen, deren weltweiter Jahresumsatz mindestens 750 Millionen Euro und deren Online-Umsatz in Europa mindestens 50 Millionen Euro betr\u00e4gt. Der geneigte Leser merkt direkt: allzu viele wird die Erh\u00f6hung der Digitalsteuer also nicht treffen. Aber zumindest die, denen es weh tut. Dar\u00fcber hinaus sei auf EU-Ebene aber zus\u00e4tzlich noch eine \u00c4nderung der K\u00f6rperschaftsregeln geplant, hei\u00dft es. So sollen k\u00fcnftig auch Unternehmen ohne eine eigene physische Pr\u00e4senz in einem Land besteuert werden k\u00f6nnen. Und das ist eigentlich viel entscheidender.<\/p>\n<h4>Risiken der geplanten EU-Steuer<\/h4>\n<p id=\"nav_eine_eu_steuer__1\" class=\"subheading\">So \u00fcberf\u00e4llig und fair das ganze Projekt Digitalsteuer klingt, so risikobehaftet ist es dennoch. Die \u201eD\u00e4monisierung\u201c der gro\u00dfen Digitalkonzerne d\u00fcrfte selbigen ebenso wenig schmecken wie die geplante Steuererh\u00f6hung. Eine unsch\u00f6ne Konsequenz k\u00f6nnte sein, dass deutsche Unternehmen Gegenma\u00dfnahmen in den USA zu bef\u00fcrchten h\u00e4tten oder ihre europ\u00e4ischen Standorte nur noch auf Sparflamme betreiben.<\/p>\n<p class=\"subheading\">Ganz nach dem Motto: \u201eWie du mir, so ich dir.\u201c So fordert die FAZ bereits: \u201e<a href=\"https:\/\/www.faz.net\/aktuell\/wirtschaft\/diginomics\/kommentar-die-digitalsteuer-ist-nicht-gut-fuer-deutschland-15778049.html\" target=\"_blank\" rel=\"noopener noreferrer\">L\u00f6scht die Digitalsteuer<\/a>.\u201c Und auch im Bundesfinanzministerium herrscht deswegen bereits Unruhe und niemand mag sich zu diesem Thema allzu weit aus dem Fenster lehnen. Unsere Nachbarn sehen bereits ebenfalls die drohende Gefahr. Frankreich bem\u00fcht sich bereits, Skeptikern der geplanten Reform entgegen zu kommen \u2013 allen voran ist an dieser Stelle nat\u00fcrlich Irland zu nennen, wo zahlreiche Digitalkonzerne (zum Beispiel Facebook) ihren europ\u00e4ischen Sitz haben. Der franz\u00f6sische Finanzminister Bruno Le Maire erkl\u00e4rte sein Bestreben, langfristig eine internationale Einigung zur Digitalsteuer zu erzielen, die in Folge die europ\u00e4ische Richtlinie abl\u00f6sen k\u00f6nne.<\/p>\n<p class=\"subheading\">Auf den M\u00fchlen Irlands ist diese Aussage Wasser. Um die Wettbewerbsf\u00e4higkeit der europ\u00e4ischen Union nicht zu gef\u00e4hrden, sei eine globale L\u00f6sung unvermeidbar, hatte die irische Delegation bereits im Vorfeld betont. Im Nachbarland \u00d6sterreich ist man dagegen bisher noch ziemlich entspannt. \u201eDas heutige Verst\u00e4ndnis der Kommission und aller Mitgliedstaaten war eindeutig: Wir wollen bis Jahresende eine Einigung zu diesen Vorschl\u00e4gen haben\u201c, so der \u00f6sterreichische Finanzminister Hartwig L\u00f6ger. Es bleibt abzuwarten, wer am Ende die entscheidenden Details der Reform durchsetzt. Nur so viel ist sicher: f\u00fcr Google und Co. wird es in Europa k\u00fcnftig ungem\u00fctlicher in den Oasen. Und f\u00fcr uns vielleicht dann auch.<\/p>\n<p><strong>Update vom 13.03.2019<\/strong><br \/>\nDie Einf\u00fchrung der Digitalsteuer ist zun\u00e4chst gescheitert. Die verantwortlichen EU-Finanzminister erzielen in Br\u00fcssel keine Einigung zu dem Thema. Weitere Infos finden Sie <a href=\"https:\/\/www.com-magazin.de\/news\/internet\/einfuehrung-digitalsteuer-in-europa-gescheitert-1689965.html\" target=\"_blank\" rel=\"noopener noreferrer\">hier<\/a>.<\/p>\n","protected":false},"excerpt":{"rendered":"<p>Das Thema Digitalsteuer ist ein hei\u00dfes Eisen. Schon seit Jahren gehen Unternehmer auf die Barrikaden. W\u00e4hrend sie n\u00e4mlich mehr als 20 Prozent Unternehmenssteuern zahlen, kommen Digitalkonzerne wie Google und Co. mit weniger als der H\u00e4lfte davon.\u00a0 Das soll sich jetzt endg\u00fcltig \u00e4ndern. Die Finanzminister der EU fordern eine Einigung zur Digitalsteuer bis Ende des Jahres.<\/p>\n","protected":false},"author":14,"featured_media":3656,"comment_status":"open","ping_status":"open","sticky":false,"template":"","format":"standard","meta":{"footnotes":""},"categories":[408],"tags":[904,915,899],"class_list":["post-3655","post","type-post","status-publish","format-standard","has-post-thumbnail","hentry","category-arbeitswelt-trends","tag-finanzen","tag-google","tag-it-recht-und-digitalpolitik"],"yoast_head":"<!-- This site is optimized with the Yoast SEO plugin v26.5 - https:\/\/yoast.com\/wordpress\/plugins\/seo\/ -->\n<title>Digitalsteuer zum Jahresende \u2013 wird es ungem\u00fctlich f\u00fcr Google und Co.?<\/title>\n<meta name=\"description\" content=\"Die Digitalsteuer ist ein hei\u00dfes Eisen. Bisher zahlen Digitalkonzerne bis zu 9 % Steuern \u2013 klassische Unternehmen \u00fcber 20 %. Das soll sich jetzt \u00e4ndern.\" \/>\n<meta name=\"robots\" content=\"index, follow, max-snippet:-1, max-image-preview:large, max-video-preview:-1\" \/>\n<link rel=\"canonical\" href=\"https:\/\/it-service.network\/blog\/2018\/09\/18\/digitalsteuer\/\" \/>\n<meta property=\"og:locale\" content=\"de_DE\" \/>\n<meta property=\"og:type\" content=\"article\" \/>\n<meta property=\"og:title\" content=\"Digitalsteuer zum Jahresende \u2013 wird es ungem\u00fctlich f\u00fcr Google und Co.?\" \/>\n<meta property=\"og:description\" content=\"Die Digitalsteuer ist ein hei\u00dfes Eisen. Bisher zahlen Digitalkonzerne bis zu 9 % Steuern \u2013 klassische Unternehmen \u00fcber 20 %. Das soll sich jetzt \u00e4ndern.\" \/>\n<meta property=\"og:url\" content=\"https:\/\/it-service.network\/blog\/2018\/09\/18\/digitalsteuer\/\" \/>\n<meta property=\"og:site_name\" content=\"IT-SERVICE.NETWORK Blog\" \/>\n<meta property=\"article:publisher\" content=\"https:\/\/www.facebook.com\/itservicenetwork\/\" \/>\n<meta property=\"article:published_time\" content=\"2018-09-18T08:00:40+00:00\" \/>\n<meta property=\"og:image\" content=\"https:\/\/it-service.network\/blog\/wp-content\/uploads\/2018\/09\/digital-control-3357606_1280.jpg\" \/>\n\t<meta property=\"og:image:width\" content=\"1280\" \/>\n\t<meta property=\"og:image:height\" content=\"640\" \/>\n\t<meta property=\"og:image:type\" content=\"image\/jpeg\" \/>\n<meta name=\"author\" content=\"Lena Klaus\" \/>\n<meta name=\"twitter:card\" content=\"summary_large_image\" \/>\n<meta name=\"twitter:creator\" content=\"@ITSERVICNETWORK\" \/>\n<meta name=\"twitter:site\" content=\"@ITSERVICNETWORK\" \/>\n<meta name=\"twitter:label1\" content=\"Verfasst von\" \/>\n\t<meta name=\"twitter:data1\" content=\"Lena Klaus\" \/>\n\t<meta name=\"twitter:label2\" content=\"Gesch\u00e4tzte Lesezeit\" \/>\n\t<meta name=\"twitter:data2\" content=\"3\u00a0Minuten\" \/>\n<script type=\"application\/ld+json\" class=\"yoast-schema-graph\">{\"@context\":\"https:\/\/schema.org\",\"@graph\":[{\"@type\":\"WebPage\",\"@id\":\"https:\/\/it-service.network\/blog\/2018\/09\/18\/digitalsteuer\/\",\"url\":\"https:\/\/it-service.network\/blog\/2018\/09\/18\/digitalsteuer\/\",\"name\":\"Digitalsteuer zum Jahresende \u2013 wird es ungem\u00fctlich f\u00fcr Google und Co.?\",\"isPartOf\":{\"@id\":\"https:\/\/it-service.network\/blog\/#website\"},\"primaryImageOfPage\":{\"@id\":\"https:\/\/it-service.network\/blog\/2018\/09\/18\/digitalsteuer\/#primaryimage\"},\"image\":{\"@id\":\"https:\/\/it-service.network\/blog\/2018\/09\/18\/digitalsteuer\/#primaryimage\"},\"thumbnailUrl\":\"https:\/\/it-service.network\/blog\/wp-content\/uploads\/2018\/09\/digital-control-3357606_1280.jpg\",\"datePublished\":\"2018-09-18T08:00:40+00:00\",\"author\":{\"@id\":\"https:\/\/it-service.network\/blog\/#\/schema\/person\/9cffbe4f537d5e70bde59b560ce9aac6\"},\"description\":\"Die Digitalsteuer ist ein hei\u00dfes Eisen. Bisher zahlen Digitalkonzerne bis zu 9 % Steuern \u2013 klassische Unternehmen \u00fcber 20 %. Das soll sich jetzt \u00e4ndern.\",\"breadcrumb\":{\"@id\":\"https:\/\/it-service.network\/blog\/2018\/09\/18\/digitalsteuer\/#breadcrumb\"},\"inLanguage\":\"de\",\"potentialAction\":[{\"@type\":\"ReadAction\",\"target\":[\"https:\/\/it-service.network\/blog\/2018\/09\/18\/digitalsteuer\/\"]}]},{\"@type\":\"ImageObject\",\"inLanguage\":\"de\",\"@id\":\"https:\/\/it-service.network\/blog\/2018\/09\/18\/digitalsteuer\/#primaryimage\",\"url\":\"https:\/\/it-service.network\/blog\/wp-content\/uploads\/2018\/09\/digital-control-3357606_1280.jpg\",\"contentUrl\":\"https:\/\/it-service.network\/blog\/wp-content\/uploads\/2018\/09\/digital-control-3357606_1280.jpg\",\"width\":1280,\"height\":640,\"caption\":\"Die EU plant eine Erh\u00f6hung der Digitalsteuer.\"},{\"@type\":\"BreadcrumbList\",\"@id\":\"https:\/\/it-service.network\/blog\/2018\/09\/18\/digitalsteuer\/#breadcrumb\",\"itemListElement\":[{\"@type\":\"ListItem\",\"position\":1,\"name\":\"Startseite\",\"item\":\"https:\/\/it-service.network\/blog\/\"},{\"@type\":\"ListItem\",\"position\":2,\"name\":\"Digitalsteuer bis Jahresende ## Mehr Gerechtigkeit in der EU?\"}]},{\"@type\":\"WebSite\",\"@id\":\"https:\/\/it-service.network\/blog\/#website\",\"url\":\"https:\/\/it-service.network\/blog\/\",\"name\":\"IT-SERVICE.NETWORK Blog\",\"description\":\"Der IT-SERVICE.NETWORK Blog mit spannenden IT-News: \u2713 IT-Themen \u2713 IT-Trends \u2713 Business-Themen \u2713 IT-Dienstleistungen\",\"potentialAction\":[{\"@type\":\"SearchAction\",\"target\":{\"@type\":\"EntryPoint\",\"urlTemplate\":\"https:\/\/it-service.network\/blog\/?s={search_term_string}\"},\"query-input\":{\"@type\":\"PropertyValueSpecification\",\"valueRequired\":true,\"valueName\":\"search_term_string\"}}],\"inLanguage\":\"de\"},{\"@type\":\"Person\",\"@id\":\"https:\/\/it-service.network\/blog\/#\/schema\/person\/9cffbe4f537d5e70bde59b560ce9aac6\",\"name\":\"Lena Klaus\",\"image\":{\"@type\":\"ImageObject\",\"inLanguage\":\"de\",\"@id\":\"https:\/\/it-service.network\/blog\/#\/schema\/person\/image\/\",\"url\":\"https:\/\/it-service.network\/blog\/wp-content\/uploads\/2019\/04\/lena-klaus-96x96.jpg\",\"contentUrl\":\"https:\/\/it-service.network\/blog\/wp-content\/uploads\/2019\/04\/lena-klaus-96x96.jpg\",\"caption\":\"Lena Klaus\"},\"description\":\"Lena Klaus arbeitet seit 2018 als freie Autorin und SEO-Expertin f\u00fcr das IT-SERVICE.NETWORK. Besonders die Themen rund um den digitalen Wandel und New Work haben es ihr angetan. Dar\u00fcber hinaus ist die erfahrene Texterin immer wieder fasziniert davon, welche neue Methoden und Tricks Hackern und Cyberkriminellen einfallen. Seit 2013 kennt Lena Klaus die IT-Branche und hat sich in diesem Zusammenhang auf die Erstellung von Webtexten und Blogartikeln f\u00fcr B2C- und B2B-orientierte Content-Plattformen spezialisiert. Bis zu ihrer Elternzeit im Jahr 2017 war sie als Content Marketing- und PR-Managerin bei der SYNAXON AG, dem Mutterunternehmen des IT-SERVICE.NETWORK, fest angestellt. W\u00e4hrend dieser T\u00e4tigkeit verantwortete sie nicht nur die allgemeine Unternehmenskommunikation und Pressearbeit, sondern auch s\u00e4mtlichen Content der SYNAXON-Marke PC-SPEZIALIST. Nach ihrer Elternzeit wechselte sie hauptberuflich die Branche, blieb der SYNAXON AG und der mittlerweile fest etablierten Marke IT-SERVICE.NETWORK aber weiterhin als freie Mitarbeiterin treu. Neben ihrer Arbeit als Redakteurin f\u00fcr den IT-SERVICE.NETWORK-Blog verfasst sie auch Texte f\u00fcr das IT-SERVICE.NETWORK-Lexikon, einzelne Themenseiten, Leistungsbeschreibungen oder Profilseiten der Partner. In ihrer Freizeit bleibt der Laptop dann allerdings meist aus: Sie genie\u00dft die Zeit mit Ihrem Mann (nat\u00fcrlich auch ein ITler) und ihrer Tochter \u2013 am liebsten auf Reisen in fernen L\u00e4ndern.\",\"sameAs\":[\"https:\/\/it-service.network\/\"],\"url\":\"https:\/\/it-service.network\/blog\/author\/lena-klaus\/\"}]}<\/script>\n<!-- \/ Yoast SEO plugin. -->","yoast_head_json":{"title":"Digitalsteuer zum Jahresende \u2013 wird es ungem\u00fctlich f\u00fcr Google und Co.?","description":"Die Digitalsteuer ist ein hei\u00dfes Eisen. Bisher zahlen Digitalkonzerne bis zu 9 % Steuern \u2013 klassische Unternehmen \u00fcber 20 %. Das soll sich jetzt \u00e4ndern.","robots":{"index":"index","follow":"follow","max-snippet":"max-snippet:-1","max-image-preview":"max-image-preview:large","max-video-preview":"max-video-preview:-1"},"canonical":"https:\/\/it-service.network\/blog\/2018\/09\/18\/digitalsteuer\/","og_locale":"de_DE","og_type":"article","og_title":"Digitalsteuer zum Jahresende \u2013 wird es ungem\u00fctlich f\u00fcr Google und Co.?","og_description":"Die Digitalsteuer ist ein hei\u00dfes Eisen. Bisher zahlen Digitalkonzerne bis zu 9 % Steuern \u2013 klassische Unternehmen \u00fcber 20 %. Das soll sich jetzt \u00e4ndern.","og_url":"https:\/\/it-service.network\/blog\/2018\/09\/18\/digitalsteuer\/","og_site_name":"IT-SERVICE.NETWORK Blog","article_publisher":"https:\/\/www.facebook.com\/itservicenetwork\/","article_published_time":"2018-09-18T08:00:40+00:00","og_image":[{"width":1280,"height":640,"url":"https:\/\/it-service.network\/blog\/wp-content\/uploads\/2018\/09\/digital-control-3357606_1280.jpg","type":"image\/jpeg"}],"author":"Lena Klaus","twitter_card":"summary_large_image","twitter_creator":"@ITSERVICNETWORK","twitter_site":"@ITSERVICNETWORK","twitter_misc":{"Verfasst von":"Lena Klaus","Gesch\u00e4tzte Lesezeit":"3\u00a0Minuten"},"schema":{"@context":"https:\/\/schema.org","@graph":[{"@type":"WebPage","@id":"https:\/\/it-service.network\/blog\/2018\/09\/18\/digitalsteuer\/","url":"https:\/\/it-service.network\/blog\/2018\/09\/18\/digitalsteuer\/","name":"Digitalsteuer zum Jahresende \u2013 wird es ungem\u00fctlich f\u00fcr Google und Co.?","isPartOf":{"@id":"https:\/\/it-service.network\/blog\/#website"},"primaryImageOfPage":{"@id":"https:\/\/it-service.network\/blog\/2018\/09\/18\/digitalsteuer\/#primaryimage"},"image":{"@id":"https:\/\/it-service.network\/blog\/2018\/09\/18\/digitalsteuer\/#primaryimage"},"thumbnailUrl":"https:\/\/it-service.network\/blog\/wp-content\/uploads\/2018\/09\/digital-control-3357606_1280.jpg","datePublished":"2018-09-18T08:00:40+00:00","author":{"@id":"https:\/\/it-service.network\/blog\/#\/schema\/person\/9cffbe4f537d5e70bde59b560ce9aac6"},"description":"Die Digitalsteuer ist ein hei\u00dfes Eisen. Bisher zahlen Digitalkonzerne bis zu 9 % Steuern \u2013 klassische Unternehmen \u00fcber 20 %. Das soll sich jetzt \u00e4ndern.","breadcrumb":{"@id":"https:\/\/it-service.network\/blog\/2018\/09\/18\/digitalsteuer\/#breadcrumb"},"inLanguage":"de","potentialAction":[{"@type":"ReadAction","target":["https:\/\/it-service.network\/blog\/2018\/09\/18\/digitalsteuer\/"]}]},{"@type":"ImageObject","inLanguage":"de","@id":"https:\/\/it-service.network\/blog\/2018\/09\/18\/digitalsteuer\/#primaryimage","url":"https:\/\/it-service.network\/blog\/wp-content\/uploads\/2018\/09\/digital-control-3357606_1280.jpg","contentUrl":"https:\/\/it-service.network\/blog\/wp-content\/uploads\/2018\/09\/digital-control-3357606_1280.jpg","width":1280,"height":640,"caption":"Die EU plant eine Erh\u00f6hung der Digitalsteuer."},{"@type":"BreadcrumbList","@id":"https:\/\/it-service.network\/blog\/2018\/09\/18\/digitalsteuer\/#breadcrumb","itemListElement":[{"@type":"ListItem","position":1,"name":"Startseite","item":"https:\/\/it-service.network\/blog\/"},{"@type":"ListItem","position":2,"name":"Digitalsteuer bis Jahresende ## Mehr Gerechtigkeit in der EU?"}]},{"@type":"WebSite","@id":"https:\/\/it-service.network\/blog\/#website","url":"https:\/\/it-service.network\/blog\/","name":"IT-SERVICE.NETWORK Blog","description":"Der IT-SERVICE.NETWORK Blog mit spannenden IT-News: \u2713 IT-Themen \u2713 IT-Trends \u2713 Business-Themen \u2713 IT-Dienstleistungen","potentialAction":[{"@type":"SearchAction","target":{"@type":"EntryPoint","urlTemplate":"https:\/\/it-service.network\/blog\/?s={search_term_string}"},"query-input":{"@type":"PropertyValueSpecification","valueRequired":true,"valueName":"search_term_string"}}],"inLanguage":"de"},{"@type":"Person","@id":"https:\/\/it-service.network\/blog\/#\/schema\/person\/9cffbe4f537d5e70bde59b560ce9aac6","name":"Lena Klaus","image":{"@type":"ImageObject","inLanguage":"de","@id":"https:\/\/it-service.network\/blog\/#\/schema\/person\/image\/","url":"https:\/\/it-service.network\/blog\/wp-content\/uploads\/2019\/04\/lena-klaus-96x96.jpg","contentUrl":"https:\/\/it-service.network\/blog\/wp-content\/uploads\/2019\/04\/lena-klaus-96x96.jpg","caption":"Lena Klaus"},"description":"Lena Klaus arbeitet seit 2018 als freie Autorin und SEO-Expertin f\u00fcr das IT-SERVICE.NETWORK. Besonders die Themen rund um den digitalen Wandel und New Work haben es ihr angetan. Dar\u00fcber hinaus ist die erfahrene Texterin immer wieder fasziniert davon, welche neue Methoden und Tricks Hackern und Cyberkriminellen einfallen. Seit 2013 kennt Lena Klaus die IT-Branche und hat sich in diesem Zusammenhang auf die Erstellung von Webtexten und Blogartikeln f\u00fcr B2C- und B2B-orientierte Content-Plattformen spezialisiert. Bis zu ihrer Elternzeit im Jahr 2017 war sie als Content Marketing- und PR-Managerin bei der SYNAXON AG, dem Mutterunternehmen des IT-SERVICE.NETWORK, fest angestellt. W\u00e4hrend dieser T\u00e4tigkeit verantwortete sie nicht nur die allgemeine Unternehmenskommunikation und Pressearbeit, sondern auch s\u00e4mtlichen Content der SYNAXON-Marke PC-SPEZIALIST. Nach ihrer Elternzeit wechselte sie hauptberuflich die Branche, blieb der SYNAXON AG und der mittlerweile fest etablierten Marke IT-SERVICE.NETWORK aber weiterhin als freie Mitarbeiterin treu. Neben ihrer Arbeit als Redakteurin f\u00fcr den IT-SERVICE.NETWORK-Blog verfasst sie auch Texte f\u00fcr das IT-SERVICE.NETWORK-Lexikon, einzelne Themenseiten, Leistungsbeschreibungen oder Profilseiten der Partner. In ihrer Freizeit bleibt der Laptop dann allerdings meist aus: Sie genie\u00dft die Zeit mit Ihrem Mann (nat\u00fcrlich auch ein ITler) und ihrer Tochter \u2013 am liebsten auf Reisen in fernen L\u00e4ndern.","sameAs":["https:\/\/it-service.network\/"],"url":"https:\/\/it-service.network\/blog\/author\/lena-klaus\/"}]}},"_links":{"self":[{"href":"https:\/\/it-service.network\/blog\/wp-json\/wp\/v2\/posts\/3655","targetHints":{"allow":["GET"]}}],"collection":[{"href":"https:\/\/it-service.network\/blog\/wp-json\/wp\/v2\/posts"}],"about":[{"href":"https:\/\/it-service.network\/blog\/wp-json\/wp\/v2\/types\/post"}],"author":[{"embeddable":true,"href":"https:\/\/it-service.network\/blog\/wp-json\/wp\/v2\/users\/14"}],"replies":[{"embeddable":true,"href":"https:\/\/it-service.network\/blog\/wp-json\/wp\/v2\/comments?post=3655"}],"version-history":[{"count":0,"href":"https:\/\/it-service.network\/blog\/wp-json\/wp\/v2\/posts\/3655\/revisions"}],"wp:featuredmedia":[{"embeddable":true,"href":"https:\/\/it-service.network\/blog\/wp-json\/wp\/v2\/media\/3656"}],"wp:attachment":[{"href":"https:\/\/it-service.network\/blog\/wp-json\/wp\/v2\/media?parent=3655"}],"wp:term":[{"taxonomy":"category","embeddable":true,"href":"https:\/\/it-service.network\/blog\/wp-json\/wp\/v2\/categories?post=3655"},{"taxonomy":"post_tag","embeddable":true,"href":"https:\/\/it-service.network\/blog\/wp-json\/wp\/v2\/tags?post=3655"}],"curies":[{"name":"wp","href":"https:\/\/api.w.org\/{rel}","templated":true}]}}