{"id":5642,"date":"2019-05-08T08:19:17","date_gmt":"2019-05-08T06:19:17","guid":{"rendered":"https:\/\/it-service.network\/blog\/?p=5642"},"modified":"2019-05-08T08:19:17","modified_gmt":"2019-05-08T06:19:17","slug":"arbeitsplatz-4-0-digitalisierung-von-arbeitsplaetzen","status":"publish","type":"post","link":"https:\/\/it-service.network\/blog\/2019\/05\/08\/arbeitsplatz-4-0-digitalisierung-von-arbeitsplaetzen\/","title":{"rendered":"Arbeitsplatz 4.0 ## Digitalisierung von Arbeitspl\u00e4tzen schreitet voran"},"content":{"rendered":"<p><strong>Der Begriff Arbeitsplatz 4.0 ist eines der Schlagworte der Digitalisierung. W\u00e4hrend bereits die H\u00e4lfte aller Unternehmen in die Digitalisierung von Arbeitspl\u00e4tzen investiert, hapert es allerdings noch bei der ganzheitlich orientierten digitalen Transformation.<\/strong><br \/>\nImmer mehr Unternehmer fragen sich jetzt, welche Voraussetzungen sie schaffen m\u00fcssen, um den Anforderungen an den Arbeitsplatz 4.0 gerecht zu werden.<!--more--><br \/>\n<div id=\"attachment_5655\" style=\"width: 310px\" class=\"wp-caption alignright\"><img loading=\"lazy\" decoding=\"async\" aria-describedby=\"caption-attachment-5655\" class=\"size-medium wp-image-5655\" src=\"https:\/\/it-service.network\/blog\/wp-content\/uploads\/2019\/03\/arbeitsplatz-4.0-300x200.jpg\" alt=\"arbeitsplatz 4.0\" width=\"300\" height=\"200\" srcset=\"https:\/\/it-service.network\/blog\/wp-content\/uploads\/2019\/03\/arbeitsplatz-4.0-300x200.jpg 300w, https:\/\/it-service.network\/blog\/wp-content\/uploads\/2019\/03\/arbeitsplatz-4.0-768x512.jpg 768w, https:\/\/it-service.network\/blog\/wp-content\/uploads\/2019\/03\/arbeitsplatz-4.0-1024x682.jpg 1024w, https:\/\/it-service.network\/blog\/wp-content\/uploads\/2019\/03\/arbeitsplatz-4.0.jpg 1280w\" sizes=\"auto, (max-width: 300px) 100vw, 300px\" \/><p id=\"caption-attachment-5655\" class=\"wp-caption-text\">\u00a9 Pixabay<\/p><\/div><\/p>\n<h3>Arbeitsplatz 4.0 \u2013 wie real ist die Vision?<\/h3>\n<p>Der Branchenverband <a href=\"https:\/\/www.bitkom.org\/\" target=\"_blank\" rel=\"noopener noreferrer\">Bitkom<\/a> hat j\u00fcngst mehr als 1.000 Unternehmen befragt, die mindestens 20 Mitarbeiter besch\u00e4ftigen. Das Ergebnis: Ungef\u00e4hr ein Drittel hat noch enormen Nachholbedarf, was die <strong>Digitalisierung von Arbeitspl\u00e4tzen<\/strong> angeht. Die Mehrheit steht daf\u00fcr schon relativ gut dar. <a href=\"https:\/\/it-service.network\/cloud-computing\" target=\"_blank\" rel=\"noopener noreferrer\">Cloud-L\u00f6sungen<\/a> statt Papierberge, digitale Signaturen statt Faxe und Skype-Konferenzen statt Face-to-Face-Meetings. Dreh- und Angelpunkt bei der Realisierung des Projekts Arbeitsplatz 4.0 ist und bleibt aber vor allem die Frage nach den Voraussetzungen. Das Hinzuziehen eines spezialisierten IT-Dienstleisters ist hier in der Regel alternativlos.<br \/>\nEiner weiteren Studie zufolge, durchgef\u00fchrt von Crisp Research, scheitert es aber zumindest nicht an der Investitionsbereitschaft der Unternehmen. Ganze 50 Prozent haben bereits ihre Budgets erh\u00f6ht oder selbiges zumindest fest vor. Dass die Digitalisierung von Arbeitspl\u00e4tzen grunds\u00e4tzlich erst einmal Geld kostet, ist also gleicherma\u00dfen bekannt als auch akzeptiert. Ein ganz anderes Problem ist das Umdenken und die Verabschiedung alter Strukturen. Wer die <a href=\"https:\/\/it-service.network\/blog\/2019\/03\/08\/zukunft-der-arbeit-arbeitswelt-trends\/\" target=\"_blank\" rel=\"noopener noreferrer\">Zukunft der Arbeit<\/a> vorantreiben m\u00f6chte, darf sich gegen\u00fcber Themen wie Homeoffice, Vertrauensarbeitszeit, flexiblen Arbeitszeiten und Transparenz nicht verschlie\u00dfen.<\/p>\n<h3>Digitalisierung von Arbeitspl\u00e4tzen erfordert \u00dcberdenken der Infrastruktur<\/h3>\n<p>Tats\u00e4chlich geh\u00f6rt der station\u00e4re PC in vielen Unternehmen noch zum Standard. Das Problem: Die fehlende Mobilit\u00e4t fesselt die Angestellten an das B\u00fcro, flexibles Arbeiten (ob im Homeoffice oder auf Mallorca) ist nicht m\u00f6glich. Zumindest sehen mehr als 70 Prozent der Befragten ein, dass die Zukunft bei Notebooks, Tablets und Co. liegt. Die H\u00e4lfte der Befragten denkt sogar, dass mobile Arbeitsger\u00e4te die station\u00e4ren Systeme \u00fcber kurz oder lang vollst\u00e4ndig ersetzen werden.<br \/>\nEin darauf aufbauender Aspekt sind g\u00e4nzlich neue Ger\u00e4te-Typen wie Augmented-Reality- oder VR-Brillen. Internationale Unternehmen wie Weidm\u00fcller machen es zwar bereits vor und <a href=\"https:\/\/it-service.network\/blog\/2018\/10\/30\/mixed-reality-brillen\/\" target=\"_blank\" rel=\"noopener noreferrer\">profitieren von enormen Kosteneinsparungen durch den Einsatz von Mixed-Reality-Brillen<\/a>, dennoch liegt die Nutzung insgesamt heute bei gerade einmal sechs Prozent. Experten zufolge soll sich dieser Wert allerdings in n\u00e4chster Zeit schon mehr als verdoppeln. Auch Video-Wall oder digitale Flipcharts sind im Kommen und sollen demn\u00e4chst im zweistelligen prozentualen Nutzungsbereich liegen. Ein technisch eigentlich l\u00e4ngst \u00fcberholtes Ger\u00e4t trotzt allerdings bislang jeglichen Transformationsprozessen: das gute alte Tischtelefon. F\u00fcr mehr als 70 Prozent der Befragten geh\u00f6rt es nach wie vor zur Grundausstattung der Arbeitspl\u00e4tze und wird auch k\u00fcnftig nicht so schnell durch virtuelle Telefonanlagen wie beispielsweise <a href=\"https:\/\/it-service.network\/blog\/2019\/03\/06\/placetel-telefonanlage\/\" target=\"_blank\" rel=\"noopener noreferrer\">Placetel<\/a> ersetzt.<\/p>\n<h3>Datenschutz und IT-Sicherheit gewinnen an Relevanz<\/h3>\n<p>Einen ebenfalls gro\u00dfen Stellenwert bei der Digitalisierung von Arbeitspl\u00e4tzen nehmen die Bereiche Datenschutz und IT-Sicherheit ein. Ersteres nat\u00fcrlich vor allem der DSGVO geschuldet. Viele Unternehmen tun sich noch schwer damit, flexible Arbeitspl\u00e4tze zu schaffen, die optimal abgesichert und gleichzeitig nutzerfreundlich sind. In diesem Zusammenhang werden die Schlagworte Enterprise Mobility Management und Unified Endpoint Management in den kommenden Jahren wohl immer wichtiger werden. Gro\u00dfe Unsicherheit herrscht auch bei rechtlichen Themen. Hier ist jedoch noch kein Patentrezept in Sicht, das Unternehmen durch den digitalen Wandel begleitet. Abschlie\u00dfend l\u00e4sst sich wohl nur eines festhalten: F\u00fcr kleine und mittlere Unternehmen allein ist die Transformation zum Arbeitsplatz 4.0 nicht zu stemmen. Wer sich dem Wandel stellen will, sollte sich daher zeitnah um professionelle Hilfe k\u00fcmmern \u2013 und auch das ein oder andere Mal den Sprung ins kalte Wasser wagen.<\/p>\n","protected":false},"excerpt":{"rendered":"<p>Der Begriff Arbeitsplatz 4.0 ist eines der Schlagworte der Digitalisierung. W\u00e4hrend bereits die H\u00e4lfte aller Unternehmen in die Digitalisierung von Arbeitspl\u00e4tzen investiert, hapert es allerdings noch bei der ganzheitlich orientierten digitalen Transformation. Immer mehr Unternehmer fragen sich jetzt, welche Voraussetzungen sie schaffen m\u00fcssen, um den Anforderungen an den Arbeitsplatz 4.0 gerecht zu werden.<\/p>\n","protected":false},"author":14,"featured_media":5655,"comment_status":"open","ping_status":"open","sticky":false,"template":"","format":"standard","meta":{"footnotes":""},"categories":[594],"tags":[811,45,326,909],"class_list":["post-5642","post","type-post","status-publish","format-standard","has-post-thumbnail","hentry","category-digitalisierung","tag-arbeit-4-0","tag-digitaler-wandel","tag-new-work","tag-vr-ar-mr"],"yoast_head":"<!-- This site is optimized with the Yoast SEO plugin v26.5 - https:\/\/yoast.com\/wordpress\/plugins\/seo\/ -->\n<title>Arbeitsplatz 4.0 \u2013 Digitalisierung von Arbeitspl\u00e4tzen<\/title>\n<meta name=\"description\" content=\"Der Arbeitsplatz 4.0 ist eines der Schlagworte der Digitalisierung. Wir verraten, wie weit es damit her ist und welche Probleme Firmen haben.\" \/>\n<meta name=\"robots\" content=\"index, follow, max-snippet:-1, max-image-preview:large, max-video-preview:-1\" \/>\n<link rel=\"canonical\" href=\"https:\/\/it-service.network\/blog\/2019\/05\/08\/arbeitsplatz-4-0-digitalisierung-von-arbeitsplaetzen\/\" \/>\n<meta property=\"og:locale\" content=\"de_DE\" \/>\n<meta property=\"og:type\" content=\"article\" \/>\n<meta property=\"og:title\" content=\"Arbeitsplatz 4.0 \u2013 Digitalisierung von Arbeitspl\u00e4tzen\" \/>\n<meta property=\"og:description\" content=\"Der Arbeitsplatz 4.0 ist eines der Schlagworte der Digitalisierung. Wir verraten, wie weit es damit her ist und welche Probleme Firmen haben.\" \/>\n<meta property=\"og:url\" content=\"https:\/\/it-service.network\/blog\/2019\/05\/08\/arbeitsplatz-4-0-digitalisierung-von-arbeitsplaetzen\/\" \/>\n<meta property=\"og:site_name\" content=\"IT-SERVICE.NETWORK Blog\" \/>\n<meta property=\"article:publisher\" content=\"https:\/\/www.facebook.com\/itservicenetwork\/\" \/>\n<meta property=\"article:published_time\" content=\"2019-05-08T06:19:17+00:00\" \/>\n<meta property=\"og:image\" content=\"https:\/\/it-service.network\/blog\/wp-content\/uploads\/2019\/03\/arbeitsplatz-4.0.jpg\" \/>\n\t<meta property=\"og:image:width\" content=\"1280\" \/>\n\t<meta property=\"og:image:height\" content=\"853\" \/>\n\t<meta property=\"og:image:type\" content=\"image\/jpeg\" \/>\n<meta name=\"author\" content=\"Lena Klaus\" \/>\n<meta name=\"twitter:card\" content=\"summary_large_image\" \/>\n<meta name=\"twitter:creator\" content=\"@ITSERVICNETWORK\" \/>\n<meta name=\"twitter:site\" content=\"@ITSERVICNETWORK\" \/>\n<meta name=\"twitter:label1\" content=\"Verfasst von\" \/>\n\t<meta name=\"twitter:data1\" content=\"Lena Klaus\" \/>\n\t<meta name=\"twitter:label2\" content=\"Gesch\u00e4tzte Lesezeit\" \/>\n\t<meta name=\"twitter:data2\" content=\"3\u00a0Minuten\" \/>\n<script type=\"application\/ld+json\" class=\"yoast-schema-graph\">{\"@context\":\"https:\/\/schema.org\",\"@graph\":[{\"@type\":\"WebPage\",\"@id\":\"https:\/\/it-service.network\/blog\/2019\/05\/08\/arbeitsplatz-4-0-digitalisierung-von-arbeitsplaetzen\/\",\"url\":\"https:\/\/it-service.network\/blog\/2019\/05\/08\/arbeitsplatz-4-0-digitalisierung-von-arbeitsplaetzen\/\",\"name\":\"Arbeitsplatz 4.0 \u2013 Digitalisierung von Arbeitspl\u00e4tzen\",\"isPartOf\":{\"@id\":\"https:\/\/it-service.network\/blog\/#website\"},\"primaryImageOfPage\":{\"@id\":\"https:\/\/it-service.network\/blog\/2019\/05\/08\/arbeitsplatz-4-0-digitalisierung-von-arbeitsplaetzen\/#primaryimage\"},\"image\":{\"@id\":\"https:\/\/it-service.network\/blog\/2019\/05\/08\/arbeitsplatz-4-0-digitalisierung-von-arbeitsplaetzen\/#primaryimage\"},\"thumbnailUrl\":\"https:\/\/it-service.network\/blog\/wp-content\/uploads\/2019\/03\/arbeitsplatz-4.0.jpg\",\"datePublished\":\"2019-05-08T06:19:17+00:00\",\"author\":{\"@id\":\"https:\/\/it-service.network\/blog\/#\/schema\/person\/9cffbe4f537d5e70bde59b560ce9aac6\"},\"description\":\"Der Arbeitsplatz 4.0 ist eines der Schlagworte der Digitalisierung. Wir verraten, wie weit es damit her ist und welche Probleme Firmen haben.\",\"breadcrumb\":{\"@id\":\"https:\/\/it-service.network\/blog\/2019\/05\/08\/arbeitsplatz-4-0-digitalisierung-von-arbeitsplaetzen\/#breadcrumb\"},\"inLanguage\":\"de\",\"potentialAction\":[{\"@type\":\"ReadAction\",\"target\":[\"https:\/\/it-service.network\/blog\/2019\/05\/08\/arbeitsplatz-4-0-digitalisierung-von-arbeitsplaetzen\/\"]}]},{\"@type\":\"ImageObject\",\"inLanguage\":\"de\",\"@id\":\"https:\/\/it-service.network\/blog\/2019\/05\/08\/arbeitsplatz-4-0-digitalisierung-von-arbeitsplaetzen\/#primaryimage\",\"url\":\"https:\/\/it-service.network\/blog\/wp-content\/uploads\/2019\/03\/arbeitsplatz-4.0.jpg\",\"contentUrl\":\"https:\/\/it-service.network\/blog\/wp-content\/uploads\/2019\/03\/arbeitsplatz-4.0.jpg\",\"width\":1280,\"height\":853,\"caption\":\"\u00a9 Pixabay\"},{\"@type\":\"BreadcrumbList\",\"@id\":\"https:\/\/it-service.network\/blog\/2019\/05\/08\/arbeitsplatz-4-0-digitalisierung-von-arbeitsplaetzen\/#breadcrumb\",\"itemListElement\":[{\"@type\":\"ListItem\",\"position\":1,\"name\":\"Startseite\",\"item\":\"https:\/\/it-service.network\/blog\/\"},{\"@type\":\"ListItem\",\"position\":2,\"name\":\"Arbeitsplatz 4.0 ## Digitalisierung von Arbeitspl\u00e4tzen schreitet voran\"}]},{\"@type\":\"WebSite\",\"@id\":\"https:\/\/it-service.network\/blog\/#website\",\"url\":\"https:\/\/it-service.network\/blog\/\",\"name\":\"IT-SERVICE.NETWORK Blog\",\"description\":\"Der IT-SERVICE.NETWORK Blog mit spannenden IT-News: \u2713 IT-Themen \u2713 IT-Trends \u2713 Business-Themen \u2713 IT-Dienstleistungen\",\"potentialAction\":[{\"@type\":\"SearchAction\",\"target\":{\"@type\":\"EntryPoint\",\"urlTemplate\":\"https:\/\/it-service.network\/blog\/?s={search_term_string}\"},\"query-input\":{\"@type\":\"PropertyValueSpecification\",\"valueRequired\":true,\"valueName\":\"search_term_string\"}}],\"inLanguage\":\"de\"},{\"@type\":\"Person\",\"@id\":\"https:\/\/it-service.network\/blog\/#\/schema\/person\/9cffbe4f537d5e70bde59b560ce9aac6\",\"name\":\"Lena Klaus\",\"image\":{\"@type\":\"ImageObject\",\"inLanguage\":\"de\",\"@id\":\"https:\/\/it-service.network\/blog\/#\/schema\/person\/image\/\",\"url\":\"https:\/\/it-service.network\/blog\/wp-content\/uploads\/2019\/04\/lena-klaus-96x96.jpg\",\"contentUrl\":\"https:\/\/it-service.network\/blog\/wp-content\/uploads\/2019\/04\/lena-klaus-96x96.jpg\",\"caption\":\"Lena Klaus\"},\"description\":\"Lena Klaus arbeitet seit 2018 als freie Autorin und SEO-Expertin f\u00fcr das IT-SERVICE.NETWORK. Besonders die Themen rund um den digitalen Wandel und New Work haben es ihr angetan. Dar\u00fcber hinaus ist die erfahrene Texterin immer wieder fasziniert davon, welche neue Methoden und Tricks Hackern und Cyberkriminellen einfallen. Seit 2013 kennt Lena Klaus die IT-Branche und hat sich in diesem Zusammenhang auf die Erstellung von Webtexten und Blogartikeln f\u00fcr B2C- und B2B-orientierte Content-Plattformen spezialisiert. Bis zu ihrer Elternzeit im Jahr 2017 war sie als Content Marketing- und PR-Managerin bei der SYNAXON AG, dem Mutterunternehmen des IT-SERVICE.NETWORK, fest angestellt. W\u00e4hrend dieser T\u00e4tigkeit verantwortete sie nicht nur die allgemeine Unternehmenskommunikation und Pressearbeit, sondern auch s\u00e4mtlichen Content der SYNAXON-Marke PC-SPEZIALIST. Nach ihrer Elternzeit wechselte sie hauptberuflich die Branche, blieb der SYNAXON AG und der mittlerweile fest etablierten Marke IT-SERVICE.NETWORK aber weiterhin als freie Mitarbeiterin treu. Neben ihrer Arbeit als Redakteurin f\u00fcr den IT-SERVICE.NETWORK-Blog verfasst sie auch Texte f\u00fcr das IT-SERVICE.NETWORK-Lexikon, einzelne Themenseiten, Leistungsbeschreibungen oder Profilseiten der Partner. In ihrer Freizeit bleibt der Laptop dann allerdings meist aus: Sie genie\u00dft die Zeit mit Ihrem Mann (nat\u00fcrlich auch ein ITler) und ihrer Tochter \u2013 am liebsten auf Reisen in fernen L\u00e4ndern.\",\"sameAs\":[\"https:\/\/it-service.network\/\"],\"url\":\"https:\/\/it-service.network\/blog\/author\/lena-klaus\/\"}]}<\/script>\n<!-- \/ Yoast SEO plugin. -->","yoast_head_json":{"title":"Arbeitsplatz 4.0 \u2013 Digitalisierung von Arbeitspl\u00e4tzen","description":"Der Arbeitsplatz 4.0 ist eines der Schlagworte der Digitalisierung. Wir verraten, wie weit es damit her ist und welche Probleme Firmen haben.","robots":{"index":"index","follow":"follow","max-snippet":"max-snippet:-1","max-image-preview":"max-image-preview:large","max-video-preview":"max-video-preview:-1"},"canonical":"https:\/\/it-service.network\/blog\/2019\/05\/08\/arbeitsplatz-4-0-digitalisierung-von-arbeitsplaetzen\/","og_locale":"de_DE","og_type":"article","og_title":"Arbeitsplatz 4.0 \u2013 Digitalisierung von Arbeitspl\u00e4tzen","og_description":"Der Arbeitsplatz 4.0 ist eines der Schlagworte der Digitalisierung. Wir verraten, wie weit es damit her ist und welche Probleme Firmen haben.","og_url":"https:\/\/it-service.network\/blog\/2019\/05\/08\/arbeitsplatz-4-0-digitalisierung-von-arbeitsplaetzen\/","og_site_name":"IT-SERVICE.NETWORK Blog","article_publisher":"https:\/\/www.facebook.com\/itservicenetwork\/","article_published_time":"2019-05-08T06:19:17+00:00","og_image":[{"width":1280,"height":853,"url":"https:\/\/it-service.network\/blog\/wp-content\/uploads\/2019\/03\/arbeitsplatz-4.0.jpg","type":"image\/jpeg"}],"author":"Lena Klaus","twitter_card":"summary_large_image","twitter_creator":"@ITSERVICNETWORK","twitter_site":"@ITSERVICNETWORK","twitter_misc":{"Verfasst von":"Lena Klaus","Gesch\u00e4tzte Lesezeit":"3\u00a0Minuten"},"schema":{"@context":"https:\/\/schema.org","@graph":[{"@type":"WebPage","@id":"https:\/\/it-service.network\/blog\/2019\/05\/08\/arbeitsplatz-4-0-digitalisierung-von-arbeitsplaetzen\/","url":"https:\/\/it-service.network\/blog\/2019\/05\/08\/arbeitsplatz-4-0-digitalisierung-von-arbeitsplaetzen\/","name":"Arbeitsplatz 4.0 \u2013 Digitalisierung von Arbeitspl\u00e4tzen","isPartOf":{"@id":"https:\/\/it-service.network\/blog\/#website"},"primaryImageOfPage":{"@id":"https:\/\/it-service.network\/blog\/2019\/05\/08\/arbeitsplatz-4-0-digitalisierung-von-arbeitsplaetzen\/#primaryimage"},"image":{"@id":"https:\/\/it-service.network\/blog\/2019\/05\/08\/arbeitsplatz-4-0-digitalisierung-von-arbeitsplaetzen\/#primaryimage"},"thumbnailUrl":"https:\/\/it-service.network\/blog\/wp-content\/uploads\/2019\/03\/arbeitsplatz-4.0.jpg","datePublished":"2019-05-08T06:19:17+00:00","author":{"@id":"https:\/\/it-service.network\/blog\/#\/schema\/person\/9cffbe4f537d5e70bde59b560ce9aac6"},"description":"Der Arbeitsplatz 4.0 ist eines der Schlagworte der Digitalisierung. Wir verraten, wie weit es damit her ist und welche Probleme Firmen haben.","breadcrumb":{"@id":"https:\/\/it-service.network\/blog\/2019\/05\/08\/arbeitsplatz-4-0-digitalisierung-von-arbeitsplaetzen\/#breadcrumb"},"inLanguage":"de","potentialAction":[{"@type":"ReadAction","target":["https:\/\/it-service.network\/blog\/2019\/05\/08\/arbeitsplatz-4-0-digitalisierung-von-arbeitsplaetzen\/"]}]},{"@type":"ImageObject","inLanguage":"de","@id":"https:\/\/it-service.network\/blog\/2019\/05\/08\/arbeitsplatz-4-0-digitalisierung-von-arbeitsplaetzen\/#primaryimage","url":"https:\/\/it-service.network\/blog\/wp-content\/uploads\/2019\/03\/arbeitsplatz-4.0.jpg","contentUrl":"https:\/\/it-service.network\/blog\/wp-content\/uploads\/2019\/03\/arbeitsplatz-4.0.jpg","width":1280,"height":853,"caption":"\u00a9 Pixabay"},{"@type":"BreadcrumbList","@id":"https:\/\/it-service.network\/blog\/2019\/05\/08\/arbeitsplatz-4-0-digitalisierung-von-arbeitsplaetzen\/#breadcrumb","itemListElement":[{"@type":"ListItem","position":1,"name":"Startseite","item":"https:\/\/it-service.network\/blog\/"},{"@type":"ListItem","position":2,"name":"Arbeitsplatz 4.0 ## Digitalisierung von Arbeitspl\u00e4tzen schreitet voran"}]},{"@type":"WebSite","@id":"https:\/\/it-service.network\/blog\/#website","url":"https:\/\/it-service.network\/blog\/","name":"IT-SERVICE.NETWORK Blog","description":"Der IT-SERVICE.NETWORK Blog mit spannenden IT-News: \u2713 IT-Themen \u2713 IT-Trends \u2713 Business-Themen \u2713 IT-Dienstleistungen","potentialAction":[{"@type":"SearchAction","target":{"@type":"EntryPoint","urlTemplate":"https:\/\/it-service.network\/blog\/?s={search_term_string}"},"query-input":{"@type":"PropertyValueSpecification","valueRequired":true,"valueName":"search_term_string"}}],"inLanguage":"de"},{"@type":"Person","@id":"https:\/\/it-service.network\/blog\/#\/schema\/person\/9cffbe4f537d5e70bde59b560ce9aac6","name":"Lena Klaus","image":{"@type":"ImageObject","inLanguage":"de","@id":"https:\/\/it-service.network\/blog\/#\/schema\/person\/image\/","url":"https:\/\/it-service.network\/blog\/wp-content\/uploads\/2019\/04\/lena-klaus-96x96.jpg","contentUrl":"https:\/\/it-service.network\/blog\/wp-content\/uploads\/2019\/04\/lena-klaus-96x96.jpg","caption":"Lena Klaus"},"description":"Lena Klaus arbeitet seit 2018 als freie Autorin und SEO-Expertin f\u00fcr das IT-SERVICE.NETWORK. Besonders die Themen rund um den digitalen Wandel und New Work haben es ihr angetan. Dar\u00fcber hinaus ist die erfahrene Texterin immer wieder fasziniert davon, welche neue Methoden und Tricks Hackern und Cyberkriminellen einfallen. Seit 2013 kennt Lena Klaus die IT-Branche und hat sich in diesem Zusammenhang auf die Erstellung von Webtexten und Blogartikeln f\u00fcr B2C- und B2B-orientierte Content-Plattformen spezialisiert. Bis zu ihrer Elternzeit im Jahr 2017 war sie als Content Marketing- und PR-Managerin bei der SYNAXON AG, dem Mutterunternehmen des IT-SERVICE.NETWORK, fest angestellt. W\u00e4hrend dieser T\u00e4tigkeit verantwortete sie nicht nur die allgemeine Unternehmenskommunikation und Pressearbeit, sondern auch s\u00e4mtlichen Content der SYNAXON-Marke PC-SPEZIALIST. Nach ihrer Elternzeit wechselte sie hauptberuflich die Branche, blieb der SYNAXON AG und der mittlerweile fest etablierten Marke IT-SERVICE.NETWORK aber weiterhin als freie Mitarbeiterin treu. Neben ihrer Arbeit als Redakteurin f\u00fcr den IT-SERVICE.NETWORK-Blog verfasst sie auch Texte f\u00fcr das IT-SERVICE.NETWORK-Lexikon, einzelne Themenseiten, Leistungsbeschreibungen oder Profilseiten der Partner. In ihrer Freizeit bleibt der Laptop dann allerdings meist aus: Sie genie\u00dft die Zeit mit Ihrem Mann (nat\u00fcrlich auch ein ITler) und ihrer Tochter \u2013 am liebsten auf Reisen in fernen L\u00e4ndern.","sameAs":["https:\/\/it-service.network\/"],"url":"https:\/\/it-service.network\/blog\/author\/lena-klaus\/"}]}},"_links":{"self":[{"href":"https:\/\/it-service.network\/blog\/wp-json\/wp\/v2\/posts\/5642","targetHints":{"allow":["GET"]}}],"collection":[{"href":"https:\/\/it-service.network\/blog\/wp-json\/wp\/v2\/posts"}],"about":[{"href":"https:\/\/it-service.network\/blog\/wp-json\/wp\/v2\/types\/post"}],"author":[{"embeddable":true,"href":"https:\/\/it-service.network\/blog\/wp-json\/wp\/v2\/users\/14"}],"replies":[{"embeddable":true,"href":"https:\/\/it-service.network\/blog\/wp-json\/wp\/v2\/comments?post=5642"}],"version-history":[{"count":0,"href":"https:\/\/it-service.network\/blog\/wp-json\/wp\/v2\/posts\/5642\/revisions"}],"wp:featuredmedia":[{"embeddable":true,"href":"https:\/\/it-service.network\/blog\/wp-json\/wp\/v2\/media\/5655"}],"wp:attachment":[{"href":"https:\/\/it-service.network\/blog\/wp-json\/wp\/v2\/media?parent=5642"}],"wp:term":[{"taxonomy":"category","embeddable":true,"href":"https:\/\/it-service.network\/blog\/wp-json\/wp\/v2\/categories?post=5642"},{"taxonomy":"post_tag","embeddable":true,"href":"https:\/\/it-service.network\/blog\/wp-json\/wp\/v2\/tags?post=5642"}],"curies":[{"name":"wp","href":"https:\/\/api.w.org\/{rel}","templated":true}]}}