{"id":5672,"date":"2019-04-26T08:08:39","date_gmt":"2019-04-26T06:08:39","guid":{"rendered":"https:\/\/it-service.network\/blog\/?p=5672"},"modified":"2019-04-26T08:08:39","modified_gmt":"2019-04-26T06:08:39","slug":"laerm-am-arbeitsplatz","status":"publish","type":"post","link":"https:\/\/it-service.network\/blog\/2019\/04\/26\/laerm-am-arbeitsplatz\/","title":{"rendered":"L\u00e4rm am Arbeitsplatz ## Diese Erfindung macht das Gro\u00dfraumb\u00fcro ertr\u00e4glich"},"content":{"rendered":"<p><strong>L\u00e4rm am Arbeitsplatz ist f\u00fcr Arbeitnehmer unangefochten der St\u00f6rfaktor Nummer 1. Arbeitgeber hingegen sind es h\u00e4ufig leid, sich die Klagen \u00fcber den Lautst\u00e4rke-Pegel anzuh\u00f6ren.<\/strong><br \/>\nDie L\u00f6sung f\u00fcr alle Beteiligten k\u00f6nnte schon bald das Gro\u00dfraumb\u00fcro revolutionieren und ist dabei h\u00f6chst unscheinbar. Alle Infos zu dieser neuen Erfindung erhalten Sie jetzt hier.<!--more--><br \/>\n<div id=\"attachment_5678\" style=\"width: 310px\" class=\"wp-caption alignright\"><img loading=\"lazy\" decoding=\"async\" aria-describedby=\"caption-attachment-5678\" class=\"size-medium wp-image-5678\" src=\"https:\/\/it-service.network\/blog\/wp-content\/uploads\/2019\/03\/l\u00e4rm-am-arbeitsplatz-300x213.jpg\" alt=\"l\u00e4rm am arbeitsplatz\" width=\"300\" height=\"213\" srcset=\"https:\/\/it-service.network\/blog\/wp-content\/uploads\/2019\/03\/l\u00e4rm-am-arbeitsplatz-300x213.jpg 300w, https:\/\/it-service.network\/blog\/wp-content\/uploads\/2019\/03\/l\u00e4rm-am-arbeitsplatz-768x544.jpg 768w, https:\/\/it-service.network\/blog\/wp-content\/uploads\/2019\/03\/l\u00e4rm-am-arbeitsplatz-1024x726.jpg 1024w, https:\/\/it-service.network\/blog\/wp-content\/uploads\/2019\/03\/l\u00e4rm-am-arbeitsplatz-700x500.jpg 700w, https:\/\/it-service.network\/blog\/wp-content\/uploads\/2019\/03\/l\u00e4rm-am-arbeitsplatz.jpg 1280w\" sizes=\"auto, (max-width: 300px) 100vw, 300px\" \/><p id=\"caption-attachment-5678\" class=\"wp-caption-text\">L\u00e4rm am Arbeitsplatz kann frustrierend sein.<br \/>\u00a9 Pixabay<\/p><\/div><\/p>\n<h3>L\u00e4rm im B\u00fcro senkt Produktivit\u00e4t und Motivation<\/h3>\n<p>Gro\u00dfraumb\u00fcros sind hip, Gro\u00dfraumb\u00fcros sind schick. Und bieten \u2013 da gibt es wohl keine zwei Meinungen \u2013 durchaus eine Menge Vorteile. Nur gegen einen ganz massiven Nachteil kommt die Freifl\u00e4che nicht an: die Lautst\u00e4rke. Kollege A telefoniert angeregt, Kollege B und C unterhalten sich \u00fcber ein aktuelles Projekt, Kollege C kloppt permanent fluchend auf seiner Tastatur herum und Kollege D, der eigentlich konzentriert an einem neuen Konzept arbeiten sollte, wirft irgendwann frustriert das Handtuch und verschwindet Richtung Kaffeemaschine.<br \/>\nSo sieht der Alltag in vielen Unternehmen leider aus. Das Problem: Ist das Gro\u00dfraumb\u00fcro als reines Gro\u00dfraumb\u00fcro konzipiert und verf\u00fcgt beispielsweise nicht \u00fcber flexible W\u00e4nde (wie damals in der Turnhalle), ist der Ger\u00e4uschentwicklung nicht Herr zu werden. Und eine Erfahrung haben sowohl Vorgesetzte als auch Mitarbeiter gemacht: die Pflanzent\u00f6pfe, <strong>L\u00e4rmschutz-Elemente<\/strong> und halbhohe Schaumstoffschall-Elemente zwischen den einzelnen Schreibtischen m\u00f6gen zwar messbar etwas L\u00e4rm schlucken, aber nicht gef\u00fchlt.<br \/>\nDas Problem an der permanenten Ger\u00e4uschbelastung an einem langen Arbeitstag: Sie macht m\u00fcrbe. Und sie senkt nicht nur die Produktivit\u00e4t, sondern auch die Motivation. Zwar gibt es auch Tage, an denen das gesamte Team zum Gro\u00dfteil stumm und konzentriert vor sich hinarbeitet, aber eben auch andere. Dennoch favorisieren viele Arbeitgeber das Gro\u00dfraumb\u00fcro aufgrund seiner positiven Eigenschaften. Ein reger Austausch des Teams ist jederzeit und ohne das Ansetzen und Buchen von Besprechungsr\u00e4umen m\u00f6glich. Der eine wei\u00df (zumindest in etwa), was der andere tut und dar\u00fcber hinaus entwickelt sich ein st\u00e4rkeres \u201eWir-Gef\u00fchl\u201c. Aber: Das Problem mit dem <strong>L\u00e4rm am Arbeitsplatz<\/strong> bleibt. Doch damit k\u00f6nnte zum Gl\u00fcck bald Schluss sein.<\/p>\n<h3>L\u00e4rm im Gro\u00dfraumb\u00fcro bald Geschichte? Eine neue Entdeckung soll es richten<\/h3>\n<p>Die neueste Innovation im Kampf gegen den Lautst\u00e4rkepegel ist ein kleiner, unscheinbarer Ring aus dem 3D-Drucker. Entwickelt wurde das magische Produkt von Forschern der Boston University. Sie behaupten: Der Ring absorbiert bis zu 94 Prozent aller Umgebungsger\u00e4usche. M\u00f6glich sei dies durch die einzigartige Kombination aus Struktur und Material. Der entstehende Schall wird durch den Ring geleitet.<br \/>\nUnd jetzt kommt der Punkt: Der Schall wird nicht etwa in Schwingungen umgewandelt, sondern zun\u00e4chst absorbiert und der Rest zur Quelle des Ursprungs zur\u00fcckgeschickt. Erst k\u00fcrzlich wurde ein <a href=\"https:\/\/www.youtube.com\/watch?time_continue=1&amp;v=Fd1D42dVxS0\" target=\"_blank\" rel=\"noopener noreferrer\">Video<\/a> ver\u00f6ffentlicht, in dem die Forscher das beweisen. Dort ist zu sehen: Der Ring, der an einem PVC-Rohr befestigt ist, das wiederum an einem Lautsprecher m\u00fcndet, schluckt tats\u00e4chlich einen Gro\u00dfteil des Schalls. Und nat\u00fcrlich hat das neue Kind bereits einen Namen: \u201e<strong>akustisches Metamaterial<\/strong>\u201c.<br \/>\nFakt ist: F\u00fcr Gro\u00dfraumb\u00fcros k\u00f6nnte die Erfindung ein echter Meilenstein werden. Beispielsweise eingesetzt als blickoffener Raumtrenner zwischen den einzelnen Schreibtischen. Besonders f\u00fcr Call-Center oder Kundenservice-Abteilungen w\u00e4re das Ergebnis eine wirkliche Revolution und k\u00f6nnte die Arbeitsbedingungen nachhaltig verbessern. Dabei l\u00e4sst sich aufgrund der leichten und offenen Struktur sowie der Tatsachen, dass der \u00e4u\u00dfere Teil nicht rund sein muss, auch gestalterisch noch viel machen. Alternativ sind auch Kopfh\u00f6rer aus akustischem Metamaterial denkbar, die einfach nach Bedarf aufgesetzt werden, wenn ein konzentriertes und ungest\u00f6rtes Arbeiten n\u00f6tig ist.<br \/>\nUnd auch andere Unternehmen zeigen sich bereits interessiert. Amazon beispielsweise k\u00f6nnte sich vorstellen, mittels des schalld\u00e4mpfenden Metamaterials die Ger\u00e4uschentwicklung von Lieferdrohnen zu senken. Wir bleiben auf jeden Fall dran und berichten weiter.<\/p>\n","protected":false},"excerpt":{"rendered":"<p>L\u00e4rm am Arbeitsplatz ist f\u00fcr Arbeitnehmer unangefochten der St\u00f6rfaktor Nummer 1. Arbeitgeber hingegen sind es h\u00e4ufig leid, sich die Klagen \u00fcber den Lautst\u00e4rke-Pegel anzuh\u00f6ren. Die L\u00f6sung f\u00fcr alle Beteiligten k\u00f6nnte schon bald das Gro\u00dfraumb\u00fcro revolutionieren und ist dabei h\u00f6chst unscheinbar. Alle Infos zu dieser neuen Erfindung erhalten Sie jetzt hier.<\/p>\n","protected":false},"author":14,"featured_media":5678,"comment_status":"open","ping_status":"open","sticky":false,"template":"","format":"standard","meta":{"footnotes":""},"categories":[408],"tags":[811,887],"class_list":["post-5672","post","type-post","status-publish","format-standard","has-post-thumbnail","hentry","category-arbeitswelt-trends","tag-arbeit-4-0","tag-hardware"],"yoast_head":"<!-- This site is optimized with the Yoast SEO plugin v26.5 - https:\/\/yoast.com\/wordpress\/plugins\/seo\/ -->\n<title>L\u00e4rm am Arbeitsplatz \u2013 Erfindung macht das Gro\u00dfraumb\u00fcro ertr\u00e4glich<\/title>\n<meta name=\"description\" content=\"L\u00e4rm am Arbeitsplatz ist ein akutes Problem in Gro\u00dfraumb\u00fcros und senkt die Produktivit\u00e4t sowie Motivation. Eine neue Erfindung k\u00f6nnte jetzt Abhilfe schaffen\" \/>\n<meta name=\"robots\" content=\"index, follow, max-snippet:-1, max-image-preview:large, max-video-preview:-1\" \/>\n<link rel=\"canonical\" href=\"https:\/\/it-service.network\/blog\/2019\/04\/26\/laerm-am-arbeitsplatz\/\" \/>\n<meta property=\"og:locale\" content=\"de_DE\" \/>\n<meta property=\"og:type\" content=\"article\" \/>\n<meta property=\"og:title\" content=\"L\u00e4rm am Arbeitsplatz \u2013 Erfindung macht das Gro\u00dfraumb\u00fcro ertr\u00e4glich\" \/>\n<meta property=\"og:description\" content=\"L\u00e4rm am Arbeitsplatz ist ein akutes Problem in Gro\u00dfraumb\u00fcros und senkt die Produktivit\u00e4t sowie Motivation. Eine neue Erfindung k\u00f6nnte jetzt Abhilfe schaffen\" \/>\n<meta property=\"og:url\" content=\"https:\/\/it-service.network\/blog\/2019\/04\/26\/laerm-am-arbeitsplatz\/\" \/>\n<meta property=\"og:site_name\" content=\"IT-SERVICE.NETWORK Blog\" \/>\n<meta property=\"article:publisher\" content=\"https:\/\/www.facebook.com\/itservicenetwork\/\" \/>\n<meta property=\"article:published_time\" content=\"2019-04-26T06:08:39+00:00\" \/>\n<meta property=\"og:image\" content=\"https:\/\/it-service.network\/blog\/wp-content\/uploads\/2019\/03\/l\u00e4rm-am-arbeitsplatz.jpg\" \/>\n\t<meta property=\"og:image:width\" content=\"1280\" \/>\n\t<meta property=\"og:image:height\" content=\"907\" \/>\n\t<meta property=\"og:image:type\" content=\"image\/jpeg\" \/>\n<meta name=\"author\" content=\"Lena Klaus\" \/>\n<meta name=\"twitter:card\" content=\"summary_large_image\" \/>\n<meta name=\"twitter:creator\" content=\"@ITSERVICNETWORK\" \/>\n<meta name=\"twitter:site\" content=\"@ITSERVICNETWORK\" \/>\n<meta name=\"twitter:label1\" content=\"Verfasst von\" \/>\n\t<meta name=\"twitter:data1\" content=\"Lena Klaus\" \/>\n\t<meta name=\"twitter:label2\" content=\"Gesch\u00e4tzte Lesezeit\" \/>\n\t<meta name=\"twitter:data2\" content=\"3\u00a0Minuten\" \/>\n<script type=\"application\/ld+json\" class=\"yoast-schema-graph\">{\"@context\":\"https:\/\/schema.org\",\"@graph\":[{\"@type\":\"WebPage\",\"@id\":\"https:\/\/it-service.network\/blog\/2019\/04\/26\/laerm-am-arbeitsplatz\/\",\"url\":\"https:\/\/it-service.network\/blog\/2019\/04\/26\/laerm-am-arbeitsplatz\/\",\"name\":\"L\u00e4rm am Arbeitsplatz \u2013 Erfindung macht das Gro\u00dfraumb\u00fcro ertr\u00e4glich\",\"isPartOf\":{\"@id\":\"https:\/\/it-service.network\/blog\/#website\"},\"primaryImageOfPage\":{\"@id\":\"https:\/\/it-service.network\/blog\/2019\/04\/26\/laerm-am-arbeitsplatz\/#primaryimage\"},\"image\":{\"@id\":\"https:\/\/it-service.network\/blog\/2019\/04\/26\/laerm-am-arbeitsplatz\/#primaryimage\"},\"thumbnailUrl\":\"https:\/\/it-service.network\/blog\/wp-content\/uploads\/2019\/03\/l\u00e4rm-am-arbeitsplatz.jpg\",\"datePublished\":\"2019-04-26T06:08:39+00:00\",\"author\":{\"@id\":\"https:\/\/it-service.network\/blog\/#\/schema\/person\/9cffbe4f537d5e70bde59b560ce9aac6\"},\"description\":\"L\u00e4rm am Arbeitsplatz ist ein akutes Problem in Gro\u00dfraumb\u00fcros und senkt die Produktivit\u00e4t sowie Motivation. Eine neue Erfindung k\u00f6nnte jetzt Abhilfe schaffen\",\"breadcrumb\":{\"@id\":\"https:\/\/it-service.network\/blog\/2019\/04\/26\/laerm-am-arbeitsplatz\/#breadcrumb\"},\"inLanguage\":\"de\",\"potentialAction\":[{\"@type\":\"ReadAction\",\"target\":[\"https:\/\/it-service.network\/blog\/2019\/04\/26\/laerm-am-arbeitsplatz\/\"]}]},{\"@type\":\"ImageObject\",\"inLanguage\":\"de\",\"@id\":\"https:\/\/it-service.network\/blog\/2019\/04\/26\/laerm-am-arbeitsplatz\/#primaryimage\",\"url\":\"https:\/\/it-service.network\/blog\/wp-content\/uploads\/2019\/03\/l\u00e4rm-am-arbeitsplatz.jpg\",\"contentUrl\":\"https:\/\/it-service.network\/blog\/wp-content\/uploads\/2019\/03\/l\u00e4rm-am-arbeitsplatz.jpg\",\"width\":1280,\"height\":907,\"caption\":\"L\u00e4rm am Arbeitsplatz kann frustrierend sein. \u00a9 Pixabay\"},{\"@type\":\"BreadcrumbList\",\"@id\":\"https:\/\/it-service.network\/blog\/2019\/04\/26\/laerm-am-arbeitsplatz\/#breadcrumb\",\"itemListElement\":[{\"@type\":\"ListItem\",\"position\":1,\"name\":\"Startseite\",\"item\":\"https:\/\/it-service.network\/blog\/\"},{\"@type\":\"ListItem\",\"position\":2,\"name\":\"L\u00e4rm am Arbeitsplatz ## Diese Erfindung macht das Gro\u00dfraumb\u00fcro ertr\u00e4glich\"}]},{\"@type\":\"WebSite\",\"@id\":\"https:\/\/it-service.network\/blog\/#website\",\"url\":\"https:\/\/it-service.network\/blog\/\",\"name\":\"IT-SERVICE.NETWORK Blog\",\"description\":\"Der IT-SERVICE.NETWORK Blog mit spannenden IT-News: \u2713 IT-Themen \u2713 IT-Trends \u2713 Business-Themen \u2713 IT-Dienstleistungen\",\"potentialAction\":[{\"@type\":\"SearchAction\",\"target\":{\"@type\":\"EntryPoint\",\"urlTemplate\":\"https:\/\/it-service.network\/blog\/?s={search_term_string}\"},\"query-input\":{\"@type\":\"PropertyValueSpecification\",\"valueRequired\":true,\"valueName\":\"search_term_string\"}}],\"inLanguage\":\"de\"},{\"@type\":\"Person\",\"@id\":\"https:\/\/it-service.network\/blog\/#\/schema\/person\/9cffbe4f537d5e70bde59b560ce9aac6\",\"name\":\"Lena Klaus\",\"image\":{\"@type\":\"ImageObject\",\"inLanguage\":\"de\",\"@id\":\"https:\/\/it-service.network\/blog\/#\/schema\/person\/image\/\",\"url\":\"https:\/\/it-service.network\/blog\/wp-content\/uploads\/2019\/04\/lena-klaus-96x96.jpg\",\"contentUrl\":\"https:\/\/it-service.network\/blog\/wp-content\/uploads\/2019\/04\/lena-klaus-96x96.jpg\",\"caption\":\"Lena Klaus\"},\"description\":\"Lena Klaus arbeitet seit 2018 als freie Autorin und SEO-Expertin f\u00fcr das IT-SERVICE.NETWORK. Besonders die Themen rund um den digitalen Wandel und New Work haben es ihr angetan. Dar\u00fcber hinaus ist die erfahrene Texterin immer wieder fasziniert davon, welche neue Methoden und Tricks Hackern und Cyberkriminellen einfallen. Seit 2013 kennt Lena Klaus die IT-Branche und hat sich in diesem Zusammenhang auf die Erstellung von Webtexten und Blogartikeln f\u00fcr B2C- und B2B-orientierte Content-Plattformen spezialisiert. Bis zu ihrer Elternzeit im Jahr 2017 war sie als Content Marketing- und PR-Managerin bei der SYNAXON AG, dem Mutterunternehmen des IT-SERVICE.NETWORK, fest angestellt. W\u00e4hrend dieser T\u00e4tigkeit verantwortete sie nicht nur die allgemeine Unternehmenskommunikation und Pressearbeit, sondern auch s\u00e4mtlichen Content der SYNAXON-Marke PC-SPEZIALIST. Nach ihrer Elternzeit wechselte sie hauptberuflich die Branche, blieb der SYNAXON AG und der mittlerweile fest etablierten Marke IT-SERVICE.NETWORK aber weiterhin als freie Mitarbeiterin treu. Neben ihrer Arbeit als Redakteurin f\u00fcr den IT-SERVICE.NETWORK-Blog verfasst sie auch Texte f\u00fcr das IT-SERVICE.NETWORK-Lexikon, einzelne Themenseiten, Leistungsbeschreibungen oder Profilseiten der Partner. In ihrer Freizeit bleibt der Laptop dann allerdings meist aus: Sie genie\u00dft die Zeit mit Ihrem Mann (nat\u00fcrlich auch ein ITler) und ihrer Tochter \u2013 am liebsten auf Reisen in fernen L\u00e4ndern.\",\"sameAs\":[\"https:\/\/it-service.network\/\"],\"url\":\"https:\/\/it-service.network\/blog\/author\/lena-klaus\/\"}]}<\/script>\n<!-- \/ Yoast SEO plugin. -->","yoast_head_json":{"title":"L\u00e4rm am Arbeitsplatz \u2013 Erfindung macht das Gro\u00dfraumb\u00fcro ertr\u00e4glich","description":"L\u00e4rm am Arbeitsplatz ist ein akutes Problem in Gro\u00dfraumb\u00fcros und senkt die Produktivit\u00e4t sowie Motivation. Eine neue Erfindung k\u00f6nnte jetzt Abhilfe schaffen","robots":{"index":"index","follow":"follow","max-snippet":"max-snippet:-1","max-image-preview":"max-image-preview:large","max-video-preview":"max-video-preview:-1"},"canonical":"https:\/\/it-service.network\/blog\/2019\/04\/26\/laerm-am-arbeitsplatz\/","og_locale":"de_DE","og_type":"article","og_title":"L\u00e4rm am Arbeitsplatz \u2013 Erfindung macht das Gro\u00dfraumb\u00fcro ertr\u00e4glich","og_description":"L\u00e4rm am Arbeitsplatz ist ein akutes Problem in Gro\u00dfraumb\u00fcros und senkt die Produktivit\u00e4t sowie Motivation. Eine neue Erfindung k\u00f6nnte jetzt Abhilfe schaffen","og_url":"https:\/\/it-service.network\/blog\/2019\/04\/26\/laerm-am-arbeitsplatz\/","og_site_name":"IT-SERVICE.NETWORK Blog","article_publisher":"https:\/\/www.facebook.com\/itservicenetwork\/","article_published_time":"2019-04-26T06:08:39+00:00","og_image":[{"width":1280,"height":907,"url":"https:\/\/it-service.network\/blog\/wp-content\/uploads\/2019\/03\/l\u00e4rm-am-arbeitsplatz.jpg","type":"image\/jpeg"}],"author":"Lena Klaus","twitter_card":"summary_large_image","twitter_creator":"@ITSERVICNETWORK","twitter_site":"@ITSERVICNETWORK","twitter_misc":{"Verfasst von":"Lena Klaus","Gesch\u00e4tzte Lesezeit":"3\u00a0Minuten"},"schema":{"@context":"https:\/\/schema.org","@graph":[{"@type":"WebPage","@id":"https:\/\/it-service.network\/blog\/2019\/04\/26\/laerm-am-arbeitsplatz\/","url":"https:\/\/it-service.network\/blog\/2019\/04\/26\/laerm-am-arbeitsplatz\/","name":"L\u00e4rm am Arbeitsplatz \u2013 Erfindung macht das Gro\u00dfraumb\u00fcro ertr\u00e4glich","isPartOf":{"@id":"https:\/\/it-service.network\/blog\/#website"},"primaryImageOfPage":{"@id":"https:\/\/it-service.network\/blog\/2019\/04\/26\/laerm-am-arbeitsplatz\/#primaryimage"},"image":{"@id":"https:\/\/it-service.network\/blog\/2019\/04\/26\/laerm-am-arbeitsplatz\/#primaryimage"},"thumbnailUrl":"https:\/\/it-service.network\/blog\/wp-content\/uploads\/2019\/03\/l\u00e4rm-am-arbeitsplatz.jpg","datePublished":"2019-04-26T06:08:39+00:00","author":{"@id":"https:\/\/it-service.network\/blog\/#\/schema\/person\/9cffbe4f537d5e70bde59b560ce9aac6"},"description":"L\u00e4rm am Arbeitsplatz ist ein akutes Problem in Gro\u00dfraumb\u00fcros und senkt die Produktivit\u00e4t sowie Motivation. Eine neue Erfindung k\u00f6nnte jetzt Abhilfe schaffen","breadcrumb":{"@id":"https:\/\/it-service.network\/blog\/2019\/04\/26\/laerm-am-arbeitsplatz\/#breadcrumb"},"inLanguage":"de","potentialAction":[{"@type":"ReadAction","target":["https:\/\/it-service.network\/blog\/2019\/04\/26\/laerm-am-arbeitsplatz\/"]}]},{"@type":"ImageObject","inLanguage":"de","@id":"https:\/\/it-service.network\/blog\/2019\/04\/26\/laerm-am-arbeitsplatz\/#primaryimage","url":"https:\/\/it-service.network\/blog\/wp-content\/uploads\/2019\/03\/l\u00e4rm-am-arbeitsplatz.jpg","contentUrl":"https:\/\/it-service.network\/blog\/wp-content\/uploads\/2019\/03\/l\u00e4rm-am-arbeitsplatz.jpg","width":1280,"height":907,"caption":"L\u00e4rm am Arbeitsplatz kann frustrierend sein. \u00a9 Pixabay"},{"@type":"BreadcrumbList","@id":"https:\/\/it-service.network\/blog\/2019\/04\/26\/laerm-am-arbeitsplatz\/#breadcrumb","itemListElement":[{"@type":"ListItem","position":1,"name":"Startseite","item":"https:\/\/it-service.network\/blog\/"},{"@type":"ListItem","position":2,"name":"L\u00e4rm am Arbeitsplatz ## Diese Erfindung macht das Gro\u00dfraumb\u00fcro ertr\u00e4glich"}]},{"@type":"WebSite","@id":"https:\/\/it-service.network\/blog\/#website","url":"https:\/\/it-service.network\/blog\/","name":"IT-SERVICE.NETWORK Blog","description":"Der IT-SERVICE.NETWORK Blog mit spannenden IT-News: \u2713 IT-Themen \u2713 IT-Trends \u2713 Business-Themen \u2713 IT-Dienstleistungen","potentialAction":[{"@type":"SearchAction","target":{"@type":"EntryPoint","urlTemplate":"https:\/\/it-service.network\/blog\/?s={search_term_string}"},"query-input":{"@type":"PropertyValueSpecification","valueRequired":true,"valueName":"search_term_string"}}],"inLanguage":"de"},{"@type":"Person","@id":"https:\/\/it-service.network\/blog\/#\/schema\/person\/9cffbe4f537d5e70bde59b560ce9aac6","name":"Lena Klaus","image":{"@type":"ImageObject","inLanguage":"de","@id":"https:\/\/it-service.network\/blog\/#\/schema\/person\/image\/","url":"https:\/\/it-service.network\/blog\/wp-content\/uploads\/2019\/04\/lena-klaus-96x96.jpg","contentUrl":"https:\/\/it-service.network\/blog\/wp-content\/uploads\/2019\/04\/lena-klaus-96x96.jpg","caption":"Lena Klaus"},"description":"Lena Klaus arbeitet seit 2018 als freie Autorin und SEO-Expertin f\u00fcr das IT-SERVICE.NETWORK. Besonders die Themen rund um den digitalen Wandel und New Work haben es ihr angetan. Dar\u00fcber hinaus ist die erfahrene Texterin immer wieder fasziniert davon, welche neue Methoden und Tricks Hackern und Cyberkriminellen einfallen. Seit 2013 kennt Lena Klaus die IT-Branche und hat sich in diesem Zusammenhang auf die Erstellung von Webtexten und Blogartikeln f\u00fcr B2C- und B2B-orientierte Content-Plattformen spezialisiert. Bis zu ihrer Elternzeit im Jahr 2017 war sie als Content Marketing- und PR-Managerin bei der SYNAXON AG, dem Mutterunternehmen des IT-SERVICE.NETWORK, fest angestellt. W\u00e4hrend dieser T\u00e4tigkeit verantwortete sie nicht nur die allgemeine Unternehmenskommunikation und Pressearbeit, sondern auch s\u00e4mtlichen Content der SYNAXON-Marke PC-SPEZIALIST. Nach ihrer Elternzeit wechselte sie hauptberuflich die Branche, blieb der SYNAXON AG und der mittlerweile fest etablierten Marke IT-SERVICE.NETWORK aber weiterhin als freie Mitarbeiterin treu. Neben ihrer Arbeit als Redakteurin f\u00fcr den IT-SERVICE.NETWORK-Blog verfasst sie auch Texte f\u00fcr das IT-SERVICE.NETWORK-Lexikon, einzelne Themenseiten, Leistungsbeschreibungen oder Profilseiten der Partner. In ihrer Freizeit bleibt der Laptop dann allerdings meist aus: Sie genie\u00dft die Zeit mit Ihrem Mann (nat\u00fcrlich auch ein ITler) und ihrer Tochter \u2013 am liebsten auf Reisen in fernen L\u00e4ndern.","sameAs":["https:\/\/it-service.network\/"],"url":"https:\/\/it-service.network\/blog\/author\/lena-klaus\/"}]}},"_links":{"self":[{"href":"https:\/\/it-service.network\/blog\/wp-json\/wp\/v2\/posts\/5672","targetHints":{"allow":["GET"]}}],"collection":[{"href":"https:\/\/it-service.network\/blog\/wp-json\/wp\/v2\/posts"}],"about":[{"href":"https:\/\/it-service.network\/blog\/wp-json\/wp\/v2\/types\/post"}],"author":[{"embeddable":true,"href":"https:\/\/it-service.network\/blog\/wp-json\/wp\/v2\/users\/14"}],"replies":[{"embeddable":true,"href":"https:\/\/it-service.network\/blog\/wp-json\/wp\/v2\/comments?post=5672"}],"version-history":[{"count":0,"href":"https:\/\/it-service.network\/blog\/wp-json\/wp\/v2\/posts\/5672\/revisions"}],"wp:featuredmedia":[{"embeddable":true,"href":"https:\/\/it-service.network\/blog\/wp-json\/wp\/v2\/media\/5678"}],"wp:attachment":[{"href":"https:\/\/it-service.network\/blog\/wp-json\/wp\/v2\/media?parent=5672"}],"wp:term":[{"taxonomy":"category","embeddable":true,"href":"https:\/\/it-service.network\/blog\/wp-json\/wp\/v2\/categories?post=5672"},{"taxonomy":"post_tag","embeddable":true,"href":"https:\/\/it-service.network\/blog\/wp-json\/wp\/v2\/tags?post=5672"}],"curies":[{"name":"wp","href":"https:\/\/api.w.org\/{rel}","templated":true}]}}