{"id":7442,"date":"2019-08-27T09:45:48","date_gmt":"2019-08-27T07:45:48","guid":{"rendered":"https:\/\/it-service.network\/blog\/?p=7442"},"modified":"2019-08-27T09:45:48","modified_gmt":"2019-08-27T07:45:48","slug":"fog-cloud","status":"publish","type":"post","link":"https:\/\/it-service.network\/blog\/2019\/08\/27\/fog-cloud\/","title":{"rendered":"Fog-Cloud ## Die Netzwerkarchitektur des \u201eInternet of Things\u201c"},"content":{"rendered":"<p><strong>Fog-Cloud spielt eine entscheidende Rolle beim Thema \u201eInternet of Things\u201c. Konkret ausgedr\u00fcckt, geht es hierbei um eine solide Netzwerkstruktur, die unter anderem Voraussetzung daf\u00fcr ist, dass IoT-Devices und Rechenzentren zusammen funktionieren.<\/strong><br \/>\nWas sich konkret hinter diesem Begriff verbirgt und welche Anwendungsf\u00e4lle es f\u00fcr die Fog-Cloud gibt, verraten wir hier.<!--more--><br \/>\n<div id=\"attachment_7454\" style=\"width: 310px\" class=\"wp-caption alignright\"><img loading=\"lazy\" decoding=\"async\" aria-describedby=\"caption-attachment-7454\" class=\"wp-image-7454 size-medium\" src=\"https:\/\/it-service.network\/blog\/wp-content\/uploads\/2019\/08\/iot-5g-300x187.jpg\" alt=\"fog cloud und edge computing mit 5G\" width=\"300\" height=\"187\" srcset=\"https:\/\/it-service.network\/blog\/wp-content\/uploads\/2019\/08\/iot-5g-300x187.jpg 300w, https:\/\/it-service.network\/blog\/wp-content\/uploads\/2019\/08\/iot-5g-768x478.jpg 768w, https:\/\/it-service.network\/blog\/wp-content\/uploads\/2019\/08\/iot-5g-1024x638.jpg 1024w, https:\/\/it-service.network\/blog\/wp-content\/uploads\/2019\/08\/iot-5g.jpg 1280w\" sizes=\"auto, (max-width: 300px) 100vw, 300px\" \/><p id=\"caption-attachment-7454\" class=\"wp-caption-text\">5G und die Fog-Cloud gehen Hand in Hand.<br \/>\u00a9 mohamed_hassan \/ Pixabay<\/p><\/div><\/p>\n<h3>Fog-Computung \u2013 Definition &amp; Erkl\u00e4rung<\/h3>\n<p>Ob smarte Ger\u00e4te f\u00fcr den Hausgebrauch, Connected Cars oder intelligente Maschinen in der Produktion: Das \u201eInternet of Things\u201c ist sowohl im privaten, als auch im gewerblichen Bereich angekommen. Und der Trend hat dabei noch l\u00e4ngst nicht seinen Zenit erreicht. Damit IoT-Devices aber genau so funktionieren, wie sie sollen, kommt es nicht nur auf eine schnelle Datenverbindung an, sondern ebenso auf eine stabile <a href=\"https:\/\/t3n.de\/news\/eigentlich-fog-computing-1185445\/\" target=\"_blank\" rel=\"noopener noreferrer\"><strong>Netzwerkarchitektur<\/strong><\/a>.<br \/>\nDiese wird im Zusammenhang mit IoT als Fog-Computing bzw. Fog-Cloud bezeichnet. Fog-Computing vereint quasi die Rechenzentren mit dem Internet of Things. Ebenfalls dabei: der neue Funkstandard <a href=\"https:\/\/it-service.network\/it-lexikon\/5g\" target=\"_blank\" rel=\"noopener noreferrer\"><strong>5G<\/strong><\/a>. Er stellt sicher, dass die Daten\u00fcbertragung reibungslos und schnell vonstatten geht. Auch dann, wenn immer mehr Ger\u00e4te pro Funkzelle hinzukommen. Nach der \u00dcbertragung geht es dann an die Verarbeitung \u2013 und hier kommen Fog- und Edge-Computing ins Spiel.<\/p>\n<h3>Fog-Cloud im Detail erkl\u00e4rt<\/h3>\n<p>Die spezielle Netzwerkarchitektur erstreckt sich von den Rand-Punkten (sogenannte \u201e<strong>Edges<\/strong>\u201c), an denen Daten generiert werden, bis zu denen, an denen die Informationen gespeichert werden \u2013 also Rechenzentren oder Clouds. Die Hauptaufgabe des Netzwerks ist es, dass alle Daten eines IoT-Ger\u00e4ts ihren Weg in das korrekte Rechenzentrum beziehungsweise die Cloud finden. Dort k\u00f6nnen sie weiterverarbeitet und gespeichert werden. Fog-Computing dient damit quasi als verteilendes Bindeglied zwischen dem Transport der Daten und ihrer Erzeugung und kann bei folgenden IoT-Themen eingesetzt werden:<\/p>\n<ul>\n<li>Mobilit\u00e4t (vernetzte Autos)<\/li>\n<li>St\u00e4dte<\/li>\n<li>Versorgungssysteme<\/li>\n<li>Verkehrswesen (zum Beispiel Optimierung dezentraler Ampelschaltungen)<\/li>\n<li>Industrie \/ Produktionsgewerbe (zum Beispiel bei Maschinenausf\u00e4llen)<\/li>\n<li>Finanzwesen (schnelle und sicherere Transaktionen)<\/li>\n<\/ul>\n<div id=\"attachment_7445\" style=\"width: 310px\" class=\"wp-caption alignright\"><img loading=\"lazy\" decoding=\"async\" aria-describedby=\"caption-attachment-7445\" class=\"size-medium wp-image-7445\" src=\"https:\/\/it-service.network\/blog\/wp-content\/uploads\/2019\/08\/fog-computing-300x150.jpg\" alt=\"fog-computing\" width=\"300\" height=\"150\" srcset=\"https:\/\/it-service.network\/blog\/wp-content\/uploads\/2019\/08\/fog-computing-300x150.jpg 300w, https:\/\/it-service.network\/blog\/wp-content\/uploads\/2019\/08\/fog-computing-768x384.jpg 768w, https:\/\/it-service.network\/blog\/wp-content\/uploads\/2019\/08\/fog-computing-1024x512.jpg 1024w, https:\/\/it-service.network\/blog\/wp-content\/uploads\/2019\/08\/fog-computing.jpg 1280w\" sizes=\"auto, (max-width: 300px) 100vw, 300px\" \/><p id=\"caption-attachment-7445\" class=\"wp-caption-text\">Die Fog-Cloud spielt beim Thema IoT eine gro\u00dfe Rolle.<br \/>\u00a9 TheDigitalArtist \/ Pixabay<\/p><\/div>\n<h4>Fog- und Edge-Computing am Beispiel des Connected Car<\/h4>\n<p>Dar\u00fcber hinaus vermag die Netzwerkarchitektur aber noch mehr. Beispielsweise kontrolliert es, wo welche Daten zu welchem Zeitpunkt am besten berechnet werden. Nehmen wir als Beispiel <a href=\"https:\/\/www.funkschau.de\/mobile-solutions\/artikel\/152612\/\" target=\"_blank\" rel=\"noopener noreferrer\">das vernetzte Auto<\/a>. Innerhalb von Bruchteilen m\u00fcssen die Systeme im Auto die Verkehrssituation erfassen und entsprechend reagieren, in dem sie beispielsweise den Befehl zum Ausweichen oder Bremsen geben.<br \/>\nIst der Fahrer eines solchen Connected Cars allerdings in Gegenden unterwegs, in denen es schlecht um die Netzabdeckung bestellt ist, kann das zu massiven Problemen beziehungsweise hochgef\u00e4hrlichen Situationen f\u00fchren.\u00a0In einem solchen Fall kann das Auto nicht auf die Antwort aus dem Rechenzentrum warten, nachdem die Daten bez\u00fcglich der aktuellen Verkehrssituation \u00fcbertragen wurden.<br \/>\nFog-Cloud Frameworks bieten hier einen entscheidenden Vorteil. Sie legen fest, welche Netzgeschwindigkeit ausreichend ist, ab wann eine Verbindung mit geringer Latenz erstellt werden sollte oder ob die Berechnung auf dem Endpunkt erfolgt (<strong><a href=\"https:\/\/it-service.network\/blog\/2019\/10\/01\/edge-computing\/\">Edge-Computing<\/a><\/strong>) anstatt im Rechenzentrum. In letzterem Fall \u201earbeiten\u201c Fog- und Edge-Computing Hand in Hand und das kann \u2013 wie in unserem Beispiel \u2013 sogar Leben retten.<\/p>\n<h3>Standard f\u00fcr die IoT-Zukunft<\/h3>\n<p>Um aus der Netzwerkarchitektur einen Standard zu kreieren, der gleichzeitig Basis f\u00fcr die Zukunft des IoT ist, haben sie sich die gr\u00f6\u00dften ihrer Zunft zusammengeschlossen. Dell, AR Holdings, Intel, Microsoft, Cisco und die Princeton Universit\u00e4t gr\u00fcndeten in diesem Zusammenhang bereits vor vier Jahren das <a href=\"https:\/\/www.iiconsortium.org\/index.htm\" target=\"_blank\" rel=\"noopener noreferrer\"><strong>Openfog Consortium<\/strong><\/a>.<br \/>\nHeute z\u00e4hlt die Vereinigung knapp 60 Mitglieder aus Wissenschaft, Wirtschaft und Beh\u00f6rden, die in einem Whitepaper eine detaillierte Referenzarchitektur abgebildet haben. Selbige gilt seit 2018 als offizieller Standard und besteht aus den folgenden S\u00e4ulen:<\/p>\n<ol>\n<li>Hierarchie<\/li>\n<li>Agilit\u00e4t<\/li>\n<li>Verf\u00fcgbarkeit, Benutzerfreundlichkeit, Verl\u00e4sslichkeit<\/li>\n<li>Sicherheit<\/li>\n<li>Autonomie<\/li>\n<li>Skalierbarkeit<\/li>\n<li>Offenheit<\/li>\n<li>Programmierbarkeit<\/li>\n<\/ol>\n<p>Fakt ist: Fog- und Edge-Computing scheinen noch weit weg, sind es aber eigentlich nicht. Je mehr die Themen KI und IoT Einzug halten, desto wichtiger werden die Netzwerkarchitekturen und Funkstandards im Hintergrund. Und egal, in welcher Branche Ihr Unternehmen Zuhause ist: Fr\u00fcher oder sp\u00e4ter m\u00fcssen auch Sie sich mit <a href=\"https:\/\/it-service.network\/blog\/2017\/07\/05\/fog-computing-edge-computing\/\" target=\"_blank\" rel=\"noopener noreferrer\">Fog-Computing<\/a> und Co. auseinandersetzen. Und jetzt wissen Sie, worum es dann geht.<\/p>\n","protected":false},"excerpt":{"rendered":"<p>Fog-Cloud spielt eine entscheidende Rolle beim Thema \u201eInternet of Things\u201c. Konkret ausgedr\u00fcckt, geht es hierbei um eine solide Netzwerkstruktur, die unter anderem Voraussetzung daf\u00fcr ist, dass IoT-Devices und Rechenzentren zusammen funktionieren. Was sich konkret hinter diesem Begriff verbirgt und welche Anwendungsf\u00e4lle es f\u00fcr die Fog-Cloud gibt, verraten wir hier.<\/p>\n","protected":false},"author":14,"featured_media":7445,"comment_status":"open","ping_status":"open","sticky":false,"template":"","format":"standard","meta":{"footnotes":""},"categories":[594],"tags":[788,611,193,448],"class_list":["post-7442","post","type-post","status-publish","format-standard","has-post-thumbnail","hentry","category-digitalisierung","tag-5g","tag-cloud-related-service","tag-fog-computing","tag-internet-of-things"],"yoast_head":"<!-- This site is optimized with the Yoast SEO plugin v26.5 - https:\/\/yoast.com\/wordpress\/plugins\/seo\/ -->\n<title>Fog-Cloud \u2013 die Netzwerkarchitektur des \u201eInternet of Things\u201c<\/title>\n<meta name=\"description\" content=\"Was ist eine Fog-Cloud und welche Rolle spielt sie im Zusammenhang mit dem \u201eInternet of Things\u201c? Wir geben Antworten und pr\u00e4sentieren Anwendungsf\u00e4lle.\" \/>\n<meta name=\"robots\" content=\"index, follow, max-snippet:-1, max-image-preview:large, max-video-preview:-1\" \/>\n<link rel=\"canonical\" href=\"https:\/\/it-service.network\/blog\/2019\/08\/27\/fog-cloud\/\" \/>\n<meta property=\"og:locale\" content=\"de_DE\" \/>\n<meta property=\"og:type\" content=\"article\" \/>\n<meta property=\"og:title\" content=\"Fog-Cloud \u2013 die Netzwerkarchitektur des \u201eInternet of Things\u201c\" \/>\n<meta property=\"og:description\" content=\"Was ist eine Fog-Cloud und welche Rolle spielt sie im Zusammenhang mit dem \u201eInternet of Things\u201c? Wir geben Antworten und pr\u00e4sentieren Anwendungsf\u00e4lle.\" \/>\n<meta property=\"og:url\" content=\"https:\/\/it-service.network\/blog\/2019\/08\/27\/fog-cloud\/\" \/>\n<meta property=\"og:site_name\" content=\"IT-SERVICE.NETWORK Blog\" \/>\n<meta property=\"article:publisher\" content=\"https:\/\/www.facebook.com\/itservicenetwork\/\" \/>\n<meta property=\"article:published_time\" content=\"2019-08-27T07:45:48+00:00\" \/>\n<meta property=\"og:image\" content=\"https:\/\/it-service.network\/blog\/wp-content\/uploads\/2019\/08\/fog-computing.jpg\" \/>\n\t<meta property=\"og:image:width\" content=\"1280\" \/>\n\t<meta property=\"og:image:height\" content=\"640\" \/>\n\t<meta property=\"og:image:type\" content=\"image\/jpeg\" \/>\n<meta name=\"author\" content=\"Lena Klaus\" \/>\n<meta name=\"twitter:card\" content=\"summary_large_image\" \/>\n<meta name=\"twitter:creator\" content=\"@ITSERVICNETWORK\" \/>\n<meta name=\"twitter:site\" content=\"@ITSERVICNETWORK\" \/>\n<meta name=\"twitter:label1\" content=\"Verfasst von\" \/>\n\t<meta name=\"twitter:data1\" content=\"Lena Klaus\" \/>\n\t<meta name=\"twitter:label2\" content=\"Gesch\u00e4tzte Lesezeit\" \/>\n\t<meta name=\"twitter:data2\" content=\"3\u00a0Minuten\" \/>\n<script type=\"application\/ld+json\" class=\"yoast-schema-graph\">{\"@context\":\"https:\/\/schema.org\",\"@graph\":[{\"@type\":\"WebPage\",\"@id\":\"https:\/\/it-service.network\/blog\/2019\/08\/27\/fog-cloud\/\",\"url\":\"https:\/\/it-service.network\/blog\/2019\/08\/27\/fog-cloud\/\",\"name\":\"Fog-Cloud \u2013 die Netzwerkarchitektur des \u201eInternet of Things\u201c\",\"isPartOf\":{\"@id\":\"https:\/\/it-service.network\/blog\/#website\"},\"primaryImageOfPage\":{\"@id\":\"https:\/\/it-service.network\/blog\/2019\/08\/27\/fog-cloud\/#primaryimage\"},\"image\":{\"@id\":\"https:\/\/it-service.network\/blog\/2019\/08\/27\/fog-cloud\/#primaryimage\"},\"thumbnailUrl\":\"https:\/\/it-service.network\/blog\/wp-content\/uploads\/2019\/08\/fog-computing.jpg\",\"datePublished\":\"2019-08-27T07:45:48+00:00\",\"author\":{\"@id\":\"https:\/\/it-service.network\/blog\/#\/schema\/person\/9cffbe4f537d5e70bde59b560ce9aac6\"},\"description\":\"Was ist eine Fog-Cloud und welche Rolle spielt sie im Zusammenhang mit dem \u201eInternet of Things\u201c? Wir geben Antworten und pr\u00e4sentieren Anwendungsf\u00e4lle.\",\"breadcrumb\":{\"@id\":\"https:\/\/it-service.network\/blog\/2019\/08\/27\/fog-cloud\/#breadcrumb\"},\"inLanguage\":\"de\",\"potentialAction\":[{\"@type\":\"ReadAction\",\"target\":[\"https:\/\/it-service.network\/blog\/2019\/08\/27\/fog-cloud\/\"]}]},{\"@type\":\"ImageObject\",\"inLanguage\":\"de\",\"@id\":\"https:\/\/it-service.network\/blog\/2019\/08\/27\/fog-cloud\/#primaryimage\",\"url\":\"https:\/\/it-service.network\/blog\/wp-content\/uploads\/2019\/08\/fog-computing.jpg\",\"contentUrl\":\"https:\/\/it-service.network\/blog\/wp-content\/uploads\/2019\/08\/fog-computing.jpg\",\"width\":1280,\"height\":640,\"caption\":\"Fog-Computing spielt beim Thema IoT eine gro\u00dfe Rolle. \u00a9 TheDigitalArtist \/ Pixabay\"},{\"@type\":\"BreadcrumbList\",\"@id\":\"https:\/\/it-service.network\/blog\/2019\/08\/27\/fog-cloud\/#breadcrumb\",\"itemListElement\":[{\"@type\":\"ListItem\",\"position\":1,\"name\":\"Startseite\",\"item\":\"https:\/\/it-service.network\/blog\/\"},{\"@type\":\"ListItem\",\"position\":2,\"name\":\"Fog-Cloud ## Die Netzwerkarchitektur des \u201eInternet of Things\u201c\"}]},{\"@type\":\"WebSite\",\"@id\":\"https:\/\/it-service.network\/blog\/#website\",\"url\":\"https:\/\/it-service.network\/blog\/\",\"name\":\"IT-SERVICE.NETWORK Blog\",\"description\":\"Der IT-SERVICE.NETWORK Blog mit spannenden IT-News: \u2713 IT-Themen \u2713 IT-Trends \u2713 Business-Themen \u2713 IT-Dienstleistungen\",\"potentialAction\":[{\"@type\":\"SearchAction\",\"target\":{\"@type\":\"EntryPoint\",\"urlTemplate\":\"https:\/\/it-service.network\/blog\/?s={search_term_string}\"},\"query-input\":{\"@type\":\"PropertyValueSpecification\",\"valueRequired\":true,\"valueName\":\"search_term_string\"}}],\"inLanguage\":\"de\"},{\"@type\":\"Person\",\"@id\":\"https:\/\/it-service.network\/blog\/#\/schema\/person\/9cffbe4f537d5e70bde59b560ce9aac6\",\"name\":\"Lena Klaus\",\"image\":{\"@type\":\"ImageObject\",\"inLanguage\":\"de\",\"@id\":\"https:\/\/it-service.network\/blog\/#\/schema\/person\/image\/\",\"url\":\"https:\/\/it-service.network\/blog\/wp-content\/uploads\/2019\/04\/lena-klaus-96x96.jpg\",\"contentUrl\":\"https:\/\/it-service.network\/blog\/wp-content\/uploads\/2019\/04\/lena-klaus-96x96.jpg\",\"caption\":\"Lena Klaus\"},\"description\":\"Lena Klaus arbeitet seit 2018 als freie Autorin und SEO-Expertin f\u00fcr das IT-SERVICE.NETWORK. Besonders die Themen rund um den digitalen Wandel und New Work haben es ihr angetan. Dar\u00fcber hinaus ist die erfahrene Texterin immer wieder fasziniert davon, welche neue Methoden und Tricks Hackern und Cyberkriminellen einfallen. Seit 2013 kennt Lena Klaus die IT-Branche und hat sich in diesem Zusammenhang auf die Erstellung von Webtexten und Blogartikeln f\u00fcr B2C- und B2B-orientierte Content-Plattformen spezialisiert. Bis zu ihrer Elternzeit im Jahr 2017 war sie als Content Marketing- und PR-Managerin bei der SYNAXON AG, dem Mutterunternehmen des IT-SERVICE.NETWORK, fest angestellt. W\u00e4hrend dieser T\u00e4tigkeit verantwortete sie nicht nur die allgemeine Unternehmenskommunikation und Pressearbeit, sondern auch s\u00e4mtlichen Content der SYNAXON-Marke PC-SPEZIALIST. Nach ihrer Elternzeit wechselte sie hauptberuflich die Branche, blieb der SYNAXON AG und der mittlerweile fest etablierten Marke IT-SERVICE.NETWORK aber weiterhin als freie Mitarbeiterin treu. Neben ihrer Arbeit als Redakteurin f\u00fcr den IT-SERVICE.NETWORK-Blog verfasst sie auch Texte f\u00fcr das IT-SERVICE.NETWORK-Lexikon, einzelne Themenseiten, Leistungsbeschreibungen oder Profilseiten der Partner. In ihrer Freizeit bleibt der Laptop dann allerdings meist aus: Sie genie\u00dft die Zeit mit Ihrem Mann (nat\u00fcrlich auch ein ITler) und ihrer Tochter \u2013 am liebsten auf Reisen in fernen L\u00e4ndern.\",\"sameAs\":[\"https:\/\/it-service.network\/\"],\"url\":\"https:\/\/it-service.network\/blog\/author\/lena-klaus\/\"}]}<\/script>\n<!-- \/ Yoast SEO plugin. -->","yoast_head_json":{"title":"Fog-Cloud \u2013 die Netzwerkarchitektur des \u201eInternet of Things\u201c","description":"Was ist eine Fog-Cloud und welche Rolle spielt sie im Zusammenhang mit dem \u201eInternet of Things\u201c? Wir geben Antworten und pr\u00e4sentieren Anwendungsf\u00e4lle.","robots":{"index":"index","follow":"follow","max-snippet":"max-snippet:-1","max-image-preview":"max-image-preview:large","max-video-preview":"max-video-preview:-1"},"canonical":"https:\/\/it-service.network\/blog\/2019\/08\/27\/fog-cloud\/","og_locale":"de_DE","og_type":"article","og_title":"Fog-Cloud \u2013 die Netzwerkarchitektur des \u201eInternet of Things\u201c","og_description":"Was ist eine Fog-Cloud und welche Rolle spielt sie im Zusammenhang mit dem \u201eInternet of Things\u201c? Wir geben Antworten und pr\u00e4sentieren Anwendungsf\u00e4lle.","og_url":"https:\/\/it-service.network\/blog\/2019\/08\/27\/fog-cloud\/","og_site_name":"IT-SERVICE.NETWORK Blog","article_publisher":"https:\/\/www.facebook.com\/itservicenetwork\/","article_published_time":"2019-08-27T07:45:48+00:00","og_image":[{"width":1280,"height":640,"url":"https:\/\/it-service.network\/blog\/wp-content\/uploads\/2019\/08\/fog-computing.jpg","type":"image\/jpeg"}],"author":"Lena Klaus","twitter_card":"summary_large_image","twitter_creator":"@ITSERVICNETWORK","twitter_site":"@ITSERVICNETWORK","twitter_misc":{"Verfasst von":"Lena Klaus","Gesch\u00e4tzte Lesezeit":"3\u00a0Minuten"},"schema":{"@context":"https:\/\/schema.org","@graph":[{"@type":"WebPage","@id":"https:\/\/it-service.network\/blog\/2019\/08\/27\/fog-cloud\/","url":"https:\/\/it-service.network\/blog\/2019\/08\/27\/fog-cloud\/","name":"Fog-Cloud \u2013 die Netzwerkarchitektur des \u201eInternet of Things\u201c","isPartOf":{"@id":"https:\/\/it-service.network\/blog\/#website"},"primaryImageOfPage":{"@id":"https:\/\/it-service.network\/blog\/2019\/08\/27\/fog-cloud\/#primaryimage"},"image":{"@id":"https:\/\/it-service.network\/blog\/2019\/08\/27\/fog-cloud\/#primaryimage"},"thumbnailUrl":"https:\/\/it-service.network\/blog\/wp-content\/uploads\/2019\/08\/fog-computing.jpg","datePublished":"2019-08-27T07:45:48+00:00","author":{"@id":"https:\/\/it-service.network\/blog\/#\/schema\/person\/9cffbe4f537d5e70bde59b560ce9aac6"},"description":"Was ist eine Fog-Cloud und welche Rolle spielt sie im Zusammenhang mit dem \u201eInternet of Things\u201c? Wir geben Antworten und pr\u00e4sentieren Anwendungsf\u00e4lle.","breadcrumb":{"@id":"https:\/\/it-service.network\/blog\/2019\/08\/27\/fog-cloud\/#breadcrumb"},"inLanguage":"de","potentialAction":[{"@type":"ReadAction","target":["https:\/\/it-service.network\/blog\/2019\/08\/27\/fog-cloud\/"]}]},{"@type":"ImageObject","inLanguage":"de","@id":"https:\/\/it-service.network\/blog\/2019\/08\/27\/fog-cloud\/#primaryimage","url":"https:\/\/it-service.network\/blog\/wp-content\/uploads\/2019\/08\/fog-computing.jpg","contentUrl":"https:\/\/it-service.network\/blog\/wp-content\/uploads\/2019\/08\/fog-computing.jpg","width":1280,"height":640,"caption":"Fog-Computing spielt beim Thema IoT eine gro\u00dfe Rolle. \u00a9 TheDigitalArtist \/ Pixabay"},{"@type":"BreadcrumbList","@id":"https:\/\/it-service.network\/blog\/2019\/08\/27\/fog-cloud\/#breadcrumb","itemListElement":[{"@type":"ListItem","position":1,"name":"Startseite","item":"https:\/\/it-service.network\/blog\/"},{"@type":"ListItem","position":2,"name":"Fog-Cloud ## Die Netzwerkarchitektur des \u201eInternet of Things\u201c"}]},{"@type":"WebSite","@id":"https:\/\/it-service.network\/blog\/#website","url":"https:\/\/it-service.network\/blog\/","name":"IT-SERVICE.NETWORK Blog","description":"Der IT-SERVICE.NETWORK Blog mit spannenden IT-News: \u2713 IT-Themen \u2713 IT-Trends \u2713 Business-Themen \u2713 IT-Dienstleistungen","potentialAction":[{"@type":"SearchAction","target":{"@type":"EntryPoint","urlTemplate":"https:\/\/it-service.network\/blog\/?s={search_term_string}"},"query-input":{"@type":"PropertyValueSpecification","valueRequired":true,"valueName":"search_term_string"}}],"inLanguage":"de"},{"@type":"Person","@id":"https:\/\/it-service.network\/blog\/#\/schema\/person\/9cffbe4f537d5e70bde59b560ce9aac6","name":"Lena Klaus","image":{"@type":"ImageObject","inLanguage":"de","@id":"https:\/\/it-service.network\/blog\/#\/schema\/person\/image\/","url":"https:\/\/it-service.network\/blog\/wp-content\/uploads\/2019\/04\/lena-klaus-96x96.jpg","contentUrl":"https:\/\/it-service.network\/blog\/wp-content\/uploads\/2019\/04\/lena-klaus-96x96.jpg","caption":"Lena Klaus"},"description":"Lena Klaus arbeitet seit 2018 als freie Autorin und SEO-Expertin f\u00fcr das IT-SERVICE.NETWORK. Besonders die Themen rund um den digitalen Wandel und New Work haben es ihr angetan. Dar\u00fcber hinaus ist die erfahrene Texterin immer wieder fasziniert davon, welche neue Methoden und Tricks Hackern und Cyberkriminellen einfallen. Seit 2013 kennt Lena Klaus die IT-Branche und hat sich in diesem Zusammenhang auf die Erstellung von Webtexten und Blogartikeln f\u00fcr B2C- und B2B-orientierte Content-Plattformen spezialisiert. Bis zu ihrer Elternzeit im Jahr 2017 war sie als Content Marketing- und PR-Managerin bei der SYNAXON AG, dem Mutterunternehmen des IT-SERVICE.NETWORK, fest angestellt. W\u00e4hrend dieser T\u00e4tigkeit verantwortete sie nicht nur die allgemeine Unternehmenskommunikation und Pressearbeit, sondern auch s\u00e4mtlichen Content der SYNAXON-Marke PC-SPEZIALIST. Nach ihrer Elternzeit wechselte sie hauptberuflich die Branche, blieb der SYNAXON AG und der mittlerweile fest etablierten Marke IT-SERVICE.NETWORK aber weiterhin als freie Mitarbeiterin treu. Neben ihrer Arbeit als Redakteurin f\u00fcr den IT-SERVICE.NETWORK-Blog verfasst sie auch Texte f\u00fcr das IT-SERVICE.NETWORK-Lexikon, einzelne Themenseiten, Leistungsbeschreibungen oder Profilseiten der Partner. In ihrer Freizeit bleibt der Laptop dann allerdings meist aus: Sie genie\u00dft die Zeit mit Ihrem Mann (nat\u00fcrlich auch ein ITler) und ihrer Tochter \u2013 am liebsten auf Reisen in fernen L\u00e4ndern.","sameAs":["https:\/\/it-service.network\/"],"url":"https:\/\/it-service.network\/blog\/author\/lena-klaus\/"}]}},"_links":{"self":[{"href":"https:\/\/it-service.network\/blog\/wp-json\/wp\/v2\/posts\/7442","targetHints":{"allow":["GET"]}}],"collection":[{"href":"https:\/\/it-service.network\/blog\/wp-json\/wp\/v2\/posts"}],"about":[{"href":"https:\/\/it-service.network\/blog\/wp-json\/wp\/v2\/types\/post"}],"author":[{"embeddable":true,"href":"https:\/\/it-service.network\/blog\/wp-json\/wp\/v2\/users\/14"}],"replies":[{"embeddable":true,"href":"https:\/\/it-service.network\/blog\/wp-json\/wp\/v2\/comments?post=7442"}],"version-history":[{"count":0,"href":"https:\/\/it-service.network\/blog\/wp-json\/wp\/v2\/posts\/7442\/revisions"}],"wp:featuredmedia":[{"embeddable":true,"href":"https:\/\/it-service.network\/blog\/wp-json\/wp\/v2\/media\/7445"}],"wp:attachment":[{"href":"https:\/\/it-service.network\/blog\/wp-json\/wp\/v2\/media?parent=7442"}],"wp:term":[{"taxonomy":"category","embeddable":true,"href":"https:\/\/it-service.network\/blog\/wp-json\/wp\/v2\/categories?post=7442"},{"taxonomy":"post_tag","embeddable":true,"href":"https:\/\/it-service.network\/blog\/wp-json\/wp\/v2\/tags?post=7442"}],"curies":[{"name":"wp","href":"https:\/\/api.w.org\/{rel}","templated":true}]}}