{"id":8522,"date":"2019-11-15T08:27:32","date_gmt":"2019-11-15T07:27:32","guid":{"rendered":"https:\/\/it-service.network\/blog\/?p=8522"},"modified":"2019-11-15T08:27:32","modified_gmt":"2019-11-15T07:27:32","slug":"intelligent-edge","status":"publish","type":"post","link":"https:\/\/it-service.network\/blog\/2019\/11\/15\/intelligent-edge\/","title":{"rendered":"Intelligent Edge ## Das Zusammenspiel von Cloud, Smart Devices &#038; KI"},"content":{"rendered":"<p><strong>Intelligent Edge ist der Schl\u00fcsselbegriff der (Computer-)Zukunft. Dessen ist sich Satya Nadella, aktueller Chef von Microsoft, mehr als sicher. Auf einer Konferenz in den USA erkl\u00e4rte der CEO jetzt, wie die Cloud im Zusammenspiel mit der Intelligent-Edge-Technologie unser Leben revolutionieren soll.<\/strong><br \/>\nWir haben die wesentlichen Kernaussagen des CEOs f\u00fcr Sie zusammengefasst und erkl\u00e4ren die Vorteile.<!--more--><br \/>\n<div id=\"attachment_8538\" style=\"width: 310px\" class=\"wp-caption alignright\"><img loading=\"lazy\" decoding=\"async\" aria-describedby=\"caption-attachment-8538\" class=\"size-medium wp-image-8538\" src=\"https:\/\/it-service.network\/blog\/wp-content\/uploads\/2019\/10\/itelligent-edge-300x207.jpg\" alt=\"itelligent edge\" width=\"300\" height=\"207\" srcset=\"https:\/\/it-service.network\/blog\/wp-content\/uploads\/2019\/10\/itelligent-edge-300x207.jpg 300w, https:\/\/it-service.network\/blog\/wp-content\/uploads\/2019\/10\/itelligent-edge-768x529.jpg 768w, https:\/\/it-service.network\/blog\/wp-content\/uploads\/2019\/10\/itelligent-edge-1024x706.jpg 1024w, https:\/\/it-service.network\/blog\/wp-content\/uploads\/2019\/10\/itelligent-edge.jpg 1280w\" sizes=\"auto, (max-width: 300px) 100vw, 300px\" \/><p id=\"caption-attachment-8538\" class=\"wp-caption-text\">Einer vollst\u00e4ndig vernetzten Welt stehen gro\u00dfe M\u00f6glichkeiten offen. Bild: Pixabay\/Tumisu<\/p><\/div><\/p>\n<h3>Intelligent Edge \u2013 Cloud meets Device<\/h3>\n<p><a href=\"https:\/\/azure.microsoft.com\/de-de\/\" target=\"_blank\" rel=\"noopener noreferrer\">Microsoft Azure<\/a>, der hauseigene Cloud-Dienst, spielt in der strategischen Entwicklung des Weltkonzerns mittlerweile die gro\u00dfe Hauptrolle. \u201eNormale\u201c Windows-Lizenzen und andere Software-Produkte, immerhin seit Jahrzehnten das Brot-und-Butter-Gesch\u00e4ft, r\u00fccken k\u00fcnftig immer mehr in den Hintergrund.\u00a0Die Erkl\u00e4rung ist dabei einfach: Sie k\u00f6nnen der ganz gro\u00dfen Vision hinter den Bem\u00fchungen nur in kleinen Teilen dienen.<br \/>\nNadella und Microsoft wollen n\u00e4mlich hoch hinaus. Sehr hoch hinaus. Auf der k\u00fcrzlich stattgefundenen Konferenz in Washington erkl\u00e4rte der CEO, mittels Intelligent Edge eine Art \u201eWelt-Computer\u201c schaffen zu wollen, der im Zusammenspiel mit <a href=\"https:\/\/it-service.network\/it-lexikon\/kuenstliche-intelligenz\" target=\"_blank\" rel=\"noopener noreferrer\">k\u00fcnstlicher Intelligenz<\/a> unsere gesamte Technik-Welt ma\u00dfgeblich ver\u00e4ndern will. Damit \u00e4ndert sich nicht nur die Konzern-Strategie, sondern auch die Perspektive f\u00fcr alle Nutzer.<\/p>\n<h3>Die Zukunft geh\u00f6rt Cloud \u2013 aber nicht nur<\/h3>\n<p>Entscheidend daf\u00fcr, neue und nahezu grenzenlose M\u00f6glichkeiten zu er\u00f6ffnen, sei das Zusammenspiel von Cloud und Ger\u00e4ten, so Nadella. W\u00e4hrend Rechner ihre Berechnungen lange Zeit ausschlie\u00dflich selbst erledigten oder von der Leistungsst\u00e4rke der Cloud abh\u00e4ngig waren, wird dieser Gegensatz nun fulminant aufgebrochen.<br \/>\nDurch die Kombination von smarten Ger\u00e4ten, die selbstst\u00e4ndig permanent eine Vielzahl von Daten sammeln, und die Cloud, die wiederum mittels KI die empfangenen Daten verarbeitet, optimiert und die Ergebnisse dieser Optimierungen wieder zur\u00fcck an die Ger\u00e4te selbst schickt, verbessert sich das System kontinuierlich selbst. Smart, smarter, Intelligent Edge, lautet also die Devise.<\/p>\n<h4>Autonomes Fahren als Beispiel f\u00fcr Intelligent Edge<\/h4>\n<p>Machen wir das Ganze anhand des autonomen Fahrens etwas anschaulicher. Die selbstfahrenden Fahrzeuge nutzen Algorithmen aus der Cloud, die es ihnen \u00fcberhaupt erst erm\u00f6glichen, selbstst\u00e4ndig auf Situationen im Stra\u00dfenverkehr zu reagieren. Was aber genau (und wann) zu tun ist, berechnet das Fahrzeug selbst und greift dabei auf <a href=\"https:\/\/it-service.network\/blog\/2019\/10\/01\/edge-computing\/\">Edge-<\/a> oder <a href=\"https:\/\/it-service.network\/blog\/2019\/08\/27\/fog-cloud\/\">Fog-Computing<\/a> zur\u00fcck. Alles andere w\u00e4re auch fatal.<br \/>\nDenn das Warten auf die Cloud kostet wichtige Zeit, die man im laufenden Verkehr meist nicht hat. Daraus entsteht wiederum ein unkalkulierbares Risiko f\u00fcr Maschine und Mensch. Da das Fahrzeug die auf Basis der eigenst\u00e4ndigen Reaktion gewonnen Erkenntnisse aber wieder an die Cloud zur\u00fcckgibt, verbessert sich der Algorithmus aber automatisch.<br \/>\nIm Prinzip bedeutet das, dass \u00fcber kurz oder lang immer weniger Berechnungen im Auto stattfinden m\u00fcssen, weil die Cloud dann doch schon vorher und rechtzeitig die richtigen Anweisungen gibt. Algorithmen, die sich durch die Verbindung zu smarten Ger\u00e4ten selbst verbessern, sind also der Schl\u00fcssel.<br \/>\n<div id=\"attachment_3898\" style=\"width: 310px\" class=\"wp-caption alignleft\"><img loading=\"lazy\" decoding=\"async\" aria-describedby=\"caption-attachment-3898\" class=\"size-medium wp-image-3898\" src=\"https:\/\/it-service.network\/blog\/wp-content\/uploads\/2018\/10\/applied-AI-k\u00fcnstliche-intelligenz-300x200.jpg\" alt=\"applied AI k\u00fcnstliche intelligenz\" width=\"300\" height=\"200\" srcset=\"https:\/\/it-service.network\/blog\/wp-content\/uploads\/2018\/10\/applied-AI-k\u00fcnstliche-intelligenz-300x200.jpg 300w, https:\/\/it-service.network\/blog\/wp-content\/uploads\/2018\/10\/applied-AI-k\u00fcnstliche-intelligenz-768x512.jpg 768w, https:\/\/it-service.network\/blog\/wp-content\/uploads\/2018\/10\/applied-AI-k\u00fcnstliche-intelligenz-1024x682.jpg 1024w, https:\/\/it-service.network\/blog\/wp-content\/uploads\/2018\/10\/applied-AI-k\u00fcnstliche-intelligenz.jpg 1280w\" sizes=\"auto, (max-width: 300px) 100vw, 300px\" \/><p id=\"caption-attachment-3898\" class=\"wp-caption-text\">KI gilt als Schl\u00fcsseltechnik des 21. Jahrhunderts. Bild: Pixabay\/geralt<\/p><\/div><\/p>\n<h3>Willkommen in der vernetzten Welt<\/h3>\n<p>Laut Microsoft CEO Nadella stehen wir aber immer noch ganz am Anfang. Er sch\u00e4tzt, dass bis zum Jahr 2030 sage und schreibe 50 Milliarden Ger\u00e4te st\u00e4ndig mit dem Internet verbunden sind. Um das richtig einzuordnen: Bislang sind trifft das erst auf eine Milliarde Windows-Ger\u00e4te zu.<br \/>\n\u201eWenn man so ein gigantisches Gewebe aus Computern hat, entsteht dadurch ein ganz neues Kapital aus Daten und KI. Es wird keine einzige Anwendung, keine einzige Erfahrung geben, die man nicht auf Basis von KI baut\u201c, so Nadella weiter. Was nach einer gro\u00dfen Microsoft-Vision klingt, ist unterm Strich aber das gleiche Ziel, das auch Konkurrenten wie Apple und Google verfolgen.<br \/>\nDer gro\u00dfe Unterschied ist aber, dass der alte Hase im Business k\u00fcnftig einen Gro\u00dfteil seiner Kapazit\u00e4ten genau diesem Ziel widmet und es zum Kerngesch\u00e4ft macht. Apple wird seine Kunden wohl auch in den n\u00e4chsten Jahren weiterhin vornehmlich mit neuen iPhones und Co. begeistern wollen, w\u00e4hrend Microsoft bereits die Politik und das Milit\u00e4r im Visier hat. \u201eWir wollen Partner der Regierungen werden. Nicht, um sie von unserer Technologie abh\u00e4ngig zu machen. Sondern um aus ihnen unabh\u00e4ngige Nutzer und Ersteller von Technologien zu machen, die mit uns zusammenarbeiten\u201c, hei\u00dft es dazu aus Redmond. Was das im Detail bedeutet und welche M\u00f6glichkeiten sich k\u00fcnftig auch f\u00fcr freie Unternehmen ergeben k\u00f6nnen \u2013 wir werden dar\u00fcber berichten. Und zwar ganz ohne Maschine.<\/p>\n","protected":false},"excerpt":{"rendered":"<p>Intelligent Edge ist der Schl\u00fcsselbegriff der (Computer-)Zukunft. Dessen ist sich Satya Nadella, aktueller Chef von Microsoft, mehr als sicher. Auf einer Konferenz in den USA erkl\u00e4rte der CEO jetzt, wie die Cloud im Zusammenspiel mit der Intelligent-Edge-Technologie unser Leben revolutionieren soll. Wir haben die wesentlichen Kernaussagen des CEOs f\u00fcr Sie zusammengefasst und erkl\u00e4ren die Vorteile.<\/p>\n","protected":false},"author":14,"featured_media":8538,"comment_status":"open","ping_status":"open","sticky":false,"template":"","format":"standard","meta":{"footnotes":""},"categories":[408],"tags":[611,14,111,402],"class_list":["post-8522","post","type-post","status-publish","format-standard","has-post-thumbnail","hentry","category-arbeitswelt-trends","tag-cloud-related-service","tag-cloud-services","tag-it-trends","tag-microsoft"],"yoast_head":"<!-- This site is optimized with the Yoast SEO plugin v26.5 - https:\/\/yoast.com\/wordpress\/plugins\/seo\/ -->\n<title>Intelligent Edge \u2013 Computer-Revolution von Microsoft<\/title>\n<meta name=\"description\" content=\"Intelligent Edge ist ein Schl\u00fcsselbegriff der Zukunft. Wir erkl\u00e4ren, wie die Cloud mit der Intelligent Edge kombiniert werden soll.\" \/>\n<meta name=\"robots\" content=\"index, follow, max-snippet:-1, max-image-preview:large, max-video-preview:-1\" \/>\n<link rel=\"canonical\" href=\"https:\/\/it-service.network\/blog\/2019\/11\/15\/intelligent-edge\/\" \/>\n<meta property=\"og:locale\" content=\"de_DE\" \/>\n<meta property=\"og:type\" content=\"article\" \/>\n<meta property=\"og:title\" content=\"Intelligent Edge \u2013 Computer-Revolution von Microsoft\" \/>\n<meta property=\"og:description\" content=\"Intelligent Edge ist ein Schl\u00fcsselbegriff der Zukunft. Wir erkl\u00e4ren, wie die Cloud mit der Intelligent Edge kombiniert werden soll.\" \/>\n<meta property=\"og:url\" content=\"https:\/\/it-service.network\/blog\/2019\/11\/15\/intelligent-edge\/\" \/>\n<meta property=\"og:site_name\" content=\"IT-SERVICE.NETWORK Blog\" \/>\n<meta property=\"article:publisher\" content=\"https:\/\/www.facebook.com\/itservicenetwork\/\" \/>\n<meta property=\"article:published_time\" content=\"2019-11-15T07:27:32+00:00\" \/>\n<meta property=\"og:image\" content=\"https:\/\/it-service.network\/blog\/wp-content\/uploads\/2019\/10\/itelligent-edge.jpg\" \/>\n\t<meta property=\"og:image:width\" content=\"1280\" \/>\n\t<meta property=\"og:image:height\" content=\"882\" \/>\n\t<meta property=\"og:image:type\" content=\"image\/jpeg\" \/>\n<meta name=\"author\" content=\"Lena Klaus\" \/>\n<meta name=\"twitter:card\" content=\"summary_large_image\" \/>\n<meta name=\"twitter:creator\" content=\"@ITSERVICNETWORK\" \/>\n<meta name=\"twitter:site\" content=\"@ITSERVICNETWORK\" \/>\n<meta name=\"twitter:label1\" content=\"Verfasst von\" \/>\n\t<meta name=\"twitter:data1\" content=\"Lena Klaus\" \/>\n\t<meta name=\"twitter:label2\" content=\"Gesch\u00e4tzte Lesezeit\" \/>\n\t<meta name=\"twitter:data2\" content=\"4\u00a0Minuten\" \/>\n<script type=\"application\/ld+json\" class=\"yoast-schema-graph\">{\"@context\":\"https:\/\/schema.org\",\"@graph\":[{\"@type\":\"WebPage\",\"@id\":\"https:\/\/it-service.network\/blog\/2019\/11\/15\/intelligent-edge\/\",\"url\":\"https:\/\/it-service.network\/blog\/2019\/11\/15\/intelligent-edge\/\",\"name\":\"Intelligent Edge \u2013 Computer-Revolution von Microsoft\",\"isPartOf\":{\"@id\":\"https:\/\/it-service.network\/blog\/#website\"},\"primaryImageOfPage\":{\"@id\":\"https:\/\/it-service.network\/blog\/2019\/11\/15\/intelligent-edge\/#primaryimage\"},\"image\":{\"@id\":\"https:\/\/it-service.network\/blog\/2019\/11\/15\/intelligent-edge\/#primaryimage\"},\"thumbnailUrl\":\"https:\/\/it-service.network\/blog\/wp-content\/uploads\/2019\/10\/itelligent-edge.jpg\",\"datePublished\":\"2019-11-15T07:27:32+00:00\",\"author\":{\"@id\":\"https:\/\/it-service.network\/blog\/#\/schema\/person\/9cffbe4f537d5e70bde59b560ce9aac6\"},\"description\":\"Intelligent Edge ist ein Schl\u00fcsselbegriff der Zukunft. Wir erkl\u00e4ren, wie die Cloud mit der Intelligent Edge kombiniert werden soll.\",\"breadcrumb\":{\"@id\":\"https:\/\/it-service.network\/blog\/2019\/11\/15\/intelligent-edge\/#breadcrumb\"},\"inLanguage\":\"de\",\"potentialAction\":[{\"@type\":\"ReadAction\",\"target\":[\"https:\/\/it-service.network\/blog\/2019\/11\/15\/intelligent-edge\/\"]}]},{\"@type\":\"ImageObject\",\"inLanguage\":\"de\",\"@id\":\"https:\/\/it-service.network\/blog\/2019\/11\/15\/intelligent-edge\/#primaryimage\",\"url\":\"https:\/\/it-service.network\/blog\/wp-content\/uploads\/2019\/10\/itelligent-edge.jpg\",\"contentUrl\":\"https:\/\/it-service.network\/blog\/wp-content\/uploads\/2019\/10\/itelligent-edge.jpg\",\"width\":1280,\"height\":882,\"caption\":\"Einer vollst\u00e4ndig vernetzten Welt stehen gro\u00dfe M\u00f6glichkeiten offen. \u00a9 Tumisu \/ Pixabay\"},{\"@type\":\"BreadcrumbList\",\"@id\":\"https:\/\/it-service.network\/blog\/2019\/11\/15\/intelligent-edge\/#breadcrumb\",\"itemListElement\":[{\"@type\":\"ListItem\",\"position\":1,\"name\":\"Startseite\",\"item\":\"https:\/\/it-service.network\/blog\/\"},{\"@type\":\"ListItem\",\"position\":2,\"name\":\"Intelligent Edge ## Das Zusammenspiel von Cloud, Smart Devices &#038; KI\"}]},{\"@type\":\"WebSite\",\"@id\":\"https:\/\/it-service.network\/blog\/#website\",\"url\":\"https:\/\/it-service.network\/blog\/\",\"name\":\"IT-SERVICE.NETWORK Blog\",\"description\":\"Der IT-SERVICE.NETWORK Blog mit spannenden IT-News: \u2713 IT-Themen \u2713 IT-Trends \u2713 Business-Themen \u2713 IT-Dienstleistungen\",\"potentialAction\":[{\"@type\":\"SearchAction\",\"target\":{\"@type\":\"EntryPoint\",\"urlTemplate\":\"https:\/\/it-service.network\/blog\/?s={search_term_string}\"},\"query-input\":{\"@type\":\"PropertyValueSpecification\",\"valueRequired\":true,\"valueName\":\"search_term_string\"}}],\"inLanguage\":\"de\"},{\"@type\":\"Person\",\"@id\":\"https:\/\/it-service.network\/blog\/#\/schema\/person\/9cffbe4f537d5e70bde59b560ce9aac6\",\"name\":\"Lena Klaus\",\"image\":{\"@type\":\"ImageObject\",\"inLanguage\":\"de\",\"@id\":\"https:\/\/it-service.network\/blog\/#\/schema\/person\/image\/\",\"url\":\"https:\/\/it-service.network\/blog\/wp-content\/uploads\/2019\/04\/lena-klaus-96x96.jpg\",\"contentUrl\":\"https:\/\/it-service.network\/blog\/wp-content\/uploads\/2019\/04\/lena-klaus-96x96.jpg\",\"caption\":\"Lena Klaus\"},\"description\":\"Lena Klaus arbeitet seit 2018 als freie Autorin und SEO-Expertin f\u00fcr das IT-SERVICE.NETWORK. Besonders die Themen rund um den digitalen Wandel und New Work haben es ihr angetan. Dar\u00fcber hinaus ist die erfahrene Texterin immer wieder fasziniert davon, welche neue Methoden und Tricks Hackern und Cyberkriminellen einfallen. Seit 2013 kennt Lena Klaus die IT-Branche und hat sich in diesem Zusammenhang auf die Erstellung von Webtexten und Blogartikeln f\u00fcr B2C- und B2B-orientierte Content-Plattformen spezialisiert. Bis zu ihrer Elternzeit im Jahr 2017 war sie als Content Marketing- und PR-Managerin bei der SYNAXON AG, dem Mutterunternehmen des IT-SERVICE.NETWORK, fest angestellt. W\u00e4hrend dieser T\u00e4tigkeit verantwortete sie nicht nur die allgemeine Unternehmenskommunikation und Pressearbeit, sondern auch s\u00e4mtlichen Content der SYNAXON-Marke PC-SPEZIALIST. Nach ihrer Elternzeit wechselte sie hauptberuflich die Branche, blieb der SYNAXON AG und der mittlerweile fest etablierten Marke IT-SERVICE.NETWORK aber weiterhin als freie Mitarbeiterin treu. Neben ihrer Arbeit als Redakteurin f\u00fcr den IT-SERVICE.NETWORK-Blog verfasst sie auch Texte f\u00fcr das IT-SERVICE.NETWORK-Lexikon, einzelne Themenseiten, Leistungsbeschreibungen oder Profilseiten der Partner. In ihrer Freizeit bleibt der Laptop dann allerdings meist aus: Sie genie\u00dft die Zeit mit Ihrem Mann (nat\u00fcrlich auch ein ITler) und ihrer Tochter \u2013 am liebsten auf Reisen in fernen L\u00e4ndern.\",\"sameAs\":[\"https:\/\/it-service.network\/\"],\"url\":\"https:\/\/it-service.network\/blog\/author\/lena-klaus\/\"}]}<\/script>\n<!-- \/ Yoast SEO plugin. -->","yoast_head_json":{"title":"Intelligent Edge \u2013 Computer-Revolution von Microsoft","description":"Intelligent Edge ist ein Schl\u00fcsselbegriff der Zukunft. Wir erkl\u00e4ren, wie die Cloud mit der Intelligent Edge kombiniert werden soll.","robots":{"index":"index","follow":"follow","max-snippet":"max-snippet:-1","max-image-preview":"max-image-preview:large","max-video-preview":"max-video-preview:-1"},"canonical":"https:\/\/it-service.network\/blog\/2019\/11\/15\/intelligent-edge\/","og_locale":"de_DE","og_type":"article","og_title":"Intelligent Edge \u2013 Computer-Revolution von Microsoft","og_description":"Intelligent Edge ist ein Schl\u00fcsselbegriff der Zukunft. Wir erkl\u00e4ren, wie die Cloud mit der Intelligent Edge kombiniert werden soll.","og_url":"https:\/\/it-service.network\/blog\/2019\/11\/15\/intelligent-edge\/","og_site_name":"IT-SERVICE.NETWORK Blog","article_publisher":"https:\/\/www.facebook.com\/itservicenetwork\/","article_published_time":"2019-11-15T07:27:32+00:00","og_image":[{"width":1280,"height":882,"url":"https:\/\/it-service.network\/blog\/wp-content\/uploads\/2019\/10\/itelligent-edge.jpg","type":"image\/jpeg"}],"author":"Lena Klaus","twitter_card":"summary_large_image","twitter_creator":"@ITSERVICNETWORK","twitter_site":"@ITSERVICNETWORK","twitter_misc":{"Verfasst von":"Lena Klaus","Gesch\u00e4tzte Lesezeit":"4\u00a0Minuten"},"schema":{"@context":"https:\/\/schema.org","@graph":[{"@type":"WebPage","@id":"https:\/\/it-service.network\/blog\/2019\/11\/15\/intelligent-edge\/","url":"https:\/\/it-service.network\/blog\/2019\/11\/15\/intelligent-edge\/","name":"Intelligent Edge \u2013 Computer-Revolution von Microsoft","isPartOf":{"@id":"https:\/\/it-service.network\/blog\/#website"},"primaryImageOfPage":{"@id":"https:\/\/it-service.network\/blog\/2019\/11\/15\/intelligent-edge\/#primaryimage"},"image":{"@id":"https:\/\/it-service.network\/blog\/2019\/11\/15\/intelligent-edge\/#primaryimage"},"thumbnailUrl":"https:\/\/it-service.network\/blog\/wp-content\/uploads\/2019\/10\/itelligent-edge.jpg","datePublished":"2019-11-15T07:27:32+00:00","author":{"@id":"https:\/\/it-service.network\/blog\/#\/schema\/person\/9cffbe4f537d5e70bde59b560ce9aac6"},"description":"Intelligent Edge ist ein Schl\u00fcsselbegriff der Zukunft. Wir erkl\u00e4ren, wie die Cloud mit der Intelligent Edge kombiniert werden soll.","breadcrumb":{"@id":"https:\/\/it-service.network\/blog\/2019\/11\/15\/intelligent-edge\/#breadcrumb"},"inLanguage":"de","potentialAction":[{"@type":"ReadAction","target":["https:\/\/it-service.network\/blog\/2019\/11\/15\/intelligent-edge\/"]}]},{"@type":"ImageObject","inLanguage":"de","@id":"https:\/\/it-service.network\/blog\/2019\/11\/15\/intelligent-edge\/#primaryimage","url":"https:\/\/it-service.network\/blog\/wp-content\/uploads\/2019\/10\/itelligent-edge.jpg","contentUrl":"https:\/\/it-service.network\/blog\/wp-content\/uploads\/2019\/10\/itelligent-edge.jpg","width":1280,"height":882,"caption":"Einer vollst\u00e4ndig vernetzten Welt stehen gro\u00dfe M\u00f6glichkeiten offen. \u00a9 Tumisu \/ Pixabay"},{"@type":"BreadcrumbList","@id":"https:\/\/it-service.network\/blog\/2019\/11\/15\/intelligent-edge\/#breadcrumb","itemListElement":[{"@type":"ListItem","position":1,"name":"Startseite","item":"https:\/\/it-service.network\/blog\/"},{"@type":"ListItem","position":2,"name":"Intelligent Edge ## Das Zusammenspiel von Cloud, Smart Devices &#038; KI"}]},{"@type":"WebSite","@id":"https:\/\/it-service.network\/blog\/#website","url":"https:\/\/it-service.network\/blog\/","name":"IT-SERVICE.NETWORK Blog","description":"Der IT-SERVICE.NETWORK Blog mit spannenden IT-News: \u2713 IT-Themen \u2713 IT-Trends \u2713 Business-Themen \u2713 IT-Dienstleistungen","potentialAction":[{"@type":"SearchAction","target":{"@type":"EntryPoint","urlTemplate":"https:\/\/it-service.network\/blog\/?s={search_term_string}"},"query-input":{"@type":"PropertyValueSpecification","valueRequired":true,"valueName":"search_term_string"}}],"inLanguage":"de"},{"@type":"Person","@id":"https:\/\/it-service.network\/blog\/#\/schema\/person\/9cffbe4f537d5e70bde59b560ce9aac6","name":"Lena Klaus","image":{"@type":"ImageObject","inLanguage":"de","@id":"https:\/\/it-service.network\/blog\/#\/schema\/person\/image\/","url":"https:\/\/it-service.network\/blog\/wp-content\/uploads\/2019\/04\/lena-klaus-96x96.jpg","contentUrl":"https:\/\/it-service.network\/blog\/wp-content\/uploads\/2019\/04\/lena-klaus-96x96.jpg","caption":"Lena Klaus"},"description":"Lena Klaus arbeitet seit 2018 als freie Autorin und SEO-Expertin f\u00fcr das IT-SERVICE.NETWORK. Besonders die Themen rund um den digitalen Wandel und New Work haben es ihr angetan. Dar\u00fcber hinaus ist die erfahrene Texterin immer wieder fasziniert davon, welche neue Methoden und Tricks Hackern und Cyberkriminellen einfallen. Seit 2013 kennt Lena Klaus die IT-Branche und hat sich in diesem Zusammenhang auf die Erstellung von Webtexten und Blogartikeln f\u00fcr B2C- und B2B-orientierte Content-Plattformen spezialisiert. Bis zu ihrer Elternzeit im Jahr 2017 war sie als Content Marketing- und PR-Managerin bei der SYNAXON AG, dem Mutterunternehmen des IT-SERVICE.NETWORK, fest angestellt. W\u00e4hrend dieser T\u00e4tigkeit verantwortete sie nicht nur die allgemeine Unternehmenskommunikation und Pressearbeit, sondern auch s\u00e4mtlichen Content der SYNAXON-Marke PC-SPEZIALIST. Nach ihrer Elternzeit wechselte sie hauptberuflich die Branche, blieb der SYNAXON AG und der mittlerweile fest etablierten Marke IT-SERVICE.NETWORK aber weiterhin als freie Mitarbeiterin treu. Neben ihrer Arbeit als Redakteurin f\u00fcr den IT-SERVICE.NETWORK-Blog verfasst sie auch Texte f\u00fcr das IT-SERVICE.NETWORK-Lexikon, einzelne Themenseiten, Leistungsbeschreibungen oder Profilseiten der Partner. In ihrer Freizeit bleibt der Laptop dann allerdings meist aus: Sie genie\u00dft die Zeit mit Ihrem Mann (nat\u00fcrlich auch ein ITler) und ihrer Tochter \u2013 am liebsten auf Reisen in fernen L\u00e4ndern.","sameAs":["https:\/\/it-service.network\/"],"url":"https:\/\/it-service.network\/blog\/author\/lena-klaus\/"}]}},"_links":{"self":[{"href":"https:\/\/it-service.network\/blog\/wp-json\/wp\/v2\/posts\/8522","targetHints":{"allow":["GET"]}}],"collection":[{"href":"https:\/\/it-service.network\/blog\/wp-json\/wp\/v2\/posts"}],"about":[{"href":"https:\/\/it-service.network\/blog\/wp-json\/wp\/v2\/types\/post"}],"author":[{"embeddable":true,"href":"https:\/\/it-service.network\/blog\/wp-json\/wp\/v2\/users\/14"}],"replies":[{"embeddable":true,"href":"https:\/\/it-service.network\/blog\/wp-json\/wp\/v2\/comments?post=8522"}],"version-history":[{"count":0,"href":"https:\/\/it-service.network\/blog\/wp-json\/wp\/v2\/posts\/8522\/revisions"}],"wp:featuredmedia":[{"embeddable":true,"href":"https:\/\/it-service.network\/blog\/wp-json\/wp\/v2\/media\/8538"}],"wp:attachment":[{"href":"https:\/\/it-service.network\/blog\/wp-json\/wp\/v2\/media?parent=8522"}],"wp:term":[{"taxonomy":"category","embeddable":true,"href":"https:\/\/it-service.network\/blog\/wp-json\/wp\/v2\/categories?post=8522"},{"taxonomy":"post_tag","embeddable":true,"href":"https:\/\/it-service.network\/blog\/wp-json\/wp\/v2\/tags?post=8522"}],"curies":[{"name":"wp","href":"https:\/\/api.w.org\/{rel}","templated":true}]}}