{"id":872,"date":"2017-05-29T15:31:15","date_gmt":"2017-05-29T13:31:15","guid":{"rendered":"https:\/\/it-service.network\/blog\/?p=872"},"modified":"2021-11-22T14:02:10","modified_gmt":"2021-11-22T13:02:10","slug":"datenschutzverordnung-dsgvo-gdpr","status":"publish","type":"post","link":"https:\/\/it-service.network\/blog\/2017\/05\/29\/datenschutzverordnung-dsgvo-gdpr\/","title":{"rendered":"Europ\u00e4ische Datenschutzverordnung ## Tipps zur Umsetzung"},"content":{"rendered":"<p><strong>Der Stichtag f\u00fcr das Inkrafttreten der Europ\u00e4ischen Datenschutzverordnung: 25. Mai 2018. Ein Jahr zuvor waren vier von f\u00fcnf Unternehmen in Deutschland bereits damit in Verzug, die Datenschutz-Grundverordnung (DSGVO) rechtzeitig umzusetzen. Wie gut war Ihr Unternehmen darauf vorbereitet und ist es jetzt DSGVO-konform aufgestellt?<\/strong><\/p>\n<p>Worauf Sie achten m\u00fcssen und Tipps zur optimalen Umsetzung lesen Sie hier.<br \/>\n<!--more--><\/p>\n<div id=\"attachment_897\" style=\"width: 310px\" class=\"wp-caption alignright\"><img loading=\"lazy\" decoding=\"async\" aria-describedby=\"caption-attachment-897\" class=\"size-medium wp-image-897\" src=\"https:\/\/it-service.network\/blog\/wp-content\/uploads\/2017\/05\/IT-Recht_Gesch\u00e4ftsf\u00fchrerhaftung-300x200.jpg\" alt=\"europ\u00e4ische Datenschutzverordnung\" width=\"300\" height=\"200\" srcset=\"https:\/\/it-service.network\/blog\/wp-content\/uploads\/2017\/05\/IT-Recht_Gesch\u00e4ftsf\u00fchrerhaftung-300x200.jpg 300w, https:\/\/it-service.network\/blog\/wp-content\/uploads\/2017\/05\/IT-Recht_Gesch\u00e4ftsf\u00fchrerhaftung-768x512.jpg 768w, https:\/\/it-service.network\/blog\/wp-content\/uploads\/2017\/05\/IT-Recht_Gesch\u00e4ftsf\u00fchrerhaftung.jpg 849w\" sizes=\"auto, (max-width: 300px) 100vw, 300px\" \/><p id=\"caption-attachment-897\" class=\"wp-caption-text\">DSGVO: Die europ\u00e4ische Datenschutzverordnung ist am 25. Mai 2018 in Kraft getreten.<\/p><\/div>\n<h3>Studienergebnisse zur DSGVO alarmieren<\/h3>\n<p>Derzeit\u00a0geben viele Software-, Hardwarehersteller sowie Cloudanbieter und IT-Verb\u00e4nde Studien in Auftrag, inwieweit Unternehmen auf die Umsetzung der europ\u00e4ischen<strong> Datenschutzverornung<\/strong> vorbereitet sind, so auch <a href=\"https:\/\/www.varonis.com\/learn\/gdpr-survey-2017\/\" target=\"_blank\" rel=\"noopener noreferrer\">Varonis Systems<\/a>. Der Anbieter von Softwarel\u00f6sungen zum Schutz von Daten und vor Cyberangriffen kommt zum gleichen Ergebnis wie viele andere Untersuchungen zur <strong>General Data Protection Regulation (GDPR)<\/strong>. So wird die <strong>EU-Datenschutz-Grundverordnung (DSGVO)<\/strong> auch genannt.<\/p>\n<p>Mehr als die H\u00e4lfte (58%) der 500 befragten IT-Entscheidungstr\u00e4ger sehen die Umsetzung der<strong> GDPR<\/strong> nicht als Priorit\u00e4t in ihrem Handeln \u2013 trotz angedrohter Bu\u00dfgelder von bis zu 20 Millionen Euro beziehungsweise\u00a0vier Prozent des weltweiten Umsatzes. \u201eDiese Diskrepanz zwischen Problembewusstsein auf der einen und mangelndem Engagement auf der anderen Seite ist \u00fcberaus alarmierend, da die Einf\u00fchrung einer DSGVO-konformen Datenbehandlung eine gewisse Zeit und Engagement des gesamten Unternehmens \u2013 und nicht nur der IT-Abteilung \u2013 ben\u00f6tigt\u201c, sagt Thomas Ehrlich, Country Manager DACH bei Varonis.<\/p>\n<p>Die Analysten des US-amerikanisches Marktforschungsunternehmen <a href=\"https:\/\/www.gartner.com\/newsroom\/id\/3701117\" target=\"_blank\" rel=\"noopener noreferrer\">Gartner<\/a> rechnen damit, dass noch bis Ende 2018 rund 50 Prozent der weltweit betroffenen Organisationen nicht DSGVO-konform sein werden.<\/p>\n<h3>Europ\u00e4ische Datenschutzverordnung \u2013 ein Blick aus dem Jahr 2017<\/h3>\n<p>Die europ\u00e4ische<strong> Datenschutzverordnung<\/strong> geht in einigen Passagen \u00fcber das Deutsche Bundesdatenschutzgesetz (BDSG) hinaus. So sind personenbezogene Daten seit 2018 bereits dann verletzt, wenn Sie deren Verf\u00fcgbarkeit nicht gew\u00e4hrleisten k\u00f6nnen: Die Dokumentationspflichten und Betroffenenrechte werden deutlich ausgeweitet, die Bu\u00dfgelder erh\u00f6ht.<\/p>\n<ul>\n<li><strong>Feste Frist<\/strong>: M\u00f6chte ein Kunden Zugang zu seinen Daten haben oder diese bei Ihnen l\u00f6schen lassen, m\u00fcssen Sie dieser Aufforderung in\u00a0maximal einem Monat nachkommen. \u00a0Es w\u00e4re also besser, wenn Sie genau wissen, wo sich die Ihnen anvertrauten Daten befinden und wie ihr Status ist. Ein konsequentes Daten-Management zu verfolgen, ist hierbei sicher hilfreich.<\/li>\n<li><strong>Meldepflicht<\/strong>: Bei Datenlecks m\u00fcssen Sie wesentlich schneller (sp\u00e4testens 72 Stunden nach Erkennen des Vorfalls) handeln \u2013 und diesen Vorfall melden. Bei hoch sensiblen Daten sind die Betroffenen sogar umgehend direkt zu informieren.<\/li>\n<li><strong>Weltweiter Geltungsbereich<\/strong>: Die europ\u00e4ische Datenschutzverordnung gilt zudem\u00a0weltweit \u2013 sobald es die personenbezogene Daten eines EU-B\u00fcrgers betrifft. Arbeitet Ihr Unternehmen mit Daten eines EU-B\u00fcrger\u00a0m\u00fcssen sie unabh\u00e4ngig von Ihrem Firmen-Standort sicherstellen, dass ihre Datenschutz-Ma\u00dfnahmen mit der Datenschutzgrundverordnung (<strong>DSGVO<\/strong>) konform sind.<\/li>\n<li>Die <strong>Verschl\u00fcsselung von Daten<\/strong> wird wichtiger:\u00a0Artikel 32 der <a href=\"https:\/\/dsgvo-gesetz.de\/\" target=\"_blank\" rel=\"noopener noreferrer\"><strong>DSGVO<\/strong><\/a> bezeichnet die Verschl\u00fcsselung als \u201eangemessenes Schutzniveau\u201c. \u00dcbrigens: Sind die personenbezogenen Daten durch einen wohlgemerkt hohen Verschl\u00fcsselungsgrad gesch\u00fctzt, gelten die Daten im Falle eines Datenverlusts nach <strong>europ\u00e4ischer Datenschutzverordnung<\/strong>\u00a0nicht wirklich als verloren. Der Grund: Cyberkriminelle erhalten beim Hacken nicht die Daten, sondern eine kryptische, f\u00fcr sie wertlose Datensammlung. Der Vorteil f\u00fcr Ihr Unternehmen: In diesem Fall m\u00fcssen Sie die\u00a0betroffenen Personen nicht \u00fcber den Datenvorfall informieren.<\/li>\n<li><strong>Risikobewertung<\/strong>: Vor besonders risikobehafteten Verarbeitungen von personenbezogenen Daten ist eine sogenannte Datenschutz-Folgenabsch\u00e4tzung durchzuf\u00fchren<\/li>\n<\/ul>\n<div id=\"attachment_898\" style=\"width: 310px\" class=\"wp-caption alignright\"><img loading=\"lazy\" decoding=\"async\" aria-describedby=\"caption-attachment-898\" class=\"size-medium wp-image-898\" src=\"https:\/\/it-service.network\/blog\/wp-content\/uploads\/2017\/05\/checklist-2077023_1920-300x200.jpg\" alt=\"europ\u00e4ische danteschutzverordnung\" width=\"300\" height=\"200\" srcset=\"https:\/\/it-service.network\/blog\/wp-content\/uploads\/2017\/05\/checklist-2077023_1920-300x200.jpg 300w, https:\/\/it-service.network\/blog\/wp-content\/uploads\/2017\/05\/checklist-2077023_1920-768x511.jpg 768w, https:\/\/it-service.network\/blog\/wp-content\/uploads\/2017\/05\/checklist-2077023_1920-1024x682.jpg 1024w, https:\/\/it-service.network\/blog\/wp-content\/uploads\/2017\/05\/checklist-2077023_1920.jpg 1920w\" sizes=\"auto, (max-width: 300px) 100vw, 300px\" \/><p id=\"caption-attachment-898\" class=\"wp-caption-text\">DSGVO: Haken Sie jetzt Ihre Checkliste ab, um die europ\u00e4ische Datenschutzverordnung umzusetzen.<\/p><\/div>\n<h3>Datenschutzverordnung umsetzen \u2013 Ihre Checkliste zum Start<\/h3>\n<p>Im besten Fall legen Sie sich eine Checkliste an, um die\u00a0<strong>Datenschutzverordnung<\/strong> in ihrem Unternehmen geordnet umzusetzen:<\/p>\n<ul>\n<li>Verantwortungsbereich kl\u00e4ren\u2013 wer ist zust\u00e4ndig f\u00fcr die Umsetzung der <strong>DSGVO<\/strong>?<\/li>\n<li>Gesch\u00e4ftsleitung umfassend informieren \u00fcber Forderungen und m\u00f6gliche Sanktionen bei Nicht-Umsetzung der DSGVO (zum Beispiel die 72-Stunden-Meldepflichten bei Sicherheitsvorf\u00e4llen, Bu\u00dfgelder, Imageverlust bei Datenpannen etc.)<\/li>\n<li>Budget anpassen: M\u00f6glichen Kosten eines mangelhaften Datenschutzes bewerten und abw\u00e4gen<\/li>\n<li><a href=\"https:\/\/it-service.network\/blog\/2017\/04\/25\/netzwerkplan-fuer-unternehmen\/\" target=\"_blank\" rel=\"noopener noreferrer\">IT-Struktur<\/a> ermitteln und\u00a0dokumentieren \u2013 mobile Endger\u00e4te inbegriffen<\/li>\n<li>Datenstruktur ermitteln und dokumentieren \u00a0\u2013 Verschaffen Sie sich zeitnah einen \u00dcberblick dar\u00fcber, wo sich welche Ihrer Kundendaten befinden<\/li>\n<li>L\u00f6schkonzept erarbeiten: Das Recht auf Vergessen umsetzen<\/li>\n<li>M\u00f6gliche Daten\u00fcbertragungen mittels Schnittstellen und g\u00e4ngigen maschinenlesbaren Formate vorbereiten, um das Recht auf Daten\u00fcbertragbarkeit von einem Anbieter auf einen anderen umsetzen zu k\u00f6nnen<\/li>\n<li>IT belastbar und widerstandsf\u00e4hig aufstellen gegen Systemausf\u00e4lle und Cyberangriffe, um die Sicherheit der Datenverarbeitung nach <strong>DGSVO<\/strong> zu erzielen<\/li>\n<li>Verschl\u00fcsselung der Daten verbessern<\/li>\n<li>Datenschutzma\u00dfnahmen ergreifen und deren Umsetzung dokumentieren sowie kontrollieren! Wenn es zu einer Pr\u00fcfung kommt, m\u00f6chten die Aufsichtsbeh\u00f6rden genau das sehen<\/li>\n<li>Aufsichtsbeh\u00f6rde kontaktieren! Beratung und Unterst\u00fctzung suchen. Die Aufsichtsbeh\u00f6rden kennen die Herausforderungen\u00a0der\u00a0DSGVO.<\/li>\n<li>Wirksamkeit evaluieren und interne Kontrollprozesse technischer und organisatorischer Prozesse einrichten. Die DSGVO sieht eine regelm\u00e4\u00dfige \u00dcberpr\u00fcfung und Anpassung der Ma\u00dfnahmen vor.<\/li>\n<\/ul>\n<h3>DSGVO \u2013 nach wie vor relevant<\/h3>\n<p>Bei der Ver\u00f6ffentlichung dieses Blogposts dauerte es noch ein ganzes Jahr, bis die <strong>europ\u00e4ische Datenschutzverordnung<\/strong> in Kraft getreten ist. Mittlerweile sollte Ihr Unternehmen DSGVO-konform aufgestellt sein. Doch ist die Verordnung keineswegs ein alter Hut: Durch Anpassungen und Kontrollen ist das Thema relevanter denn je.<\/p>\n<p>Setzen Sie sich mit den Voraussetzungen f\u00fcr die <strong>DSGVO<\/strong> auseinander. Ziehen Sie dazu im Zweifelsfall auch externe Expertise zurate. Das <a href=\"https:\/\/it-service.network\/\" target=\"_blank\" rel=\"noopener noreferrer\">IT-SERVICE.NETWORK<\/a> unterst\u00fctzt Sie dabei gern. Unsere <a href=\"https:\/\/it-service.network\/it-dienstleister-finden\" target=\"_blank\" rel=\"noopener noreferrer\">IT-Dienstleister<\/a> evaluieren den Stand der\u00a0<a href=\"https:\/\/it-service.network\/it-sicherheit\" target=\"_blank\" rel=\"noopener noreferrer\">IT-Sicherheit<\/a> Ihres Unternehmens und sind auch der passende Ansprechpartner, wenn Sie nachr\u00fcsten wollen.<\/p>\n<hr \/>\n<p>Lesen noch weitere interessante Tipps und Informationen zur DSGVO \u2013 <a href=\"https:\/\/it-service.network\/blog\/tag\/dsgvo\/\">nat\u00fcrlich hier bei uns im Blog<\/a>.<\/p>\n<hr \/>\n","protected":false},"excerpt":{"rendered":"<p>Der Stichtag f\u00fcr das Inkrafttreten der Europ\u00e4ischen Datenschutzverordnung: 25. Mai 2018. Ein Jahr zuvor waren vier von f\u00fcnf Unternehmen in Deutschland bereits damit in Verzug, die Datenschutz-Grundverordnung (DSGVO) rechtzeitig umzusetzen. Wie gut war Ihr Unternehmen darauf vorbereitet und ist es jetzt DSGVO-konform aufgestellt? Worauf Sie achten m\u00fcssen und Tipps zur optimalen Umsetzung lesen Sie hier.<\/p>\n","protected":false},"author":24,"featured_media":898,"comment_status":"open","ping_status":"open","sticky":false,"template":"","format":"standard","meta":{"footnotes":""},"categories":[408],"tags":[90,156,899],"class_list":["post-872","post","type-post","status-publish","format-standard","has-post-thumbnail","hentry","category-arbeitswelt-trends","tag-datensicherheit","tag-dsgvo","tag-it-recht-und-digitalpolitik"],"yoast_head":"<!-- This site is optimized with the Yoast SEO plugin v26.5 - https:\/\/yoast.com\/wordpress\/plugins\/seo\/ -->\n<title>Datenschutzverordnung DSGVO : Tipps zur Umsetzung<\/title>\n<meta name=\"description\" content=\"Am 25. Mai 2018 tritt die europ\u00e4ische Datenschutzverordnung in Kraft. Infos und Tipps zur Umsetzung der Datenschutz-Grundverordnung (DSGVO) lesen Sie hier.\" \/>\n<meta name=\"robots\" content=\"index, follow, max-snippet:-1, max-image-preview:large, max-video-preview:-1\" \/>\n<link rel=\"canonical\" href=\"https:\/\/it-service.network\/blog\/2017\/05\/29\/datenschutzverordnung-dsgvo-gdpr\/\" \/>\n<meta property=\"og:locale\" content=\"de_DE\" \/>\n<meta property=\"og:type\" content=\"article\" \/>\n<meta property=\"og:title\" content=\"Datenschutzverordnung DSGVO : Tipps zur Umsetzung\" \/>\n<meta property=\"og:description\" content=\"Am 25. Mai 2018 tritt die europ\u00e4ische Datenschutzverordnung in Kraft. Infos und Tipps zur Umsetzung der Datenschutz-Grundverordnung (DSGVO) lesen Sie hier.\" \/>\n<meta property=\"og:url\" content=\"https:\/\/it-service.network\/blog\/2017\/05\/29\/datenschutzverordnung-dsgvo-gdpr\/\" \/>\n<meta property=\"og:site_name\" content=\"IT-SERVICE.NETWORK Blog\" \/>\n<meta property=\"article:publisher\" content=\"https:\/\/www.facebook.com\/itservicenetwork\/\" \/>\n<meta property=\"article:published_time\" content=\"2017-05-29T13:31:15+00:00\" \/>\n<meta property=\"article:modified_time\" content=\"2021-11-22T13:02:10+00:00\" \/>\n<meta property=\"og:image\" content=\"https:\/\/it-service.network\/blog\/wp-content\/uploads\/2017\/05\/checklist-2077023_1920.jpg\" \/>\n\t<meta property=\"og:image:width\" content=\"1920\" \/>\n\t<meta property=\"og:image:height\" content=\"1278\" \/>\n\t<meta property=\"og:image:type\" content=\"image\/jpeg\" \/>\n<meta name=\"author\" content=\"IT-SERVICE.NETWORK-Redaktion\" \/>\n<meta name=\"twitter:card\" content=\"summary_large_image\" \/>\n<meta name=\"twitter:creator\" content=\"@ITSERVICNETWORK\" \/>\n<meta name=\"twitter:site\" content=\"@ITSERVICNETWORK\" \/>\n<meta name=\"twitter:label1\" content=\"Verfasst von\" \/>\n\t<meta name=\"twitter:data1\" content=\"IT-SERVICE.NETWORK-Redaktion\" \/>\n\t<meta name=\"twitter:label2\" content=\"Gesch\u00e4tzte Lesezeit\" \/>\n\t<meta name=\"twitter:data2\" content=\"4\u00a0Minuten\" \/>\n<script type=\"application\/ld+json\" class=\"yoast-schema-graph\">{\"@context\":\"https:\/\/schema.org\",\"@graph\":[{\"@type\":\"WebPage\",\"@id\":\"https:\/\/it-service.network\/blog\/2017\/05\/29\/datenschutzverordnung-dsgvo-gdpr\/\",\"url\":\"https:\/\/it-service.network\/blog\/2017\/05\/29\/datenschutzverordnung-dsgvo-gdpr\/\",\"name\":\"Datenschutzverordnung DSGVO : Tipps zur Umsetzung\",\"isPartOf\":{\"@id\":\"https:\/\/it-service.network\/blog\/#website\"},\"primaryImageOfPage\":{\"@id\":\"https:\/\/it-service.network\/blog\/2017\/05\/29\/datenschutzverordnung-dsgvo-gdpr\/#primaryimage\"},\"image\":{\"@id\":\"https:\/\/it-service.network\/blog\/2017\/05\/29\/datenschutzverordnung-dsgvo-gdpr\/#primaryimage\"},\"thumbnailUrl\":\"https:\/\/it-service.network\/blog\/wp-content\/uploads\/2017\/05\/checklist-2077023_1920.jpg\",\"datePublished\":\"2017-05-29T13:31:15+00:00\",\"dateModified\":\"2021-11-22T13:02:10+00:00\",\"author\":{\"@id\":\"https:\/\/it-service.network\/blog\/#\/schema\/person\/275538ad651c88acf1bc71759036143a\"},\"description\":\"Am 25. Mai 2018 tritt die europ\u00e4ische Datenschutzverordnung in Kraft. Infos und Tipps zur Umsetzung der Datenschutz-Grundverordnung (DSGVO) lesen Sie hier.\",\"breadcrumb\":{\"@id\":\"https:\/\/it-service.network\/blog\/2017\/05\/29\/datenschutzverordnung-dsgvo-gdpr\/#breadcrumb\"},\"inLanguage\":\"de\",\"potentialAction\":[{\"@type\":\"ReadAction\",\"target\":[\"https:\/\/it-service.network\/blog\/2017\/05\/29\/datenschutzverordnung-dsgvo-gdpr\/\"]}]},{\"@type\":\"ImageObject\",\"inLanguage\":\"de\",\"@id\":\"https:\/\/it-service.network\/blog\/2017\/05\/29\/datenschutzverordnung-dsgvo-gdpr\/#primaryimage\",\"url\":\"https:\/\/it-service.network\/blog\/wp-content\/uploads\/2017\/05\/checklist-2077023_1920.jpg\",\"contentUrl\":\"https:\/\/it-service.network\/blog\/wp-content\/uploads\/2017\/05\/checklist-2077023_1920.jpg\",\"width\":1920,\"height\":1278,\"caption\":\"DSGVO: Haken Sie jetzt Ihre Checkliste ab, um die europ\u00e4ische Datenschutzverordnung umzusetzen.\"},{\"@type\":\"BreadcrumbList\",\"@id\":\"https:\/\/it-service.network\/blog\/2017\/05\/29\/datenschutzverordnung-dsgvo-gdpr\/#breadcrumb\",\"itemListElement\":[{\"@type\":\"ListItem\",\"position\":1,\"name\":\"Startseite\",\"item\":\"https:\/\/it-service.network\/blog\/\"},{\"@type\":\"ListItem\",\"position\":2,\"name\":\"Europ\u00e4ische Datenschutzverordnung ## Tipps zur Umsetzung\"}]},{\"@type\":\"WebSite\",\"@id\":\"https:\/\/it-service.network\/blog\/#website\",\"url\":\"https:\/\/it-service.network\/blog\/\",\"name\":\"IT-SERVICE.NETWORK Blog\",\"description\":\"Der IT-SERVICE.NETWORK Blog mit spannenden IT-News: \u2713 IT-Themen \u2713 IT-Trends \u2713 Business-Themen \u2713 IT-Dienstleistungen\",\"potentialAction\":[{\"@type\":\"SearchAction\",\"target\":{\"@type\":\"EntryPoint\",\"urlTemplate\":\"https:\/\/it-service.network\/blog\/?s={search_term_string}\"},\"query-input\":{\"@type\":\"PropertyValueSpecification\",\"valueRequired\":true,\"valueName\":\"search_term_string\"}}],\"inLanguage\":\"de\"},{\"@type\":\"Person\",\"@id\":\"https:\/\/it-service.network\/blog\/#\/schema\/person\/275538ad651c88acf1bc71759036143a\",\"name\":\"IT-SERVICE.NETWORK-Redaktion\",\"image\":{\"@type\":\"ImageObject\",\"inLanguage\":\"de\",\"@id\":\"https:\/\/it-service.network\/blog\/#\/schema\/person\/image\/\",\"url\":\"https:\/\/secure.gravatar.com\/avatar\/86ef1115edcb7b1651f082979941c8f018129accb2eff4a77ad593cdddeee715?s=96&d=mm&r=g\",\"contentUrl\":\"https:\/\/secure.gravatar.com\/avatar\/86ef1115edcb7b1651f082979941c8f018129accb2eff4a77ad593cdddeee715?s=96&d=mm&r=g\",\"caption\":\"IT-SERVICE.NETWORK-Redaktion\"},\"url\":\"https:\/\/it-service.network\/blog\/author\/it-service-network-redaktion\/\"}]}<\/script>\n<!-- \/ Yoast SEO plugin. -->","yoast_head_json":{"title":"Datenschutzverordnung DSGVO : Tipps zur Umsetzung","description":"Am 25. Mai 2018 tritt die europ\u00e4ische Datenschutzverordnung in Kraft. Infos und Tipps zur Umsetzung der Datenschutz-Grundverordnung (DSGVO) lesen Sie hier.","robots":{"index":"index","follow":"follow","max-snippet":"max-snippet:-1","max-image-preview":"max-image-preview:large","max-video-preview":"max-video-preview:-1"},"canonical":"https:\/\/it-service.network\/blog\/2017\/05\/29\/datenschutzverordnung-dsgvo-gdpr\/","og_locale":"de_DE","og_type":"article","og_title":"Datenschutzverordnung DSGVO : Tipps zur Umsetzung","og_description":"Am 25. Mai 2018 tritt die europ\u00e4ische Datenschutzverordnung in Kraft. Infos und Tipps zur Umsetzung der Datenschutz-Grundverordnung (DSGVO) lesen Sie hier.","og_url":"https:\/\/it-service.network\/blog\/2017\/05\/29\/datenschutzverordnung-dsgvo-gdpr\/","og_site_name":"IT-SERVICE.NETWORK Blog","article_publisher":"https:\/\/www.facebook.com\/itservicenetwork\/","article_published_time":"2017-05-29T13:31:15+00:00","article_modified_time":"2021-11-22T13:02:10+00:00","og_image":[{"width":1920,"height":1278,"url":"https:\/\/it-service.network\/blog\/wp-content\/uploads\/2017\/05\/checklist-2077023_1920.jpg","type":"image\/jpeg"}],"author":"IT-SERVICE.NETWORK-Redaktion","twitter_card":"summary_large_image","twitter_creator":"@ITSERVICNETWORK","twitter_site":"@ITSERVICNETWORK","twitter_misc":{"Verfasst von":"IT-SERVICE.NETWORK-Redaktion","Gesch\u00e4tzte Lesezeit":"4\u00a0Minuten"},"schema":{"@context":"https:\/\/schema.org","@graph":[{"@type":"WebPage","@id":"https:\/\/it-service.network\/blog\/2017\/05\/29\/datenschutzverordnung-dsgvo-gdpr\/","url":"https:\/\/it-service.network\/blog\/2017\/05\/29\/datenschutzverordnung-dsgvo-gdpr\/","name":"Datenschutzverordnung DSGVO : Tipps zur Umsetzung","isPartOf":{"@id":"https:\/\/it-service.network\/blog\/#website"},"primaryImageOfPage":{"@id":"https:\/\/it-service.network\/blog\/2017\/05\/29\/datenschutzverordnung-dsgvo-gdpr\/#primaryimage"},"image":{"@id":"https:\/\/it-service.network\/blog\/2017\/05\/29\/datenschutzverordnung-dsgvo-gdpr\/#primaryimage"},"thumbnailUrl":"https:\/\/it-service.network\/blog\/wp-content\/uploads\/2017\/05\/checklist-2077023_1920.jpg","datePublished":"2017-05-29T13:31:15+00:00","dateModified":"2021-11-22T13:02:10+00:00","author":{"@id":"https:\/\/it-service.network\/blog\/#\/schema\/person\/275538ad651c88acf1bc71759036143a"},"description":"Am 25. Mai 2018 tritt die europ\u00e4ische Datenschutzverordnung in Kraft. Infos und Tipps zur Umsetzung der Datenschutz-Grundverordnung (DSGVO) lesen Sie hier.","breadcrumb":{"@id":"https:\/\/it-service.network\/blog\/2017\/05\/29\/datenschutzverordnung-dsgvo-gdpr\/#breadcrumb"},"inLanguage":"de","potentialAction":[{"@type":"ReadAction","target":["https:\/\/it-service.network\/blog\/2017\/05\/29\/datenschutzverordnung-dsgvo-gdpr\/"]}]},{"@type":"ImageObject","inLanguage":"de","@id":"https:\/\/it-service.network\/blog\/2017\/05\/29\/datenschutzverordnung-dsgvo-gdpr\/#primaryimage","url":"https:\/\/it-service.network\/blog\/wp-content\/uploads\/2017\/05\/checklist-2077023_1920.jpg","contentUrl":"https:\/\/it-service.network\/blog\/wp-content\/uploads\/2017\/05\/checklist-2077023_1920.jpg","width":1920,"height":1278,"caption":"DSGVO: Haken Sie jetzt Ihre Checkliste ab, um die europ\u00e4ische Datenschutzverordnung umzusetzen."},{"@type":"BreadcrumbList","@id":"https:\/\/it-service.network\/blog\/2017\/05\/29\/datenschutzverordnung-dsgvo-gdpr\/#breadcrumb","itemListElement":[{"@type":"ListItem","position":1,"name":"Startseite","item":"https:\/\/it-service.network\/blog\/"},{"@type":"ListItem","position":2,"name":"Europ\u00e4ische Datenschutzverordnung ## Tipps zur Umsetzung"}]},{"@type":"WebSite","@id":"https:\/\/it-service.network\/blog\/#website","url":"https:\/\/it-service.network\/blog\/","name":"IT-SERVICE.NETWORK Blog","description":"Der IT-SERVICE.NETWORK Blog mit spannenden IT-News: \u2713 IT-Themen \u2713 IT-Trends \u2713 Business-Themen \u2713 IT-Dienstleistungen","potentialAction":[{"@type":"SearchAction","target":{"@type":"EntryPoint","urlTemplate":"https:\/\/it-service.network\/blog\/?s={search_term_string}"},"query-input":{"@type":"PropertyValueSpecification","valueRequired":true,"valueName":"search_term_string"}}],"inLanguage":"de"},{"@type":"Person","@id":"https:\/\/it-service.network\/blog\/#\/schema\/person\/275538ad651c88acf1bc71759036143a","name":"IT-SERVICE.NETWORK-Redaktion","image":{"@type":"ImageObject","inLanguage":"de","@id":"https:\/\/it-service.network\/blog\/#\/schema\/person\/image\/","url":"https:\/\/secure.gravatar.com\/avatar\/86ef1115edcb7b1651f082979941c8f018129accb2eff4a77ad593cdddeee715?s=96&d=mm&r=g","contentUrl":"https:\/\/secure.gravatar.com\/avatar\/86ef1115edcb7b1651f082979941c8f018129accb2eff4a77ad593cdddeee715?s=96&d=mm&r=g","caption":"IT-SERVICE.NETWORK-Redaktion"},"url":"https:\/\/it-service.network\/blog\/author\/it-service-network-redaktion\/"}]}},"_links":{"self":[{"href":"https:\/\/it-service.network\/blog\/wp-json\/wp\/v2\/posts\/872","targetHints":{"allow":["GET"]}}],"collection":[{"href":"https:\/\/it-service.network\/blog\/wp-json\/wp\/v2\/posts"}],"about":[{"href":"https:\/\/it-service.network\/blog\/wp-json\/wp\/v2\/types\/post"}],"author":[{"embeddable":true,"href":"https:\/\/it-service.network\/blog\/wp-json\/wp\/v2\/users\/24"}],"replies":[{"embeddable":true,"href":"https:\/\/it-service.network\/blog\/wp-json\/wp\/v2\/comments?post=872"}],"version-history":[{"count":2,"href":"https:\/\/it-service.network\/blog\/wp-json\/wp\/v2\/posts\/872\/revisions"}],"predecessor-version":[{"id":17916,"href":"https:\/\/it-service.network\/blog\/wp-json\/wp\/v2\/posts\/872\/revisions\/17916"}],"wp:featuredmedia":[{"embeddable":true,"href":"https:\/\/it-service.network\/blog\/wp-json\/wp\/v2\/media\/898"}],"wp:attachment":[{"href":"https:\/\/it-service.network\/blog\/wp-json\/wp\/v2\/media?parent=872"}],"wp:term":[{"taxonomy":"category","embeddable":true,"href":"https:\/\/it-service.network\/blog\/wp-json\/wp\/v2\/categories?post=872"},{"taxonomy":"post_tag","embeddable":true,"href":"https:\/\/it-service.network\/blog\/wp-json\/wp\/v2\/tags?post=872"}],"curies":[{"name":"wp","href":"https:\/\/api.w.org\/{rel}","templated":true}]}}