{"id":9598,"date":"2019-11-26T08:28:11","date_gmt":"2019-11-26T07:28:11","guid":{"rendered":"https:\/\/it-service.network\/blog\/?p=9598"},"modified":"2026-01-30T10:04:57","modified_gmt":"2026-01-30T09:04:57","slug":"dsgvo-2019","status":"publish","type":"post","link":"https:\/\/it-service.network\/blog\/2019\/11\/26\/dsgvo-2019\/","title":{"rendered":"DSGVO 2019 ## Studie bescheinigt mehr Datensicherheit &#038; Nutzervertrauen"},"content":{"rendered":"<p><strong>Gut eineinhalb Jahre nach Inkrafttreten der europ\u00e4ischen Datenschutzgrundverordnung zieht eine Studie zur DSGVO 2019 ein positives Fazit: Datensicherheit und Nutzervertrauen haben sich demnach deutlich verbessert.<\/strong><br \/>\nZu welchen Ergebnissen die Studie genau kommt, lesen Sie bei uns.<br \/>\n<!--more--><\/p>\n<div id=\"attachment_9659\" style=\"width: 310px\" class=\"wp-caption alignright\"><img loading=\"lazy\" decoding=\"async\" aria-describedby=\"caption-attachment-9659\" class=\"size-medium wp-image-9659\" src=\"https:\/\/it-service.network\/blog\/wp-content\/uploads\/2019\/11\/Bild-von-mohamed-Hassan-auf-Pixabay_2-300x273.jpg\" alt=\"Zu sehen ist ein Laptop auf einem Tisch, der Bildschirm zeigt ein Symbolbild zur DSGVO 2019. Bild: Pixabay\/mohamed Hassan\" width=\"300\" height=\"273\" srcset=\"https:\/\/it-service.network\/blog\/wp-content\/uploads\/2019\/11\/Bild-von-mohamed-Hassan-auf-Pixabay_2-300x273.jpg 300w, https:\/\/it-service.network\/blog\/wp-content\/uploads\/2019\/11\/Bild-von-mohamed-Hassan-auf-Pixabay_2-1024x932.jpg 1024w, https:\/\/it-service.network\/blog\/wp-content\/uploads\/2019\/11\/Bild-von-mohamed-Hassan-auf-Pixabay_2-768x699.jpg 768w, https:\/\/it-service.network\/blog\/wp-content\/uploads\/2019\/11\/Bild-von-mohamed-Hassan-auf-Pixabay_2.jpg 1122w\" sizes=\"auto, (max-width: 300px) 100vw, 300px\" \/><p id=\"caption-attachment-9659\" class=\"wp-caption-text\">Eine Studie von Check Point Software Technologies zieht ein Fazit zur DSGVO 2019. Bild: Pixabay\/mohamed Hassan<\/p><\/div>\n<h3>Studie zur DSGVO 2019 \u2013 der Hintergrund<\/h3>\n<p>Das Unternehmen Check Point Software Technologies, einer der weltweit gr\u00f6\u00dften Anbieter im Bereich Cyber-Sicherheit f\u00fcr Netzwerke, hatte die <a href=\"https:\/\/www.checkpoint.com\/downloads\/resources\/cp-GDPR-research-report.pdf?mkt_tok=eyJpIjoiWW1RME5UZGhORGM1TURneCIsInQiOiJQQ0NqQzRHNk8xeFwvSTY0aENqVytqdGlrU1wvU1lGRWt0Q1RnTkhOM1BkcVIyRDFNdnNudThNaFwvZUZqM0N1Wkwra3JHM2doRGdjaGpqcGRPTUVFVkVQSVFUYlwvWlFPV0MydXNHclhyT0dIRzZYdkthSkUrS3l1cWxuZDMxS3ZvS3QifQ%3D%3D\" target=\"_blank\" rel=\"noopener noreferrer\">Studie<\/a> in Auftrag gegeben. Die \u00fcbergeordnete Fragestellung lautete dabei: Welche Auswirkungen zeigt die <a href=\"https:\/\/it-service.network\/it-lexikon\/dsgvo\">DSGVO<\/a> nach mehr als einem Jahr seit ihrem Inkrafttreten?<br \/>\nUm darauf eine Antwort zu finden, wurden 1.000 Technikvorst\u00e4nde, IT-Leiter, IT-Manager und Sicherheits-Manager vorwiegend aus Deutschland, Frankreich, Italien, Spanien und Gro\u00dfbritannien befragt. Im Detail ging es in der Umfrage unter anderem darum, wie weit die DSGVO-Richtlinien bereits umgesetzt sind, wie Investitionen dazu ausfielen und wie die zuk\u00fcnftige DSGVO-Umsetzung bewertet wird.<br \/>\nDie erste positive Nachricht: 60 Prozent der Befragten gaben an, dass ihre Unternehmen die DSGVO inzwischen vollst\u00e4ndig umgesetzt h\u00e4tten. Das ist nach etwas mehr als einem Jahr ein durchaus positives Ergebnis. In mehr als einem Drittel der F\u00e4lle ist die Umsetzung in vollem Gange, aber noch nicht abgeschlossen. Vier Prozent der Unternehmen haben den Prozess noch gar nicht initiiert.<\/p>\n<h3>Deutsche Unternehmen &amp; die DSGVO 2019<\/h3>\n<p>Und wie stellt sich die Situation speziell in Unternehmen aus Deutschland dar? Nicht <a href=\"https:\/\/www.infopoint-security.de\/laut-check-point-studie-erhoeht-die-dsgvo-das-nutzervertrauen-und-die-datensicherheit\/a21864\/\" target=\"_blank\" rel=\"noopener noreferrer\">schlecht<\/a>: Hier gaben 63 Prozent der deutschen IT-Fachleute an, dass ihr Unternehmen die DSGVO-Richtlinien bereits vollst\u00e4ndig umgesetzt habe. Zudem bewerteten sie den Umgang ihrer Firma bez\u00fcglich der DSGVO-Umsetzung auf einer Skala von Null bis Zehn mit 8,14 \u2013 also einem ziemlich optimistischen Wert.<br \/>\nAuch bez\u00fcglich der Art und Weise, wie die Implementierung der DSGVO-Richtlinien im Unternehmen bislang vonstatten ging, f\u00f6rderte die Studie einiges Interessante zutage. Zum Beispiel:<\/p>\n<ul>\n<li>58 Prozent der an der Studie beteiligten Unternehmensvertreter nannten die Einrichtung einer DSGVO-Arbeitsgruppe als eine der ersten Ma\u00dfnahmen.<\/li>\n<li>Standardsicherheitsma\u00dfnahmen konnten in 46 Prozent der Unternehmen eingef\u00fchrt werden.<\/li>\n<li>In 43 Prozent der Unternehmen erfolgte die Bereitstellung zus\u00e4tzlicher finanzieller Mittel f\u00fcr die DSGVO-Umsetzung.<\/li>\n<li>L\u00f6sungen zur Data Loss Prevention (Datenverlust-Pr\u00e4vention) wurden in 42 Prozent der Unternehmen initiiert.<\/li>\n<li>In 40 Prozent der in der Umfrage vertretenen Betriebe ist mittlerweile ein Kontrollsystem f\u00fcr Zugriffe und Verschl\u00fcsselungen im Einsatz.<\/li>\n<li>33 Prozent der Betriebe beauftragten einen externen DSGVO-Berater.<\/li>\n<\/ul>\n<p>Allein durch diese Beispiele wird deutlich, dass die Ma\u00dfnahmen ebenso zahlreich wie umfangreich sind. Umso beeindruckender ist der erhebliche Fortschritt bei der DSGVO-Umsetzung seit Mai 2018.<\/p>\n<div id=\"attachment_9661\" style=\"width: 310px\" class=\"wp-caption alignleft\"><img loading=\"lazy\" decoding=\"async\" aria-describedby=\"caption-attachment-9661\" class=\"size-medium wp-image-9661\" src=\"https:\/\/it-service.network\/blog\/wp-content\/uploads\/2019\/11\/pixabay-Jojo-Hasilla-300x200.jpg\" alt=\"Zu sehen sind Stapel von 100-, 200- und 500-Euro-Scheinen. Sie stehen f\u00fcr die Investition bei der Umsetzung zur DSGVO 2019. Bild: Pixabay\/Jojo Hasilla\" width=\"300\" height=\"200\" srcset=\"https:\/\/it-service.network\/blog\/wp-content\/uploads\/2019\/11\/pixabay-Jojo-Hasilla-300x200.jpg 300w, https:\/\/it-service.network\/blog\/wp-content\/uploads\/2019\/11\/pixabay-Jojo-Hasilla-1024x682.jpg 1024w, https:\/\/it-service.network\/blog\/wp-content\/uploads\/2019\/11\/pixabay-Jojo-Hasilla-768x512.jpg 768w, https:\/\/it-service.network\/blog\/wp-content\/uploads\/2019\/11\/pixabay-Jojo-Hasilla.jpg 1280w\" sizes=\"auto, (max-width: 300px) 100vw, 300px\" \/><p id=\"caption-attachment-9661\" class=\"wp-caption-text\">Ein Fazit der DSGVO 2019: Die hohe Investition macht sich bezahlt. Bild: Pixabay\/Jojo Hasilla<\/p><\/div>\n<h3>DSGVO 2019: Vorteile erkennbar<\/h3>\n<p>Wegen des hohen Aufwands galt die DSGVO anfangs vor allem als Ungemach. In deutschen Unternehmen wurden laut der Studie zwischen 49.000 und 494.000 Euro investiert. Mittlerweile hat sich die negative Einstellung gewandelt. Warum? Weil sich inzwischen zunehmend positive Auswirkungen der DSGVO-Einf\u00fchrung bemerkbar machen. Die deutschen Teilnehmer \u00e4u\u00dferten beispielsweise mit deutlicher Mehrheit (67 Prozent), dass sich die Verordnung positiv auf das Vertrauen der Nutzer und die Datensicherheit ausgewirkt habe.<br \/>\nUnd auch f\u00fcr die zuk\u00fcnftige Entwicklung sehen die IT-Beauftragten Potenzial. So gehen 38 Prozent davon aus, dass durch die DSGVO effizientere Abl\u00e4ufe entstehen, besonders im Bereich der Cyber-Sicherheit. 36 Prozent sind sich sicher, dass sich durch die DSGVO ein umfassenderer \u00dcberblick der vom Unternehmen verarbeiteten Informationen bereitstellen l\u00e4sst. Und wiederum 37 Prozent sind \u00fcberzeugt, dass die Einf\u00fchrung der Position eines Datenschutzbeauftragten die in einem Unternehmen vorhandenen Daten zunehmend zu einem strategischen Verm\u00f6genswert macht.<br \/>\nEs l\u00e4sst sich also als Fazit zur DSGVO 2019 festhalten: Viele Unternehmen sind optimistisch, dass sich die anf\u00e4nglich hohe Investition auf l\u00e4ngere Sicht auszahlen wird.<\/p>\n<h3>Vorne dabei oder noch gar nicht angefangen?<\/h3>\n<p>Und wie sieht es in Ihrem Unternehmen aus? Mischen Sie ganz vorne mit, wenn es um den Fortschritt der DSGVO-Implementierung geht? Oder geh\u00f6rt Ihr Betrieb zu jenen, die trotz der Dringlichkeit noch gar nicht mit der Umsetzung der DSGVO angefangen haben?<br \/>\nIst Letzteres der Fall legen wir Ihnen ans Herz, zeitnah damit anzufangen. Mittlerweile existiert ein umfassendes Konzept zur <a href=\"https:\/\/it-service.network\/blog\/2019\/10\/25\/dsgvo-bussgeldbemessung\/\">DSGVO-Bu\u00dfgeldbemessung<\/a>, was vermuten l\u00e4sst, dass das Vorgehen bei Verst\u00f6\u00dfen demn\u00e4chst noch vehementer erfolgen wird.<br \/>\nDas \u201eProjekt DSGVO\u201c mag Ihnen so anspruchsvoll erscheinen, dass Sie gar nicht wissen, wo Sie anfangen sollen. In diesem Fall nehmen Sie einfach Kontakt zu einem <a href=\"https:\/\/it-service.network\/it-dienstleister-finden\">Experten aus dem IT-SERVICE.NETWORK<\/a> auf. Beratung und Unterst\u00fctzung bei der <a href=\"https:\/\/it-service.network\/it-sicherheit\/dsgvo-eu-datenschutz-grundverordnung\">Umsetzung der DSGVO<\/a> gibt es bei ihm aus einer Hand.<\/p>\n","protected":false},"excerpt":{"rendered":"<p>Gut eineinhalb Jahre nach Inkrafttreten der europ\u00e4ischen Datenschutzgrundverordnung zieht eine Studie zur DSGVO 2019 ein positives Fazit: Datensicherheit und Nutzervertrauen haben sich demnach deutlich verbessert. Zu welchen Ergebnissen die Studie genau kommt, lesen Sie bei uns.<\/p>\n","protected":false},"author":15,"featured_media":9659,"comment_status":"open","ping_status":"open","sticky":false,"template":"","format":"standard","meta":{"footnotes":""},"categories":[408],"tags":[90,156,111],"class_list":["post-9598","post","type-post","status-publish","format-standard","has-post-thumbnail","hentry","category-arbeitswelt-trends","tag-datensicherheit","tag-dsgvo","tag-it-trends"],"yoast_head":"<!-- This site is optimized with the Yoast SEO plugin v26.5 - https:\/\/yoast.com\/wordpress\/plugins\/seo\/ -->\n<title>DSGVO 2019 \u2013 mehr Datensicherheit und Nutzervertrauen<\/title>\n<meta name=\"description\" content=\"Eineinhalb Jahre ist die DSGVO in Kraft. Eine Studie h\u00e4lt als Fazit zur DSGVO 2019 fest: Datensicherheit und Nutzervertrauen sind gestiegen.\" \/>\n<meta name=\"robots\" content=\"index, follow, max-snippet:-1, max-image-preview:large, max-video-preview:-1\" \/>\n<link rel=\"canonical\" href=\"https:\/\/it-service.network\/blog\/2019\/11\/26\/dsgvo-2019\/\" \/>\n<meta property=\"og:locale\" content=\"de_DE\" \/>\n<meta property=\"og:type\" content=\"article\" \/>\n<meta property=\"og:title\" content=\"DSGVO 2019 \u2013 mehr Datensicherheit und Nutzervertrauen\" \/>\n<meta property=\"og:description\" content=\"Eineinhalb Jahre ist die DSGVO in Kraft. Eine Studie h\u00e4lt als Fazit zur DSGVO 2019 fest: Datensicherheit und Nutzervertrauen sind gestiegen.\" \/>\n<meta property=\"og:url\" content=\"https:\/\/it-service.network\/blog\/2019\/11\/26\/dsgvo-2019\/\" \/>\n<meta property=\"og:site_name\" content=\"IT-SERVICE.NETWORK Blog\" \/>\n<meta property=\"article:publisher\" content=\"https:\/\/www.facebook.com\/itservicenetwork\/\" \/>\n<meta property=\"article:published_time\" content=\"2019-11-26T07:28:11+00:00\" \/>\n<meta property=\"article:modified_time\" content=\"2026-01-30T09:04:57+00:00\" \/>\n<meta property=\"og:image\" content=\"https:\/\/it-service.network\/blog\/wp-content\/uploads\/2019\/11\/Bild-von-mohamed-Hassan-auf-Pixabay_2.jpg\" \/>\n\t<meta property=\"og:image:width\" content=\"1122\" \/>\n\t<meta property=\"og:image:height\" content=\"1021\" \/>\n\t<meta property=\"og:image:type\" content=\"image\/jpeg\" \/>\n<meta name=\"author\" content=\"Janina Kr\u00f6ger\" \/>\n<meta name=\"twitter:card\" content=\"summary_large_image\" \/>\n<meta name=\"twitter:creator\" content=\"@ITSERVICNETWORK\" \/>\n<meta name=\"twitter:site\" content=\"@ITSERVICNETWORK\" \/>\n<meta name=\"twitter:label1\" content=\"Verfasst von\" \/>\n\t<meta name=\"twitter:data1\" content=\"Janina Kr\u00f6ger\" \/>\n\t<meta name=\"twitter:label2\" content=\"Gesch\u00e4tzte Lesezeit\" \/>\n\t<meta name=\"twitter:data2\" content=\"5\u00a0Minuten\" \/>\n<script type=\"application\/ld+json\" class=\"yoast-schema-graph\">{\"@context\":\"https:\/\/schema.org\",\"@graph\":[{\"@type\":\"WebPage\",\"@id\":\"https:\/\/it-service.network\/blog\/2019\/11\/26\/dsgvo-2019\/\",\"url\":\"https:\/\/it-service.network\/blog\/2019\/11\/26\/dsgvo-2019\/\",\"name\":\"DSGVO 2019 \u2013 mehr Datensicherheit und Nutzervertrauen\",\"isPartOf\":{\"@id\":\"https:\/\/it-service.network\/blog\/#website\"},\"primaryImageOfPage\":{\"@id\":\"https:\/\/it-service.network\/blog\/2019\/11\/26\/dsgvo-2019\/#primaryimage\"},\"image\":{\"@id\":\"https:\/\/it-service.network\/blog\/2019\/11\/26\/dsgvo-2019\/#primaryimage\"},\"thumbnailUrl\":\"https:\/\/it-service.network\/blog\/wp-content\/uploads\/2019\/11\/Bild-von-mohamed-Hassan-auf-Pixabay_2.jpg\",\"datePublished\":\"2019-11-26T07:28:11+00:00\",\"dateModified\":\"2026-01-30T09:04:57+00:00\",\"author\":{\"@id\":\"https:\/\/it-service.network\/blog\/#\/schema\/person\/097b38a87cec44dab5da8ef920f799fc\"},\"description\":\"Eineinhalb Jahre ist die DSGVO in Kraft. Eine Studie h\u00e4lt als Fazit zur DSGVO 2019 fest: Datensicherheit und Nutzervertrauen sind gestiegen.\",\"breadcrumb\":{\"@id\":\"https:\/\/it-service.network\/blog\/2019\/11\/26\/dsgvo-2019\/#breadcrumb\"},\"inLanguage\":\"de\",\"potentialAction\":[{\"@type\":\"ReadAction\",\"target\":[\"https:\/\/it-service.network\/blog\/2019\/11\/26\/dsgvo-2019\/\"]}]},{\"@type\":\"ImageObject\",\"inLanguage\":\"de\",\"@id\":\"https:\/\/it-service.network\/blog\/2019\/11\/26\/dsgvo-2019\/#primaryimage\",\"url\":\"https:\/\/it-service.network\/blog\/wp-content\/uploads\/2019\/11\/Bild-von-mohamed-Hassan-auf-Pixabay_2.jpg\",\"contentUrl\":\"https:\/\/it-service.network\/blog\/wp-content\/uploads\/2019\/11\/Bild-von-mohamed-Hassan-auf-Pixabay_2.jpg\",\"width\":1122,\"height\":1021,\"caption\":\"Eine Studie von Check Point Security zieht ein Fazit zur DSGVO 2019. Bild: Pixabay\/mohamed Hassan\"},{\"@type\":\"BreadcrumbList\",\"@id\":\"https:\/\/it-service.network\/blog\/2019\/11\/26\/dsgvo-2019\/#breadcrumb\",\"itemListElement\":[{\"@type\":\"ListItem\",\"position\":1,\"name\":\"Startseite\",\"item\":\"https:\/\/it-service.network\/blog\/\"},{\"@type\":\"ListItem\",\"position\":2,\"name\":\"DSGVO 2019 ## Studie bescheinigt mehr Datensicherheit &#038; Nutzervertrauen\"}]},{\"@type\":\"WebSite\",\"@id\":\"https:\/\/it-service.network\/blog\/#website\",\"url\":\"https:\/\/it-service.network\/blog\/\",\"name\":\"IT-SERVICE.NETWORK Blog\",\"description\":\"Der IT-SERVICE.NETWORK Blog mit spannenden IT-News: \u2713 IT-Themen \u2713 IT-Trends \u2713 Business-Themen \u2713 IT-Dienstleistungen\",\"potentialAction\":[{\"@type\":\"SearchAction\",\"target\":{\"@type\":\"EntryPoint\",\"urlTemplate\":\"https:\/\/it-service.network\/blog\/?s={search_term_string}\"},\"query-input\":{\"@type\":\"PropertyValueSpecification\",\"valueRequired\":true,\"valueName\":\"search_term_string\"}}],\"inLanguage\":\"de\"},{\"@type\":\"Person\",\"@id\":\"https:\/\/it-service.network\/blog\/#\/schema\/person\/097b38a87cec44dab5da8ef920f799fc\",\"name\":\"Janina Kr\u00f6ger\",\"image\":{\"@type\":\"ImageObject\",\"inLanguage\":\"de\",\"@id\":\"https:\/\/it-service.network\/blog\/#\/schema\/person\/image\/\",\"url\":\"https:\/\/it-service.network\/blog\/wp-content\/uploads\/2019\/11\/avatar_user_15_1573543291-96x96.jpg\",\"contentUrl\":\"https:\/\/it-service.network\/blog\/wp-content\/uploads\/2019\/11\/avatar_user_15_1573543291-96x96.jpg\",\"caption\":\"Janina Kr\u00f6ger\"},\"description\":\"Seit Anfang 2019 ist Janina Kr\u00f6ger f\u00fcr den Blog des IT-SERVICE.NETWORK verantwortlich \u2013 anfangs in der Position der Online-Redakteurin und inzwischen als Content Marketing Managerin. Die studierte Germanistin\/Anglistin und ausgebildete Redakteurin beh\u00e4lt das Geschehen auf dem IT-Markt im Blick, verfolgt gespannt neue Trends und Technologien und beobachtet aktuelle Bedrohungen im Bereich des Cybercrime. Die relevantesten Infos werden dann in interessante Blog-Beitr\u00e4ge verpackt, um vor allem Unternehmen mit n\u00fctzlichem Wissen zu versorgen, das sie gewinnbringend f\u00fcr sich nutzen k\u00f6nnen. Eine Notiz am Rande: Auch f\u00fcr das IT-Lexikon des IT-SERVICE.NETWORK bereitet die Content Marketing Managerin oft kompliziertes IT-Wissen verst\u00e4ndlich auf. Der schreibenden Zunft geh\u00f6rt Janina Kr\u00f6ger bereits seit 2006 an, als sie ein Praktikum beim WESTF\u00c4LISCHEN VOLKSBLATT absolvierte und der Regionalzeitung anschlie\u00dfend als Freie Mitarbeiterin erhalten blieb. Nach ihrem Studium an der Universit\u00e4t Paderborn ging es mit Hospitanz, Volontariat und Redakteurs-Posten beim WESTFALEN-BLATT vollends in den Journalismus. Mit dem Wechsel zum Publicpress Verlag lernte Janina Kr\u00f6ger als Text-Redakteurin ein f\u00fcr sie neues Themengebiet kennen: Die Produktion von Reisef\u00fchrern, Wanderf\u00fchrern und Radtourenf\u00fchrern sowie die Erstellung von Freizeitkarten und Stadtpl\u00e4nen waren die neuen Aufgaben \u2013 allerdings sollten Google Maps und Co. dem Erfolg des Verlags bald ein Ende setzen. F\u00fcr Janina Kr\u00f6ger bedeutete das: Als n\u00e4chstes muss ein Job in einem Themengebiet mit besseren Zukunftsaussichten her \u2013 die IT-Branche schien da genau richtig! Bereits seit 2019 f\u00fchlt sich die gelernte Redakteurin bei der SYNAXON AG als Mutterunternehmen des IT-SERVICE.NETWORK bestens aufgehoben. Durch Mutterschutz und Elternzeit legt sie aktuell bis Sommer 2026 eine kleine Pause ein. In ihrer Freizeit tauscht Janina den Laptop gern gegen ihre Back- und Kochutensilien aus. Zeit mit ihrer Familie hat h\u00f6chste Priorit\u00e4t. Andere Hobbies wie das Lesen, Hulahoop-Schwingen und Trampolin-H\u00fcpfen sind daher zuletzt etwas in den Hintergrund getreten. \u00dcbrigens: Das IT-SERVICE.NETWORK ist ein Marketing-Verbund f\u00fcr IT-Dienstleister, die sich auf die Betreuung von Unternehmen mit bis zu 250 PC-Arbeitspl\u00e4tzen spezialisiert haben.\",\"sameAs\":[\"https:\/\/www.xing.com\/profile\/Janina_Kroeger3\/\",\"https:\/\/www.linkedin.com\/in\/janina-kr\u00f6ger-490aaa19a\/\"],\"url\":\"https:\/\/it-service.network\/blog\/author\/janina\/\"}]}<\/script>\n<!-- \/ Yoast SEO plugin. -->","yoast_head_json":{"title":"DSGVO 2019 \u2013 mehr Datensicherheit und Nutzervertrauen","description":"Eineinhalb Jahre ist die DSGVO in Kraft. Eine Studie h\u00e4lt als Fazit zur DSGVO 2019 fest: Datensicherheit und Nutzervertrauen sind gestiegen.","robots":{"index":"index","follow":"follow","max-snippet":"max-snippet:-1","max-image-preview":"max-image-preview:large","max-video-preview":"max-video-preview:-1"},"canonical":"https:\/\/it-service.network\/blog\/2019\/11\/26\/dsgvo-2019\/","og_locale":"de_DE","og_type":"article","og_title":"DSGVO 2019 \u2013 mehr Datensicherheit und Nutzervertrauen","og_description":"Eineinhalb Jahre ist die DSGVO in Kraft. Eine Studie h\u00e4lt als Fazit zur DSGVO 2019 fest: Datensicherheit und Nutzervertrauen sind gestiegen.","og_url":"https:\/\/it-service.network\/blog\/2019\/11\/26\/dsgvo-2019\/","og_site_name":"IT-SERVICE.NETWORK Blog","article_publisher":"https:\/\/www.facebook.com\/itservicenetwork\/","article_published_time":"2019-11-26T07:28:11+00:00","article_modified_time":"2026-01-30T09:04:57+00:00","og_image":[{"width":1122,"height":1021,"url":"https:\/\/it-service.network\/blog\/wp-content\/uploads\/2019\/11\/Bild-von-mohamed-Hassan-auf-Pixabay_2.jpg","type":"image\/jpeg"}],"author":"Janina Kr\u00f6ger","twitter_card":"summary_large_image","twitter_creator":"@ITSERVICNETWORK","twitter_site":"@ITSERVICNETWORK","twitter_misc":{"Verfasst von":"Janina Kr\u00f6ger","Gesch\u00e4tzte Lesezeit":"5\u00a0Minuten"},"schema":{"@context":"https:\/\/schema.org","@graph":[{"@type":"WebPage","@id":"https:\/\/it-service.network\/blog\/2019\/11\/26\/dsgvo-2019\/","url":"https:\/\/it-service.network\/blog\/2019\/11\/26\/dsgvo-2019\/","name":"DSGVO 2019 \u2013 mehr Datensicherheit und Nutzervertrauen","isPartOf":{"@id":"https:\/\/it-service.network\/blog\/#website"},"primaryImageOfPage":{"@id":"https:\/\/it-service.network\/blog\/2019\/11\/26\/dsgvo-2019\/#primaryimage"},"image":{"@id":"https:\/\/it-service.network\/blog\/2019\/11\/26\/dsgvo-2019\/#primaryimage"},"thumbnailUrl":"https:\/\/it-service.network\/blog\/wp-content\/uploads\/2019\/11\/Bild-von-mohamed-Hassan-auf-Pixabay_2.jpg","datePublished":"2019-11-26T07:28:11+00:00","dateModified":"2026-01-30T09:04:57+00:00","author":{"@id":"https:\/\/it-service.network\/blog\/#\/schema\/person\/097b38a87cec44dab5da8ef920f799fc"},"description":"Eineinhalb Jahre ist die DSGVO in Kraft. Eine Studie h\u00e4lt als Fazit zur DSGVO 2019 fest: Datensicherheit und Nutzervertrauen sind gestiegen.","breadcrumb":{"@id":"https:\/\/it-service.network\/blog\/2019\/11\/26\/dsgvo-2019\/#breadcrumb"},"inLanguage":"de","potentialAction":[{"@type":"ReadAction","target":["https:\/\/it-service.network\/blog\/2019\/11\/26\/dsgvo-2019\/"]}]},{"@type":"ImageObject","inLanguage":"de","@id":"https:\/\/it-service.network\/blog\/2019\/11\/26\/dsgvo-2019\/#primaryimage","url":"https:\/\/it-service.network\/blog\/wp-content\/uploads\/2019\/11\/Bild-von-mohamed-Hassan-auf-Pixabay_2.jpg","contentUrl":"https:\/\/it-service.network\/blog\/wp-content\/uploads\/2019\/11\/Bild-von-mohamed-Hassan-auf-Pixabay_2.jpg","width":1122,"height":1021,"caption":"Eine Studie von Check Point Security zieht ein Fazit zur DSGVO 2019. Bild: Pixabay\/mohamed Hassan"},{"@type":"BreadcrumbList","@id":"https:\/\/it-service.network\/blog\/2019\/11\/26\/dsgvo-2019\/#breadcrumb","itemListElement":[{"@type":"ListItem","position":1,"name":"Startseite","item":"https:\/\/it-service.network\/blog\/"},{"@type":"ListItem","position":2,"name":"DSGVO 2019 ## Studie bescheinigt mehr Datensicherheit &#038; Nutzervertrauen"}]},{"@type":"WebSite","@id":"https:\/\/it-service.network\/blog\/#website","url":"https:\/\/it-service.network\/blog\/","name":"IT-SERVICE.NETWORK Blog","description":"Der IT-SERVICE.NETWORK Blog mit spannenden IT-News: \u2713 IT-Themen \u2713 IT-Trends \u2713 Business-Themen \u2713 IT-Dienstleistungen","potentialAction":[{"@type":"SearchAction","target":{"@type":"EntryPoint","urlTemplate":"https:\/\/it-service.network\/blog\/?s={search_term_string}"},"query-input":{"@type":"PropertyValueSpecification","valueRequired":true,"valueName":"search_term_string"}}],"inLanguage":"de"},{"@type":"Person","@id":"https:\/\/it-service.network\/blog\/#\/schema\/person\/097b38a87cec44dab5da8ef920f799fc","name":"Janina Kr\u00f6ger","image":{"@type":"ImageObject","inLanguage":"de","@id":"https:\/\/it-service.network\/blog\/#\/schema\/person\/image\/","url":"https:\/\/it-service.network\/blog\/wp-content\/uploads\/2019\/11\/avatar_user_15_1573543291-96x96.jpg","contentUrl":"https:\/\/it-service.network\/blog\/wp-content\/uploads\/2019\/11\/avatar_user_15_1573543291-96x96.jpg","caption":"Janina Kr\u00f6ger"},"description":"Seit Anfang 2019 ist Janina Kr\u00f6ger f\u00fcr den Blog des IT-SERVICE.NETWORK verantwortlich \u2013 anfangs in der Position der Online-Redakteurin und inzwischen als Content Marketing Managerin. Die studierte Germanistin\/Anglistin und ausgebildete Redakteurin beh\u00e4lt das Geschehen auf dem IT-Markt im Blick, verfolgt gespannt neue Trends und Technologien und beobachtet aktuelle Bedrohungen im Bereich des Cybercrime. Die relevantesten Infos werden dann in interessante Blog-Beitr\u00e4ge verpackt, um vor allem Unternehmen mit n\u00fctzlichem Wissen zu versorgen, das sie gewinnbringend f\u00fcr sich nutzen k\u00f6nnen. Eine Notiz am Rande: Auch f\u00fcr das IT-Lexikon des IT-SERVICE.NETWORK bereitet die Content Marketing Managerin oft kompliziertes IT-Wissen verst\u00e4ndlich auf. Der schreibenden Zunft geh\u00f6rt Janina Kr\u00f6ger bereits seit 2006 an, als sie ein Praktikum beim WESTF\u00c4LISCHEN VOLKSBLATT absolvierte und der Regionalzeitung anschlie\u00dfend als Freie Mitarbeiterin erhalten blieb. Nach ihrem Studium an der Universit\u00e4t Paderborn ging es mit Hospitanz, Volontariat und Redakteurs-Posten beim WESTFALEN-BLATT vollends in den Journalismus. Mit dem Wechsel zum Publicpress Verlag lernte Janina Kr\u00f6ger als Text-Redakteurin ein f\u00fcr sie neues Themengebiet kennen: Die Produktion von Reisef\u00fchrern, Wanderf\u00fchrern und Radtourenf\u00fchrern sowie die Erstellung von Freizeitkarten und Stadtpl\u00e4nen waren die neuen Aufgaben \u2013 allerdings sollten Google Maps und Co. dem Erfolg des Verlags bald ein Ende setzen. F\u00fcr Janina Kr\u00f6ger bedeutete das: Als n\u00e4chstes muss ein Job in einem Themengebiet mit besseren Zukunftsaussichten her \u2013 die IT-Branche schien da genau richtig! Bereits seit 2019 f\u00fchlt sich die gelernte Redakteurin bei der SYNAXON AG als Mutterunternehmen des IT-SERVICE.NETWORK bestens aufgehoben. Durch Mutterschutz und Elternzeit legt sie aktuell bis Sommer 2026 eine kleine Pause ein. In ihrer Freizeit tauscht Janina den Laptop gern gegen ihre Back- und Kochutensilien aus. Zeit mit ihrer Familie hat h\u00f6chste Priorit\u00e4t. Andere Hobbies wie das Lesen, Hulahoop-Schwingen und Trampolin-H\u00fcpfen sind daher zuletzt etwas in den Hintergrund getreten. \u00dcbrigens: Das IT-SERVICE.NETWORK ist ein Marketing-Verbund f\u00fcr IT-Dienstleister, die sich auf die Betreuung von Unternehmen mit bis zu 250 PC-Arbeitspl\u00e4tzen spezialisiert haben.","sameAs":["https:\/\/www.xing.com\/profile\/Janina_Kroeger3\/","https:\/\/www.linkedin.com\/in\/janina-kr\u00f6ger-490aaa19a\/"],"url":"https:\/\/it-service.network\/blog\/author\/janina\/"}]}},"_links":{"self":[{"href":"https:\/\/it-service.network\/blog\/wp-json\/wp\/v2\/posts\/9598","targetHints":{"allow":["GET"]}}],"collection":[{"href":"https:\/\/it-service.network\/blog\/wp-json\/wp\/v2\/posts"}],"about":[{"href":"https:\/\/it-service.network\/blog\/wp-json\/wp\/v2\/types\/post"}],"author":[{"embeddable":true,"href":"https:\/\/it-service.network\/blog\/wp-json\/wp\/v2\/users\/15"}],"replies":[{"embeddable":true,"href":"https:\/\/it-service.network\/blog\/wp-json\/wp\/v2\/comments?post=9598"}],"version-history":[{"count":1,"href":"https:\/\/it-service.network\/blog\/wp-json\/wp\/v2\/posts\/9598\/revisions"}],"predecessor-version":[{"id":29956,"href":"https:\/\/it-service.network\/blog\/wp-json\/wp\/v2\/posts\/9598\/revisions\/29956"}],"wp:featuredmedia":[{"embeddable":true,"href":"https:\/\/it-service.network\/blog\/wp-json\/wp\/v2\/media\/9659"}],"wp:attachment":[{"href":"https:\/\/it-service.network\/blog\/wp-json\/wp\/v2\/media?parent=9598"}],"wp:term":[{"taxonomy":"category","embeddable":true,"href":"https:\/\/it-service.network\/blog\/wp-json\/wp\/v2\/categories?post=9598"},{"taxonomy":"post_tag","embeddable":true,"href":"https:\/\/it-service.network\/blog\/wp-json\/wp\/v2\/tags?post=9598"}],"curies":[{"name":"wp","href":"https:\/\/api.w.org\/{rel}","templated":true}]}}