{"id":9682,"date":"2019-11-28T08:20:52","date_gmt":"2019-11-28T07:20:52","guid":{"rendered":"https:\/\/it-service.network\/blog\/?p=9682"},"modified":"2026-01-30T10:04:20","modified_gmt":"2026-01-30T09:04:20","slug":"dsgvo-checkliste","status":"publish","type":"post","link":"https:\/\/it-service.network\/blog\/2019\/11\/28\/dsgvo-checkliste\/","title":{"rendered":"DSGVO-Checkliste ## Checkliste f\u00fcr den Datenschutz im Unternehmen"},"content":{"rendered":"<p><strong>Mit einer DSGVO-Checkliste behalten Sie den \u00dcberblick und vermeiden \u00c4rger mit der Datenschutzbeh\u00f6rde. Gerade KMUs sind noch immer unsicher, ob sie den hohen Auflagen der DSGVO gerecht werden. Und tats\u00e4chlich ist das h\u00e4ufig nicht so.<\/strong><br \/>\nMit unserer Checkliste k\u00f6nnen Sie schnell \u00fcberpr\u00fcfen, wie gut oder schlecht es um den Datenschutz in Ihrem Unternehmen bestellt ist.<!--more--><\/p>\n<div id=\"attachment_9685\" style=\"width: 310px\" class=\"wp-caption alignright\"><img loading=\"lazy\" decoding=\"async\" aria-describedby=\"caption-attachment-9685\" class=\"size-medium wp-image-9685\" src=\"https:\/\/it-service.network\/blog\/wp-content\/uploads\/2019\/11\/dsgvo-checkliste-300x205.jpg\" alt=\"dsgvo checkliste\" width=\"300\" height=\"205\" srcset=\"https:\/\/it-service.network\/blog\/wp-content\/uploads\/2019\/11\/dsgvo-checkliste-300x205.jpg 300w, https:\/\/it-service.network\/blog\/wp-content\/uploads\/2019\/11\/dsgvo-checkliste-1024x698.jpg 1024w, https:\/\/it-service.network\/blog\/wp-content\/uploads\/2019\/11\/dsgvo-checkliste-768x524.jpg 768w, https:\/\/it-service.network\/blog\/wp-content\/uploads\/2019\/11\/dsgvo-checkliste.jpg 1069w\" sizes=\"auto, (max-width: 300px) 100vw, 300px\" \/><p id=\"caption-attachment-9685\" class=\"wp-caption-text\">Eine DSGVO-Checkliste hilft, den \u00dcberblick zu behalten.<br \/>\u00a9 Bild: Pixabay\/Tumisu<\/p><\/div>\n<h3>Datenschutz im Unternehmen \u2013 Checkliste<\/h3>\n<p>Auch wenn die Datenschutzgrundverordnung schon seit Mai 2018 g\u00fcltig ist, verzweifeln noch immer viele Unternehmer an der Umsetzung. Die Unsicherheit ist \u2013 gerade ohne juristisches Fachwissen \u2013 gro\u00df und ein DSGVO-Versto\u00df kann schlie\u00dflich richtig teuer werden. So bereitet die DSGVO nicht nur \u201ealten Hasen\u201c im Unternehmertum Kopfzerbrechen, sondern auch jungen Gr\u00fcndern und Start-ups.<br \/>\nDie Sorge, unwissentlich gegen die strengen Auflagen zu versto\u00dfen, ist h\u00e4ufig nicht unbegr\u00fcndet. Und sp\u00e4testens seit dem Rekord-Bu\u00dfgeld gegen die Deutsche Wohnen in H\u00f6he von 14,5 Millionen Euro, wei\u00df jeder: Ein DSGVO-Bu\u00dfgeld kann das wirtschaftliches Aus bedeuten.<br \/>\nEine DSGVO-Checkliste kann den ersten, wichtigen Schritt auf dem Weg zur Rechtssicherheit beim Datenschutz bedeuten. Sie bietet die M\u00f6glichkeit, strukturiert alle wichtigen Punkte abzuarbeiten und im Auflagen-Dschungel nicht den \u00dcberblick zu verlieren. Wir haben daher die wichtigsten Punkte \u00fcbersichtlich f\u00fcr Sie zusammengestellt. Bei Fragen z\u00f6gern Sie nicht, uns unter dem Artikel einen Kommentar zu hinterlassen.<\/p>\n<h3>DSGVO-Checkliste f\u00fcr Unternehmen \u2013 Basics<\/h3>\n<p>Im Folgenden haben wir die wichtigsten Aspekte rund um die DSGVO f\u00fcr Sie zusammengestellt. Jede \u00dcberschrift stellt dabei einen Punkt auf der Checkliste dar.<\/p>\n<h4>1. Benennung eines Datenschutzbeauftragten<\/h4>\n<p>Unter bestimmten Voraussetzungen muss ein Unternehmen einen offiziellen Datenschutzbeauftragten benennen. Ob Ihr Unternehmen betroffen ist, ist schnell gekl\u00e4rt. Besch\u00e4ftigen Sie regelm\u00e4\u00dfig zehn Mitarbeiter, die personenbezogene Daten verarbeiten bzw. Zugriff darauf haben (zum Beispiel Kundendatenbank), ist ein Datenschutzbeauftragter Pflicht. Bei neun oder weniger Mitarbeitern nicht. In diesem Fall tragen Sie als Gesch\u00e4ftsf\u00fchrer selbst die Verantwortung. Achtung: Ob die Mitarbeiter festangestellt oder frei sind, in Voll- oder Teilzeit arbeiten, spielt keine Rolle. Die Anzahl entscheidet.<br \/>\nUnd eine weitere Ausnahme best\u00e4tigt die Regel. Unternehmen, die besonders sensible, personenbezogene Daten verarbeiten, ben\u00f6tigen ebenfalls einen Datenschutzbeauftragten \u2013 unabh\u00e4ngig von der Anzahl der Mitarbeiter, die mit den Daten zu tun haben. Besonders sensible Daten sind beispielsweise Daten zur Gesundheit oder ethnischen Herkunft. Von dieser Ausnahme sind also zum Beispiel auch kleine Arztpraxen oder Anwaltskanzleien betroffen.<br \/>\nEin Datenschutzbeauftagter ber\u00e4t kompetent zu Datenschutzfragen und k\u00fcmmert sich um die Umsetzung der unternehmensspezifischen Anforderungen. Die Kosten sind dabei von eben diesen Anforderungen abh\u00e4ngig. In der Regel ist die Beauftragung eines externen Datenschutzexperten aber g\u00fcnstiger als selbst eine Fachkraft einzustellen.<\/p>\n<h4>2. Erstellung eines Verarbeitungsverzeichnisses<\/h4>\n<p>Jedes Unternehmen muss gem\u00e4\u00df <a href=\"https:\/\/dejure.org\/gesetze\/DSGVO\/30.html\" target=\"_blank\" rel=\"noopener noreferrer\">Artikel 30<\/a> der DSGVO ein <a href=\"https:\/\/it-service.network\/blog\/2018\/02\/23\/verfahrensverzeichnis-nach-dsgvo\/\" target=\"_blank\" rel=\"noopener noreferrer\">Verarbeitungsverzeichnis <\/a>anlegen. In dieser Tabelle listen Sie auf, welche Daten wann, wie und warum im Unternehmen erhoben und verarbeitet werden. Wichtig dabei ist vor allem die Vollst\u00e4ndigkeit der Datens\u00e4tze und Angaben zum Verwendungszweck. Vergessen Sie in diesem Zuge auch nicht Ihre internen Mitarbeiter-Daten.<br \/>\nFolgende Fragen sollten Sie dabei kl\u00e4ren:<\/p>\n<ul>\n<li>Welche Informationen erhalten Personen, deren Daten gespeichert werden, \u00fcber die Erhebung und Speicherung?<\/li>\n<li>Wie werden die Informationen verteilt (zum Beispiel: m\u00fcndlich, schriftlich, auf der Website, in den AGB)?<\/li>\n<li>Werden Daten anonymisiert oder pseudonymisiert?<\/li>\n<li>Wo werden die Daten gespeichert?\u00a0 Falls au\u00dferhalb der EU: Sind die Voraussetzungen zur \u00dcbermittlung in Drittstaaten erf\u00fcllt?<\/li>\n<li>Wie lange werden die Daten gespeichert? Halten Sie die L\u00f6schfristen (zum Beispiel bei <a href=\"https:\/\/it-service.network\/blog\/2019\/07\/26\/datenschutzerklaerung-fuer-bewerber\/\" target=\"_blank\" rel=\"noopener noreferrer\">Bewerberdaten<\/a>) ein?<\/li>\n<li>Welche Daten werden zu welchem Zweck erhoben und verarbeitet? Aus der Antwort auf diese Frage ergibt sich auch, ob es eine gesetzliche Grundlage gibt (zum Beispiel Vertragsbeziehung) oder ob die Personen der Datenverarbeitung erst zustimmen m\u00fcssen.<\/li>\n<li>Werden die Daten an Dritte weitergegeben? Wenn ja, an wen? Und wie ist es dort um den Datenschutz bestellt?<\/li>\n<li>Welchen Weg nehmen die Daten von der Erhebung bis zur L\u00f6schung?<\/li>\n<li>Werden die Daten ausreichend durch technische und organisatorische Ma\u00dfnahmen (<a href=\"https:\/\/it-service.network\/blog\/2018\/04\/13\/toms-dsgvo-datenschutz-datensicherheit\/\" target=\"_blank\" rel=\"noopener noreferrer\">TOM<\/a>) gesch\u00fctzt?<\/li>\n<\/ul>\n<p>\u00dcbrigens: Die Erstellung eines solchen Verzeichnisses ist schon nach dem alten Bundesdatenschutzgesetz verpflichtend. Die wenigsten Betriebe haben es aber bis zum Inkrafttreten der DSGVO gef\u00fchrt.<\/p>\n<div id=\"attachment_4411\" style=\"width: 310px\" class=\"wp-caption alignleft\"><img loading=\"lazy\" decoding=\"async\" aria-describedby=\"caption-attachment-4411\" class=\"size-medium wp-image-4411\" src=\"https:\/\/it-service.network\/blog\/wp-content\/uploads\/2018\/11\/recht-auf-vergessenwerden-300x200.jpg\" alt=\"Das Recht auf L\u00f6schung reguliert den Umgang mit personenbezogenen Daten gem\u00e4\u00df DSGVO. (Bild: pixabay.com\/wattblicker) - DSGVO - Recht auf Vergessen\" width=\"300\" height=\"200\" \/><p id=\"caption-attachment-4411\" class=\"wp-caption-text\">Das Recht auf L\u00f6schung reguliert den Umgang mit personenbezogenen Daten gem\u00e4\u00df DSGVO. Bild: Pixabay\/wattblicker<\/p><\/div>\n<h4>3.\u00a0 DSGVO-L\u00f6schkonzept<\/h4>\n<p>Ein L\u00f6schkonzept ist ebenfalls Pflicht, denn das \u201eRecht auf Vergessenwerden\u201c ist fest im Datenschutz verankert und damit nat\u00fcrlich auch Bestandteil unserer DSGVO-Checkliste. Wer Daten hingegen l\u00e4nger speichert als er darf, riskiert Abmahnungen und (hohe) Bu\u00dfgeldstrafen. Wie Sie ein L\u00f6schkonzept erstellen und worauf es dabei ankommt, k\u00f6nnen Sie in unserem Artikel \u201e<a href=\"https:\/\/it-service.network\/blog\/2019\/11\/27\/loeschkonzept-dsgvo\/\">L\u00f6schkonzept-DSGVO<\/a>\u201c nachlesen.<\/p>\n<h4>4. Datenschutz-Folgenabsch\u00e4tzung<\/h4>\n<p>Unternehmen aus bestimmten Branchen (zum Beispiel Versicherung, Medizin) m\u00fcssen eine Datenschutz-Folgenabsch\u00e4tzung durchf\u00fchren. Betroffen sind alle Betriebe, die mit sensiblen Daten (Finanzen, Gesundheit, ethnische Herkunft) zu tun haben. Hier gilt es, die m\u00f6glichen Konsequenzen im Falle von Datenmissbrauch abzusch\u00e4tzen.<br \/>\nDie Datenschutz-Folgenabsch\u00e4tzung sollte Antworten auf folgende Fragen liefern:<\/p>\n<ul>\n<li>Wie laufen die einzelnen Datenverarbeitungsprozesse im Detail ab?<\/li>\n<li>Welchem Zweck dient die Datenverarbeitung und steht diese im Verh\u00e4ltnis zu etwaigen Risiken?<\/li>\n<li>Welche Risiken bestehen f\u00fcr Personen, deren Daten erhoben werden?<\/li>\n<li>Welche technischen und organisatorischen Ma\u00dfnahmen sch\u00fctzen die Daten vor unberechtigten Zugriffen?<\/li>\n<li>Was passiert im Falle eines Datenlecks?<\/li>\n<\/ul>\n<p>Auf Grundlage der Aufstellung lassen sich dann entsprechende Schutzma\u00dfnahmen definieren und umsetzen.<\/p>\n<h3>DSGVO-Checkliste \u2013 to be continued<\/h3>\n<p>Noch l\u00e4ngst ist das Thema Datenschutz nicht vom Tisch. Nach der DSGVO steht jetzt die <a href=\"https:\/\/it-service.network\/blog\/2018\/08\/21\/eprivacy-verordnung\/\" target=\"_blank\" rel=\"noopener noreferrer\">ePrivacy Verordnung<\/a> in den Startl\u00f6chern, die Unternehmen erneut vor Herausforderungen stellen wird. Unser Tipp daher: Bleiben Sie immer auf dem Laufenden. Beispielsweise indem Sie diesen Blog lesen oder im stetigen Austausch mit Ihrem Datenschutzbeauftragten bleiben. Gehen Sie offene Punkte beim Datenschutz lieber gleich an, statt sie auf die lange Bank zu schieben. Dann k\u00f6nnen Sie einer Pr\u00fcfung durch die Datenschutzbeh\u00f6rde auch gelassen entgegen sehen.<\/p>\n","protected":false},"excerpt":{"rendered":"<p>Mit einer DSGVO-Checkliste behalten Sie den \u00dcberblick und vermeiden \u00c4rger mit der Datenschutzbeh\u00f6rde. Gerade KMUs sind noch immer unsicher, ob sie den hohen Auflagen der DSGVO gerecht werden. Und tats\u00e4chlich ist das h\u00e4ufig nicht so. Mit unserer Checkliste k\u00f6nnen Sie schnell \u00fcberpr\u00fcfen, wie gut oder schlecht es um den Datenschutz in Ihrem Unternehmen bestellt ist.<\/p>\n","protected":false},"author":14,"featured_media":9685,"comment_status":"open","ping_status":"open","sticky":false,"template":"","format":"standard","meta":{"footnotes":""},"categories":[408],"tags":[156],"class_list":["post-9682","post","type-post","status-publish","format-standard","has-post-thumbnail","hentry","category-arbeitswelt-trends","tag-dsgvo"],"yoast_head":"<!-- This site is optimized with the Yoast SEO plugin v26.5 - https:\/\/yoast.com\/wordpress\/plugins\/seo\/ -->\n<title>DSGVO-Checkliste \u2013 Datenschutz im Unternehmen umsetzen<\/title>\n<meta name=\"description\" content=\"Mit einer DSGVO-Checkliste behalten Sie den \u00dcberblick und vermeiden \u00c4rger mit der Datenschutzbeh\u00f6rde. Hier gehts zur Checkliste:\" \/>\n<meta name=\"robots\" content=\"index, follow, max-snippet:-1, max-image-preview:large, max-video-preview:-1\" \/>\n<link rel=\"canonical\" href=\"https:\/\/it-service.network\/blog\/2019\/11\/28\/dsgvo-checkliste\/\" \/>\n<meta property=\"og:locale\" content=\"de_DE\" \/>\n<meta property=\"og:type\" content=\"article\" \/>\n<meta property=\"og:title\" content=\"DSGVO-Checkliste \u2013 Datenschutz im Unternehmen umsetzen\" \/>\n<meta property=\"og:description\" content=\"Mit einer DSGVO-Checkliste behalten Sie den \u00dcberblick und vermeiden \u00c4rger mit der Datenschutzbeh\u00f6rde. Hier gehts zur Checkliste:\" \/>\n<meta property=\"og:url\" content=\"https:\/\/it-service.network\/blog\/2019\/11\/28\/dsgvo-checkliste\/\" \/>\n<meta property=\"og:site_name\" content=\"IT-SERVICE.NETWORK Blog\" \/>\n<meta property=\"article:publisher\" content=\"https:\/\/www.facebook.com\/itservicenetwork\/\" \/>\n<meta property=\"article:published_time\" content=\"2019-11-28T07:20:52+00:00\" \/>\n<meta property=\"article:modified_time\" content=\"2026-01-30T09:04:20+00:00\" \/>\n<meta property=\"og:image\" content=\"https:\/\/it-service.network\/blog\/wp-content\/uploads\/2019\/11\/dsgvo-checkliste.jpg\" \/>\n\t<meta property=\"og:image:width\" content=\"1069\" \/>\n\t<meta property=\"og:image:height\" content=\"729\" \/>\n\t<meta property=\"og:image:type\" content=\"image\/jpeg\" \/>\n<meta name=\"author\" content=\"Lena Klaus\" \/>\n<meta name=\"twitter:card\" content=\"summary_large_image\" \/>\n<meta name=\"twitter:creator\" content=\"@ITSERVICNETWORK\" \/>\n<meta name=\"twitter:site\" content=\"@ITSERVICNETWORK\" \/>\n<meta name=\"twitter:label1\" content=\"Verfasst von\" \/>\n\t<meta name=\"twitter:data1\" content=\"Lena Klaus\" \/>\n\t<meta name=\"twitter:label2\" content=\"Gesch\u00e4tzte Lesezeit\" \/>\n\t<meta name=\"twitter:data2\" content=\"6\u00a0Minuten\" \/>\n<script type=\"application\/ld+json\" class=\"yoast-schema-graph\">{\"@context\":\"https:\/\/schema.org\",\"@graph\":[{\"@type\":\"WebPage\",\"@id\":\"https:\/\/it-service.network\/blog\/2019\/11\/28\/dsgvo-checkliste\/\",\"url\":\"https:\/\/it-service.network\/blog\/2019\/11\/28\/dsgvo-checkliste\/\",\"name\":\"DSGVO-Checkliste \u2013 Datenschutz im Unternehmen umsetzen\",\"isPartOf\":{\"@id\":\"https:\/\/it-service.network\/blog\/#website\"},\"primaryImageOfPage\":{\"@id\":\"https:\/\/it-service.network\/blog\/2019\/11\/28\/dsgvo-checkliste\/#primaryimage\"},\"image\":{\"@id\":\"https:\/\/it-service.network\/blog\/2019\/11\/28\/dsgvo-checkliste\/#primaryimage\"},\"thumbnailUrl\":\"https:\/\/it-service.network\/blog\/wp-content\/uploads\/2019\/11\/dsgvo-checkliste.jpg\",\"datePublished\":\"2019-11-28T07:20:52+00:00\",\"dateModified\":\"2026-01-30T09:04:20+00:00\",\"author\":{\"@id\":\"https:\/\/it-service.network\/blog\/#\/schema\/person\/9cffbe4f537d5e70bde59b560ce9aac6\"},\"description\":\"Mit einer DSGVO-Checkliste behalten Sie den \u00dcberblick und vermeiden \u00c4rger mit der Datenschutzbeh\u00f6rde. Hier gehts zur Checkliste:\",\"breadcrumb\":{\"@id\":\"https:\/\/it-service.network\/blog\/2019\/11\/28\/dsgvo-checkliste\/#breadcrumb\"},\"inLanguage\":\"de\",\"potentialAction\":[{\"@type\":\"ReadAction\",\"target\":[\"https:\/\/it-service.network\/blog\/2019\/11\/28\/dsgvo-checkliste\/\"]}]},{\"@type\":\"ImageObject\",\"inLanguage\":\"de\",\"@id\":\"https:\/\/it-service.network\/blog\/2019\/11\/28\/dsgvo-checkliste\/#primaryimage\",\"url\":\"https:\/\/it-service.network\/blog\/wp-content\/uploads\/2019\/11\/dsgvo-checkliste.jpg\",\"contentUrl\":\"https:\/\/it-service.network\/blog\/wp-content\/uploads\/2019\/11\/dsgvo-checkliste.jpg\",\"width\":1069,\"height\":729,\"caption\":\"Eine DSGVO Checkliste hilft, den \u00dcberblick zu behalten. \u00a9 Tumisu \/ Pixabay\"},{\"@type\":\"BreadcrumbList\",\"@id\":\"https:\/\/it-service.network\/blog\/2019\/11\/28\/dsgvo-checkliste\/#breadcrumb\",\"itemListElement\":[{\"@type\":\"ListItem\",\"position\":1,\"name\":\"Startseite\",\"item\":\"https:\/\/it-service.network\/blog\/\"},{\"@type\":\"ListItem\",\"position\":2,\"name\":\"DSGVO-Checkliste ## Checkliste f\u00fcr den Datenschutz im Unternehmen\"}]},{\"@type\":\"WebSite\",\"@id\":\"https:\/\/it-service.network\/blog\/#website\",\"url\":\"https:\/\/it-service.network\/blog\/\",\"name\":\"IT-SERVICE.NETWORK Blog\",\"description\":\"Der IT-SERVICE.NETWORK Blog mit spannenden IT-News: \u2713 IT-Themen \u2713 IT-Trends \u2713 Business-Themen \u2713 IT-Dienstleistungen\",\"potentialAction\":[{\"@type\":\"SearchAction\",\"target\":{\"@type\":\"EntryPoint\",\"urlTemplate\":\"https:\/\/it-service.network\/blog\/?s={search_term_string}\"},\"query-input\":{\"@type\":\"PropertyValueSpecification\",\"valueRequired\":true,\"valueName\":\"search_term_string\"}}],\"inLanguage\":\"de\"},{\"@type\":\"Person\",\"@id\":\"https:\/\/it-service.network\/blog\/#\/schema\/person\/9cffbe4f537d5e70bde59b560ce9aac6\",\"name\":\"Lena Klaus\",\"image\":{\"@type\":\"ImageObject\",\"inLanguage\":\"de\",\"@id\":\"https:\/\/it-service.network\/blog\/#\/schema\/person\/image\/\",\"url\":\"https:\/\/it-service.network\/blog\/wp-content\/uploads\/2019\/04\/lena-klaus-96x96.jpg\",\"contentUrl\":\"https:\/\/it-service.network\/blog\/wp-content\/uploads\/2019\/04\/lena-klaus-96x96.jpg\",\"caption\":\"Lena Klaus\"},\"description\":\"Lena Klaus arbeitet seit 2018 als freie Autorin und SEO-Expertin f\u00fcr das IT-SERVICE.NETWORK. Besonders die Themen rund um den digitalen Wandel und New Work haben es ihr angetan. Dar\u00fcber hinaus ist die erfahrene Texterin immer wieder fasziniert davon, welche neue Methoden und Tricks Hackern und Cyberkriminellen einfallen. Seit 2013 kennt Lena Klaus die IT-Branche und hat sich in diesem Zusammenhang auf die Erstellung von Webtexten und Blogartikeln f\u00fcr B2C- und B2B-orientierte Content-Plattformen spezialisiert. Bis zu ihrer Elternzeit im Jahr 2017 war sie als Content Marketing- und PR-Managerin bei der SYNAXON AG, dem Mutterunternehmen des IT-SERVICE.NETWORK, fest angestellt. W\u00e4hrend dieser T\u00e4tigkeit verantwortete sie nicht nur die allgemeine Unternehmenskommunikation und Pressearbeit, sondern auch s\u00e4mtlichen Content der SYNAXON-Marke PC-SPEZIALIST. Nach ihrer Elternzeit wechselte sie hauptberuflich die Branche, blieb der SYNAXON AG und der mittlerweile fest etablierten Marke IT-SERVICE.NETWORK aber weiterhin als freie Mitarbeiterin treu. Neben ihrer Arbeit als Redakteurin f\u00fcr den IT-SERVICE.NETWORK-Blog verfasst sie auch Texte f\u00fcr das IT-SERVICE.NETWORK-Lexikon, einzelne Themenseiten, Leistungsbeschreibungen oder Profilseiten der Partner. In ihrer Freizeit bleibt der Laptop dann allerdings meist aus: Sie genie\u00dft die Zeit mit Ihrem Mann (nat\u00fcrlich auch ein ITler) und ihrer Tochter \u2013 am liebsten auf Reisen in fernen L\u00e4ndern.\",\"sameAs\":[\"https:\/\/it-service.network\/\"],\"url\":\"https:\/\/it-service.network\/blog\/author\/lena-klaus\/\"}]}<\/script>\n<!-- \/ Yoast SEO plugin. -->","yoast_head_json":{"title":"DSGVO-Checkliste \u2013 Datenschutz im Unternehmen umsetzen","description":"Mit einer DSGVO-Checkliste behalten Sie den \u00dcberblick und vermeiden \u00c4rger mit der Datenschutzbeh\u00f6rde. Hier gehts zur Checkliste:","robots":{"index":"index","follow":"follow","max-snippet":"max-snippet:-1","max-image-preview":"max-image-preview:large","max-video-preview":"max-video-preview:-1"},"canonical":"https:\/\/it-service.network\/blog\/2019\/11\/28\/dsgvo-checkliste\/","og_locale":"de_DE","og_type":"article","og_title":"DSGVO-Checkliste \u2013 Datenschutz im Unternehmen umsetzen","og_description":"Mit einer DSGVO-Checkliste behalten Sie den \u00dcberblick und vermeiden \u00c4rger mit der Datenschutzbeh\u00f6rde. Hier gehts zur Checkliste:","og_url":"https:\/\/it-service.network\/blog\/2019\/11\/28\/dsgvo-checkliste\/","og_site_name":"IT-SERVICE.NETWORK Blog","article_publisher":"https:\/\/www.facebook.com\/itservicenetwork\/","article_published_time":"2019-11-28T07:20:52+00:00","article_modified_time":"2026-01-30T09:04:20+00:00","og_image":[{"width":1069,"height":729,"url":"https:\/\/it-service.network\/blog\/wp-content\/uploads\/2019\/11\/dsgvo-checkliste.jpg","type":"image\/jpeg"}],"author":"Lena Klaus","twitter_card":"summary_large_image","twitter_creator":"@ITSERVICNETWORK","twitter_site":"@ITSERVICNETWORK","twitter_misc":{"Verfasst von":"Lena Klaus","Gesch\u00e4tzte Lesezeit":"6\u00a0Minuten"},"schema":{"@context":"https:\/\/schema.org","@graph":[{"@type":"WebPage","@id":"https:\/\/it-service.network\/blog\/2019\/11\/28\/dsgvo-checkliste\/","url":"https:\/\/it-service.network\/blog\/2019\/11\/28\/dsgvo-checkliste\/","name":"DSGVO-Checkliste \u2013 Datenschutz im Unternehmen umsetzen","isPartOf":{"@id":"https:\/\/it-service.network\/blog\/#website"},"primaryImageOfPage":{"@id":"https:\/\/it-service.network\/blog\/2019\/11\/28\/dsgvo-checkliste\/#primaryimage"},"image":{"@id":"https:\/\/it-service.network\/blog\/2019\/11\/28\/dsgvo-checkliste\/#primaryimage"},"thumbnailUrl":"https:\/\/it-service.network\/blog\/wp-content\/uploads\/2019\/11\/dsgvo-checkliste.jpg","datePublished":"2019-11-28T07:20:52+00:00","dateModified":"2026-01-30T09:04:20+00:00","author":{"@id":"https:\/\/it-service.network\/blog\/#\/schema\/person\/9cffbe4f537d5e70bde59b560ce9aac6"},"description":"Mit einer DSGVO-Checkliste behalten Sie den \u00dcberblick und vermeiden \u00c4rger mit der Datenschutzbeh\u00f6rde. Hier gehts zur Checkliste:","breadcrumb":{"@id":"https:\/\/it-service.network\/blog\/2019\/11\/28\/dsgvo-checkliste\/#breadcrumb"},"inLanguage":"de","potentialAction":[{"@type":"ReadAction","target":["https:\/\/it-service.network\/blog\/2019\/11\/28\/dsgvo-checkliste\/"]}]},{"@type":"ImageObject","inLanguage":"de","@id":"https:\/\/it-service.network\/blog\/2019\/11\/28\/dsgvo-checkliste\/#primaryimage","url":"https:\/\/it-service.network\/blog\/wp-content\/uploads\/2019\/11\/dsgvo-checkliste.jpg","contentUrl":"https:\/\/it-service.network\/blog\/wp-content\/uploads\/2019\/11\/dsgvo-checkliste.jpg","width":1069,"height":729,"caption":"Eine DSGVO Checkliste hilft, den \u00dcberblick zu behalten. \u00a9 Tumisu \/ Pixabay"},{"@type":"BreadcrumbList","@id":"https:\/\/it-service.network\/blog\/2019\/11\/28\/dsgvo-checkliste\/#breadcrumb","itemListElement":[{"@type":"ListItem","position":1,"name":"Startseite","item":"https:\/\/it-service.network\/blog\/"},{"@type":"ListItem","position":2,"name":"DSGVO-Checkliste ## Checkliste f\u00fcr den Datenschutz im Unternehmen"}]},{"@type":"WebSite","@id":"https:\/\/it-service.network\/blog\/#website","url":"https:\/\/it-service.network\/blog\/","name":"IT-SERVICE.NETWORK Blog","description":"Der IT-SERVICE.NETWORK Blog mit spannenden IT-News: \u2713 IT-Themen \u2713 IT-Trends \u2713 Business-Themen \u2713 IT-Dienstleistungen","potentialAction":[{"@type":"SearchAction","target":{"@type":"EntryPoint","urlTemplate":"https:\/\/it-service.network\/blog\/?s={search_term_string}"},"query-input":{"@type":"PropertyValueSpecification","valueRequired":true,"valueName":"search_term_string"}}],"inLanguage":"de"},{"@type":"Person","@id":"https:\/\/it-service.network\/blog\/#\/schema\/person\/9cffbe4f537d5e70bde59b560ce9aac6","name":"Lena Klaus","image":{"@type":"ImageObject","inLanguage":"de","@id":"https:\/\/it-service.network\/blog\/#\/schema\/person\/image\/","url":"https:\/\/it-service.network\/blog\/wp-content\/uploads\/2019\/04\/lena-klaus-96x96.jpg","contentUrl":"https:\/\/it-service.network\/blog\/wp-content\/uploads\/2019\/04\/lena-klaus-96x96.jpg","caption":"Lena Klaus"},"description":"Lena Klaus arbeitet seit 2018 als freie Autorin und SEO-Expertin f\u00fcr das IT-SERVICE.NETWORK. Besonders die Themen rund um den digitalen Wandel und New Work haben es ihr angetan. Dar\u00fcber hinaus ist die erfahrene Texterin immer wieder fasziniert davon, welche neue Methoden und Tricks Hackern und Cyberkriminellen einfallen. Seit 2013 kennt Lena Klaus die IT-Branche und hat sich in diesem Zusammenhang auf die Erstellung von Webtexten und Blogartikeln f\u00fcr B2C- und B2B-orientierte Content-Plattformen spezialisiert. Bis zu ihrer Elternzeit im Jahr 2017 war sie als Content Marketing- und PR-Managerin bei der SYNAXON AG, dem Mutterunternehmen des IT-SERVICE.NETWORK, fest angestellt. W\u00e4hrend dieser T\u00e4tigkeit verantwortete sie nicht nur die allgemeine Unternehmenskommunikation und Pressearbeit, sondern auch s\u00e4mtlichen Content der SYNAXON-Marke PC-SPEZIALIST. Nach ihrer Elternzeit wechselte sie hauptberuflich die Branche, blieb der SYNAXON AG und der mittlerweile fest etablierten Marke IT-SERVICE.NETWORK aber weiterhin als freie Mitarbeiterin treu. Neben ihrer Arbeit als Redakteurin f\u00fcr den IT-SERVICE.NETWORK-Blog verfasst sie auch Texte f\u00fcr das IT-SERVICE.NETWORK-Lexikon, einzelne Themenseiten, Leistungsbeschreibungen oder Profilseiten der Partner. In ihrer Freizeit bleibt der Laptop dann allerdings meist aus: Sie genie\u00dft die Zeit mit Ihrem Mann (nat\u00fcrlich auch ein ITler) und ihrer Tochter \u2013 am liebsten auf Reisen in fernen L\u00e4ndern.","sameAs":["https:\/\/it-service.network\/"],"url":"https:\/\/it-service.network\/blog\/author\/lena-klaus\/"}]}},"_links":{"self":[{"href":"https:\/\/it-service.network\/blog\/wp-json\/wp\/v2\/posts\/9682","targetHints":{"allow":["GET"]}}],"collection":[{"href":"https:\/\/it-service.network\/blog\/wp-json\/wp\/v2\/posts"}],"about":[{"href":"https:\/\/it-service.network\/blog\/wp-json\/wp\/v2\/types\/post"}],"author":[{"embeddable":true,"href":"https:\/\/it-service.network\/blog\/wp-json\/wp\/v2\/users\/14"}],"replies":[{"embeddable":true,"href":"https:\/\/it-service.network\/blog\/wp-json\/wp\/v2\/comments?post=9682"}],"version-history":[{"count":1,"href":"https:\/\/it-service.network\/blog\/wp-json\/wp\/v2\/posts\/9682\/revisions"}],"predecessor-version":[{"id":29955,"href":"https:\/\/it-service.network\/blog\/wp-json\/wp\/v2\/posts\/9682\/revisions\/29955"}],"wp:featuredmedia":[{"embeddable":true,"href":"https:\/\/it-service.network\/blog\/wp-json\/wp\/v2\/media\/9685"}],"wp:attachment":[{"href":"https:\/\/it-service.network\/blog\/wp-json\/wp\/v2\/media?parent=9682"}],"wp:term":[{"taxonomy":"category","embeddable":true,"href":"https:\/\/it-service.network\/blog\/wp-json\/wp\/v2\/categories?post=9682"},{"taxonomy":"post_tag","embeddable":true,"href":"https:\/\/it-service.network\/blog\/wp-json\/wp\/v2\/tags?post=9682"}],"curies":[{"name":"wp","href":"https:\/\/api.w.org\/{rel}","templated":true}]}}