{"id":9836,"date":"2019-12-17T10:22:32","date_gmt":"2019-12-17T09:22:32","guid":{"rendered":"https:\/\/it-service.network\/blog\/?p=9836"},"modified":"2022-03-10T13:00:37","modified_gmt":"2022-03-10T12:00:37","slug":"gesetzesaenderungen-2020","status":"publish","type":"post","link":"https:\/\/it-service.network\/blog\/2019\/12\/17\/gesetzesaenderungen-2020\/","title":{"rendered":"Gesetzes\u00e4nderungen 2020 ## Rechtliche \u00c4nderungen f\u00fcr Arbeitgeber &#038; Arbeitnehmer"},"content":{"rendered":"<p><strong>Die Gesetzes\u00e4nderungen 2020 haben massive Auswirkungen f\u00fcr Unternehmen und Angestellte. Von Steuervorteilen bis zur Erh\u00f6hung des Mindestlohns sind einige \u00c4nderungen dabei, die sich im Portemonnaie auf beiden Seiten bemerkbar machen werden.<\/strong><br \/>\nWelche Gesetzes\u00e4nderungen schon in einem Monat wirksam werden und was Arbeitgeber und Arbeitnehmer in diesem Zusammenhang noch erwartet, lesen Sie jetzt bei uns.<!--more--><\/p>\n<div id=\"attachment_9839\" style=\"width: 310px\" class=\"wp-caption alignright\"><img loading=\"lazy\" decoding=\"async\" aria-describedby=\"caption-attachment-9839\" class=\"size-medium wp-image-9839\" src=\"https:\/\/it-service.network\/blog\/wp-content\/uploads\/2019\/12\/gesetzes\u00e4nderungen-2020-300x194.jpg\" alt=\"gesetzes\u00e4nderungen 2020\" width=\"300\" height=\"194\" srcset=\"https:\/\/it-service.network\/blog\/wp-content\/uploads\/2019\/12\/gesetzes\u00e4nderungen-2020-300x194.jpg 300w, https:\/\/it-service.network\/blog\/wp-content\/uploads\/2019\/12\/gesetzes\u00e4nderungen-2020-768x496.jpg 768w, https:\/\/it-service.network\/blog\/wp-content\/uploads\/2019\/12\/gesetzes\u00e4nderungen-2020.jpg 949w\" sizes=\"auto, (max-width: 300px) 100vw, 300px\" \/><p id=\"caption-attachment-9839\" class=\"wp-caption-text\">Die Gesetzes\u00e4nderungen 2020 bedeuten mehr f\u00fcr diejenigen, die bisher \u201ewenig\u201c hatten. Auch wird ein Fokus auf die Rettung des Klimas gelegt. Bild: Pixabay\/WilliamCho<\/p><\/div>\n<h3>Gesetzes\u00e4nderungen 2020 \u2013 unsere \u00dcbersicht<\/h3>\n<p><a href=\"https:\/\/it-service.network\/blog\/2018\/12\/31\/gesetzesaenderungen-2019\/\" target=\"_blank\" rel=\"noopener noreferrer\">Traditionell<\/a> treten auch 2020 p\u00fcnktlich zum Jahreswechsel neue Gesetze und Regelungen in Kraft. \u00dcbergeordnet lassen sich die Gesetzes\u00e4nderungen 2020 wie folgt zusammenfassen: Diejenigen, die bislang \u201ewenig\u201c hatten, bekommen mehr. Sei es in Form von Geh\u00e4ltern oder durch Entlastungen (beispielsweise durch die neue Wohngeldreform, die vor allem Familien und Rentner erfreuen wird).<br \/>\nAuch das Thema Klima spielt ab kommendem Jahr erwartungsgem\u00e4\u00df eine gr\u00f6\u00dfere Rolle. Ob man da nun vom \u201eGreta-Effekt\u201c reden m\u00f6chte oder nicht \u2013 Fakt ist, dass die Bundesregierung diesbez\u00fcglich sehr flei\u00dfig ist und die Ergebnisse dem ein oder anderen (Autofahrer) nicht gefallen d\u00fcrften. Im Folgenden erfahren Sie mehr \u00fcber alle Gesetzes\u00e4nderungen 2020.<\/p>\n<h3>Mindestlohn steigt auf 9,35 \u20ac<\/h3>\n<p>Gute Nachrichten f\u00fcr Arbeitnehmer, mittelm\u00e4\u00dfige f\u00fcr Arbeitgeber. Ab dem 1. Januar 2020 steigt der Mindestlohn. Statt 9,19 \u20ac m\u00fcssen ab n\u00e4chstem Jahr wenigstens 9,35 \u20ac pro Stunde gezahlt werden. Ausnahmen gelten nur f\u00fcr folgende Personen:<\/p>\n<ul class=\"rte--list\">\n<li>Jugendliche unter 18 Jahren ohne abgeschlossene Berufsausbildung<\/li>\n<li>Schul- und Studium-Praktikanten, sofern das Praktikum Pflicht ist<\/li>\n<li>Praktikanten, wenn das Praktikum maximal drei Monate dauert und der beruflichen Orientierung oder Aufnahme eines Studiums dient<\/li>\n<li>Auszubildende w\u00e4hrend der Berufsausbildung (siehe unten)<\/li>\n<li>Langzeitarbeitslose im ersten halben Jahr der Besch\u00e4ftigung nach Beendung der Arbeitslosigkeit<\/li>\n<li>Jugendliche in einer Einstiegsqualifizierung<\/li>\n<li>Ehrenamtliche.<\/li>\n<\/ul>\n<p>Neben einem erh\u00f6hten Mindestlohn gibt es weitere \u00c4nderungen.<\/p>\n<div id=\"attachment_9851\" style=\"width: 310px\" class=\"wp-caption alignleft\"><img loading=\"lazy\" decoding=\"async\" aria-describedby=\"caption-attachment-9851\" class=\"size-medium wp-image-9851\" src=\"https:\/\/it-service.network\/blog\/wp-content\/uploads\/2019\/12\/\u00e4nderungen-gesetz-2020-300x197.jpg\" alt=\"gesetzes\u00e4nderungen 2020\" width=\"300\" height=\"197\" srcset=\"https:\/\/it-service.network\/blog\/wp-content\/uploads\/2019\/12\/\u00e4nderungen-gesetz-2020-300x197.jpg 300w, https:\/\/it-service.network\/blog\/wp-content\/uploads\/2019\/12\/\u00e4nderungen-gesetz-2020-768x504.jpg 768w, https:\/\/it-service.network\/blog\/wp-content\/uploads\/2019\/12\/\u00e4nderungen-gesetz-2020.jpg 943w\" sizes=\"auto, (max-width: 300px) 100vw, 300px\" \/><p id=\"caption-attachment-9851\" class=\"wp-caption-text\">Einige Gruppen freuen sich 2020 \u00fcber mehr Geld. Bild: Pixabay\/mohamed_hassan<\/p><\/div>\n<h3>H\u00f6here Azubigeh\u00e4lter ab 2020<\/h3>\n<p>Auch f\u00fcr Auszubildende gibt es gute Nachrichten: Im ersten Ausbildungsjahr verdienen sie ab 2020 mindestens 515 \u20ac pro Monat. Bis zum Jahr 2023 soll die Azubi-Verg\u00fctung dann sukzessive weiter steigen (2021: 550 \u20ac, 2022: 585 \u20ac, 2023: 620 \u20ac). Im zweiten Ausbildungsjahr liegt die Mindestverg\u00fctung dann 18 Prozent \u00fcber der des ersten Jahres, im dritten Jahr 35 Prozent und im vierten Jahr 40 Prozent. Zudem wird das Berufsbildungsgesetz angepasst. Um einen Wildwuchs an Bezeichnungen zu vermeiden, sollen drittverst\u00e4ndliche Abschl\u00fcsse wie \u201eBerufsspezialistIn\u201c, \u201eBachelor Professional\u201c oder \u201eMaster Professional\u201c eingef\u00fchrt werden.<br \/>\nEs bleibt abzuwarten, ob die Erh\u00f6hung der Azubi-Geh\u00e4lter daf\u00fcr sorgt, dass k\u00fcnftig nicht mehr so viele Lehrstellen unbesetzt bleiben. Gerade Berufe mit augenscheinlich \u201eunattraktiven\u201c Arbeitsbedingungen (zum Beispiel Gastronomie, Handwerk und <a href=\"https:\/\/www.malteser.de\/aware\/#gref\" target=\"_blank\" rel=\"noopener noreferrer\">Pflege<\/a>) hatten zus\u00e4tzlich noch h\u00e4ufig das Problem der verh\u00e4ltnism\u00e4\u00dfig geringen Bezahlung. Die Folge: Zahlreiche Betriebe konnten ihre freien Lehrstellen nicht besetzen. Ein Umstand, der den Fachkr\u00e4ftemangel weiter versch\u00e4rft und besonders das Handwerk trifft, dessen \u201egoldener Boden\u201c immer weniger gl\u00e4nzte. F\u00fcr Arbeitgeber bedeuten die Erh\u00f6hung des Mindestlohns und der Azubi-Verg\u00fctungen nat\u00fcrlich h\u00f6here Personalinvestitionen, die auch erst einmal wirtschaftlich gestemmt werden m\u00fcssen. So hat auch diese Medaille wieder zwei Seiten.<\/p>\n<h3>Mehr Geld f\u00fcr einkommensschwache Gruppen &amp; Au\u00dfendienstler<\/h3>\n<p>Parallel zur arbeitenden Fraktion erhalten Hartz IV und Sozialhilfeempf\u00e4nger ebenfalls mehr Geld. Hier betr\u00e4gt die Steigerung 1,88 Prozent, was bei einem alleinstehenden Erwachsen monatlich acht Euro ausmacht. Einkommensschwache Familien erhalten k\u00fcnftig 185 \u20ac Kindergeldzuschlag, aber auch alle anderen profitieren, denn der <a href=\"https:\/\/www.lohnsteuer-kompakt.de\/fag\/2019\/272\/was_ist_der_kinderfreibetrag\" target=\"_blank\" rel=\"noopener noreferrer\">Kinderfreibetrag<\/a> erh\u00f6ht sich um 192 \u20ac auf insgesamt 5.172 \u20ac pro Kind.<br \/>\nAuf Wohngeld sollen k\u00fcnftig ungef\u00e4hr 660.000 Haushalte in der Republik Anspruch haben. Dadurch will die Bundesregierung vor allem Familien und Rentner in den teuren St\u00e4dten entlasten. Wer in die Sanierung seiner Bestandsimmobilie investiert, soll 20 Prozent der Aufwendungen von der Steuerschuld abziehen k\u00f6nnen.<br \/>\nWer beruflich viel unterwegs ist, kann ab 2020 h\u00f6here <strong>Verpflegungskosten<\/strong> geltend machen. Der Pauschalbetrag steigt um 2 \u20ac auf k\u00fcnftig 14 \u20ac bei mehr als acht Stunden Ausw\u00e4rtst\u00e4tigkeit. Bei 24 Stunden sind es dann 28 \u20ac, wobei der An- und Abreisetag bei mehrt\u00e4gigen Reisen mit 14 \u20ac bewertet wird.<\/p>\n<h3>Gesetzes\u00e4nderungen 2020 f\u00fcr Klima und Umwelt<\/h3>\n<p>Wie eingangs erw\u00e4hnt, ist der Klimaschutz im kommenden Jahr ein zentrales Thema. Das zeigt sich auch in der Gesetzgebung \u2013 hier kommt der \u00dcberblick:<\/p>\n<ul>\n<li>Verl\u00e4ngerung der Kaufpr\u00e4mie f\u00fcr Elektro-Autos bis 2025<\/li>\n<li>St\u00e4rkere Steuer-Beg\u00fcnstigung von Dienstfahrr\u00e4dern sowie Dienstautos mit Hybrid- oder Elektroantrieb<\/li>\n<li>Senkung der Mehrwertsteuer auf Bahntickets f\u00fcr Fernreisen von 19 auf den erm\u00e4\u00dfigten Steuersatz von sieben Prozent<\/li>\n<\/ul>\n<h3>Gesetz zum Schutz vor Manipulationen an digitalen Grundaufzeichnungen<\/h3>\n<p>Die <a href=\"https:\/\/it-service.network\/blog\/2019\/12\/18\/kassengesetz-2020\/\" target=\"_blank\" rel=\"noopener noreferrer\">letzte Reform zur Kassenf\u00fchrung<\/a> ist keine drei Jahre alt, da kommt schon die n\u00e4chste. Ab 2020 tritt ein neues Kassengesetz in Kraft. Der klangvolle Titel: \u201eGesetz zum Schutz vor Manipulationen an digitalen Grundaufzeichnungen.\u201c<br \/>\nIm Kern geht es darum, dass jedes elektronische Kassensystem \u00fcber eine spezielle technische Sicherheitsvorrichtung verf\u00fcgen muss. Diese besteht aus einem Hardware-Software-B\u00fcndel und ist in der Regel nachr\u00fcstbar. Weitere Details finden Sie in unserem <a href=\"https:\/\/it-service.network\/blog\/2019\/12\/18\/kassengesetz-2020\/\" target=\"_blank\" rel=\"noopener noreferrer\">Blogbeitrag zum Thema<\/a>.<\/p>\n","protected":false},"excerpt":{"rendered":"<p>Die Gesetzes\u00e4nderungen 2020 haben massive Auswirkungen f\u00fcr Unternehmen und Angestellte. Von Steuervorteilen bis zur Erh\u00f6hung des Mindestlohns sind einige \u00c4nderungen dabei, die sich im Portemonnaie auf beiden Seiten bemerkbar machen werden. Welche Gesetzes\u00e4nderungen schon in einem Monat wirksam werden und was Arbeitgeber und Arbeitnehmer in diesem Zusammenhang noch erwartet, lesen Sie jetzt bei uns.<\/p>\n","protected":false},"author":14,"featured_media":9839,"comment_status":"open","ping_status":"open","sticky":false,"template":"","format":"standard","meta":{"footnotes":""},"categories":[408],"tags":[969,899],"class_list":["post-9836","post","type-post","status-publish","format-standard","has-post-thumbnail","hentry","category-arbeitswelt-trends","tag-gesetze","tag-it-recht-und-digitalpolitik"],"yoast_head":"<!-- This site is optimized with the Yoast SEO plugin v26.5 - https:\/\/yoast.com\/wordpress\/plugins\/seo\/ -->\n<title>Gesetzes\u00e4nderungen 2020 f\u00fcr Arbeitgeber &amp; Arbeitnehmer<\/title>\n<meta name=\"description\" content=\"Die Gesetzes\u00e4nderungen 2020 haben starke Auswirkungen f\u00fcr Unternehmen und Angestellte. Von Steuervorteilen bis Mindestlohn \u2013 Infos bei uns.\" \/>\n<meta name=\"robots\" content=\"index, follow, max-snippet:-1, max-image-preview:large, max-video-preview:-1\" \/>\n<link rel=\"canonical\" href=\"https:\/\/it-service.network\/blog\/2019\/12\/17\/gesetzesaenderungen-2020\/\" \/>\n<meta property=\"og:locale\" content=\"de_DE\" \/>\n<meta property=\"og:type\" content=\"article\" \/>\n<meta property=\"og:title\" content=\"Gesetzes\u00e4nderungen 2020 f\u00fcr Arbeitgeber &amp; Arbeitnehmer\" \/>\n<meta property=\"og:description\" content=\"Die Gesetzes\u00e4nderungen 2020 haben starke Auswirkungen f\u00fcr Unternehmen und Angestellte. Von Steuervorteilen bis Mindestlohn \u2013 Infos bei uns.\" \/>\n<meta property=\"og:url\" content=\"https:\/\/it-service.network\/blog\/2019\/12\/17\/gesetzesaenderungen-2020\/\" \/>\n<meta property=\"og:site_name\" content=\"IT-SERVICE.NETWORK Blog\" \/>\n<meta property=\"article:publisher\" content=\"https:\/\/www.facebook.com\/itservicenetwork\/\" \/>\n<meta property=\"article:published_time\" content=\"2019-12-17T09:22:32+00:00\" \/>\n<meta property=\"article:modified_time\" content=\"2022-03-10T12:00:37+00:00\" \/>\n<meta property=\"og:image\" content=\"https:\/\/it-service.network\/blog\/wp-content\/uploads\/2019\/12\/gesetzes\u00e4nderungen-2020.jpg\" \/>\n\t<meta property=\"og:image:width\" content=\"949\" \/>\n\t<meta property=\"og:image:height\" content=\"613\" \/>\n\t<meta property=\"og:image:type\" content=\"image\/jpeg\" \/>\n<meta name=\"author\" content=\"Lena Klaus\" \/>\n<meta name=\"twitter:card\" content=\"summary_large_image\" \/>\n<meta name=\"twitter:creator\" content=\"@ITSERVICNETWORK\" \/>\n<meta name=\"twitter:site\" content=\"@ITSERVICNETWORK\" \/>\n<meta name=\"twitter:label1\" content=\"Verfasst von\" \/>\n\t<meta name=\"twitter:data1\" content=\"Lena Klaus\" \/>\n\t<meta name=\"twitter:label2\" content=\"Gesch\u00e4tzte Lesezeit\" \/>\n\t<meta name=\"twitter:data2\" content=\"4\u00a0Minuten\" \/>\n<script type=\"application\/ld+json\" class=\"yoast-schema-graph\">{\"@context\":\"https:\/\/schema.org\",\"@graph\":[{\"@type\":\"WebPage\",\"@id\":\"https:\/\/it-service.network\/blog\/2019\/12\/17\/gesetzesaenderungen-2020\/\",\"url\":\"https:\/\/it-service.network\/blog\/2019\/12\/17\/gesetzesaenderungen-2020\/\",\"name\":\"Gesetzes\u00e4nderungen 2020 f\u00fcr Arbeitgeber & Arbeitnehmer\",\"isPartOf\":{\"@id\":\"https:\/\/it-service.network\/blog\/#website\"},\"primaryImageOfPage\":{\"@id\":\"https:\/\/it-service.network\/blog\/2019\/12\/17\/gesetzesaenderungen-2020\/#primaryimage\"},\"image\":{\"@id\":\"https:\/\/it-service.network\/blog\/2019\/12\/17\/gesetzesaenderungen-2020\/#primaryimage\"},\"thumbnailUrl\":\"https:\/\/it-service.network\/blog\/wp-content\/uploads\/2019\/12\/gesetzes\u00e4nderungen-2020.jpg\",\"datePublished\":\"2019-12-17T09:22:32+00:00\",\"dateModified\":\"2022-03-10T12:00:37+00:00\",\"author\":{\"@id\":\"https:\/\/it-service.network\/blog\/#\/schema\/person\/9cffbe4f537d5e70bde59b560ce9aac6\"},\"description\":\"Die Gesetzes\u00e4nderungen 2020 haben starke Auswirkungen f\u00fcr Unternehmen und Angestellte. Von Steuervorteilen bis Mindestlohn \u2013 Infos bei uns.\",\"breadcrumb\":{\"@id\":\"https:\/\/it-service.network\/blog\/2019\/12\/17\/gesetzesaenderungen-2020\/#breadcrumb\"},\"inLanguage\":\"de\",\"potentialAction\":[{\"@type\":\"ReadAction\",\"target\":[\"https:\/\/it-service.network\/blog\/2019\/12\/17\/gesetzesaenderungen-2020\/\"]}]},{\"@type\":\"ImageObject\",\"inLanguage\":\"de\",\"@id\":\"https:\/\/it-service.network\/blog\/2019\/12\/17\/gesetzesaenderungen-2020\/#primaryimage\",\"url\":\"https:\/\/it-service.network\/blog\/wp-content\/uploads\/2019\/12\/gesetzes\u00e4nderungen-2020.jpg\",\"contentUrl\":\"https:\/\/it-service.network\/blog\/wp-content\/uploads\/2019\/12\/gesetzes\u00e4nderungen-2020.jpg\",\"width\":949,\"height\":613,\"caption\":\"Die Gesetzes\u00e4nderungen 2020 bedeuten mehr f\u00fcr diejenigen, die bisher \u201ewenig\u201c hatten. Auch wird ein Fokus auf die Rettung des Klimas gelegt. Bild: Pixabay\/WilliamCho\"},{\"@type\":\"BreadcrumbList\",\"@id\":\"https:\/\/it-service.network\/blog\/2019\/12\/17\/gesetzesaenderungen-2020\/#breadcrumb\",\"itemListElement\":[{\"@type\":\"ListItem\",\"position\":1,\"name\":\"Startseite\",\"item\":\"https:\/\/it-service.network\/blog\/\"},{\"@type\":\"ListItem\",\"position\":2,\"name\":\"Gesetzes\u00e4nderungen 2020 ## Rechtliche \u00c4nderungen f\u00fcr Arbeitgeber &#038; Arbeitnehmer\"}]},{\"@type\":\"WebSite\",\"@id\":\"https:\/\/it-service.network\/blog\/#website\",\"url\":\"https:\/\/it-service.network\/blog\/\",\"name\":\"IT-SERVICE.NETWORK Blog\",\"description\":\"Der IT-SERVICE.NETWORK Blog mit spannenden IT-News: \u2713 IT-Themen \u2713 IT-Trends \u2713 Business-Themen \u2713 IT-Dienstleistungen\",\"potentialAction\":[{\"@type\":\"SearchAction\",\"target\":{\"@type\":\"EntryPoint\",\"urlTemplate\":\"https:\/\/it-service.network\/blog\/?s={search_term_string}\"},\"query-input\":{\"@type\":\"PropertyValueSpecification\",\"valueRequired\":true,\"valueName\":\"search_term_string\"}}],\"inLanguage\":\"de\"},{\"@type\":\"Person\",\"@id\":\"https:\/\/it-service.network\/blog\/#\/schema\/person\/9cffbe4f537d5e70bde59b560ce9aac6\",\"name\":\"Lena Klaus\",\"image\":{\"@type\":\"ImageObject\",\"inLanguage\":\"de\",\"@id\":\"https:\/\/it-service.network\/blog\/#\/schema\/person\/image\/\",\"url\":\"https:\/\/it-service.network\/blog\/wp-content\/uploads\/2019\/04\/lena-klaus-96x96.jpg\",\"contentUrl\":\"https:\/\/it-service.network\/blog\/wp-content\/uploads\/2019\/04\/lena-klaus-96x96.jpg\",\"caption\":\"Lena Klaus\"},\"description\":\"Lena Klaus arbeitet seit 2018 als freie Autorin und SEO-Expertin f\u00fcr das IT-SERVICE.NETWORK. Besonders die Themen rund um den digitalen Wandel und New Work haben es ihr angetan. Dar\u00fcber hinaus ist die erfahrene Texterin immer wieder fasziniert davon, welche neue Methoden und Tricks Hackern und Cyberkriminellen einfallen. Seit 2013 kennt Lena Klaus die IT-Branche und hat sich in diesem Zusammenhang auf die Erstellung von Webtexten und Blogartikeln f\u00fcr B2C- und B2B-orientierte Content-Plattformen spezialisiert. Bis zu ihrer Elternzeit im Jahr 2017 war sie als Content Marketing- und PR-Managerin bei der SYNAXON AG, dem Mutterunternehmen des IT-SERVICE.NETWORK, fest angestellt. W\u00e4hrend dieser T\u00e4tigkeit verantwortete sie nicht nur die allgemeine Unternehmenskommunikation und Pressearbeit, sondern auch s\u00e4mtlichen Content der SYNAXON-Marke PC-SPEZIALIST. Nach ihrer Elternzeit wechselte sie hauptberuflich die Branche, blieb der SYNAXON AG und der mittlerweile fest etablierten Marke IT-SERVICE.NETWORK aber weiterhin als freie Mitarbeiterin treu. Neben ihrer Arbeit als Redakteurin f\u00fcr den IT-SERVICE.NETWORK-Blog verfasst sie auch Texte f\u00fcr das IT-SERVICE.NETWORK-Lexikon, einzelne Themenseiten, Leistungsbeschreibungen oder Profilseiten der Partner. In ihrer Freizeit bleibt der Laptop dann allerdings meist aus: Sie genie\u00dft die Zeit mit Ihrem Mann (nat\u00fcrlich auch ein ITler) und ihrer Tochter \u2013 am liebsten auf Reisen in fernen L\u00e4ndern.\",\"sameAs\":[\"https:\/\/it-service.network\/\"],\"url\":\"https:\/\/it-service.network\/blog\/author\/lena-klaus\/\"}]}<\/script>\n<!-- \/ Yoast SEO plugin. -->","yoast_head_json":{"title":"Gesetzes\u00e4nderungen 2020 f\u00fcr Arbeitgeber & Arbeitnehmer","description":"Die Gesetzes\u00e4nderungen 2020 haben starke Auswirkungen f\u00fcr Unternehmen und Angestellte. Von Steuervorteilen bis Mindestlohn \u2013 Infos bei uns.","robots":{"index":"index","follow":"follow","max-snippet":"max-snippet:-1","max-image-preview":"max-image-preview:large","max-video-preview":"max-video-preview:-1"},"canonical":"https:\/\/it-service.network\/blog\/2019\/12\/17\/gesetzesaenderungen-2020\/","og_locale":"de_DE","og_type":"article","og_title":"Gesetzes\u00e4nderungen 2020 f\u00fcr Arbeitgeber & Arbeitnehmer","og_description":"Die Gesetzes\u00e4nderungen 2020 haben starke Auswirkungen f\u00fcr Unternehmen und Angestellte. Von Steuervorteilen bis Mindestlohn \u2013 Infos bei uns.","og_url":"https:\/\/it-service.network\/blog\/2019\/12\/17\/gesetzesaenderungen-2020\/","og_site_name":"IT-SERVICE.NETWORK Blog","article_publisher":"https:\/\/www.facebook.com\/itservicenetwork\/","article_published_time":"2019-12-17T09:22:32+00:00","article_modified_time":"2022-03-10T12:00:37+00:00","og_image":[{"width":949,"height":613,"url":"https:\/\/it-service.network\/blog\/wp-content\/uploads\/2019\/12\/gesetzes\u00e4nderungen-2020.jpg","type":"image\/jpeg"}],"author":"Lena Klaus","twitter_card":"summary_large_image","twitter_creator":"@ITSERVICNETWORK","twitter_site":"@ITSERVICNETWORK","twitter_misc":{"Verfasst von":"Lena Klaus","Gesch\u00e4tzte Lesezeit":"4\u00a0Minuten"},"schema":{"@context":"https:\/\/schema.org","@graph":[{"@type":"WebPage","@id":"https:\/\/it-service.network\/blog\/2019\/12\/17\/gesetzesaenderungen-2020\/","url":"https:\/\/it-service.network\/blog\/2019\/12\/17\/gesetzesaenderungen-2020\/","name":"Gesetzes\u00e4nderungen 2020 f\u00fcr Arbeitgeber & Arbeitnehmer","isPartOf":{"@id":"https:\/\/it-service.network\/blog\/#website"},"primaryImageOfPage":{"@id":"https:\/\/it-service.network\/blog\/2019\/12\/17\/gesetzesaenderungen-2020\/#primaryimage"},"image":{"@id":"https:\/\/it-service.network\/blog\/2019\/12\/17\/gesetzesaenderungen-2020\/#primaryimage"},"thumbnailUrl":"https:\/\/it-service.network\/blog\/wp-content\/uploads\/2019\/12\/gesetzes\u00e4nderungen-2020.jpg","datePublished":"2019-12-17T09:22:32+00:00","dateModified":"2022-03-10T12:00:37+00:00","author":{"@id":"https:\/\/it-service.network\/blog\/#\/schema\/person\/9cffbe4f537d5e70bde59b560ce9aac6"},"description":"Die Gesetzes\u00e4nderungen 2020 haben starke Auswirkungen f\u00fcr Unternehmen und Angestellte. Von Steuervorteilen bis Mindestlohn \u2013 Infos bei uns.","breadcrumb":{"@id":"https:\/\/it-service.network\/blog\/2019\/12\/17\/gesetzesaenderungen-2020\/#breadcrumb"},"inLanguage":"de","potentialAction":[{"@type":"ReadAction","target":["https:\/\/it-service.network\/blog\/2019\/12\/17\/gesetzesaenderungen-2020\/"]}]},{"@type":"ImageObject","inLanguage":"de","@id":"https:\/\/it-service.network\/blog\/2019\/12\/17\/gesetzesaenderungen-2020\/#primaryimage","url":"https:\/\/it-service.network\/blog\/wp-content\/uploads\/2019\/12\/gesetzes\u00e4nderungen-2020.jpg","contentUrl":"https:\/\/it-service.network\/blog\/wp-content\/uploads\/2019\/12\/gesetzes\u00e4nderungen-2020.jpg","width":949,"height":613,"caption":"Die Gesetzes\u00e4nderungen 2020 bedeuten mehr f\u00fcr diejenigen, die bisher \u201ewenig\u201c hatten. Auch wird ein Fokus auf die Rettung des Klimas gelegt. Bild: Pixabay\/WilliamCho"},{"@type":"BreadcrumbList","@id":"https:\/\/it-service.network\/blog\/2019\/12\/17\/gesetzesaenderungen-2020\/#breadcrumb","itemListElement":[{"@type":"ListItem","position":1,"name":"Startseite","item":"https:\/\/it-service.network\/blog\/"},{"@type":"ListItem","position":2,"name":"Gesetzes\u00e4nderungen 2020 ## Rechtliche \u00c4nderungen f\u00fcr Arbeitgeber &#038; Arbeitnehmer"}]},{"@type":"WebSite","@id":"https:\/\/it-service.network\/blog\/#website","url":"https:\/\/it-service.network\/blog\/","name":"IT-SERVICE.NETWORK Blog","description":"Der IT-SERVICE.NETWORK Blog mit spannenden IT-News: \u2713 IT-Themen \u2713 IT-Trends \u2713 Business-Themen \u2713 IT-Dienstleistungen","potentialAction":[{"@type":"SearchAction","target":{"@type":"EntryPoint","urlTemplate":"https:\/\/it-service.network\/blog\/?s={search_term_string}"},"query-input":{"@type":"PropertyValueSpecification","valueRequired":true,"valueName":"search_term_string"}}],"inLanguage":"de"},{"@type":"Person","@id":"https:\/\/it-service.network\/blog\/#\/schema\/person\/9cffbe4f537d5e70bde59b560ce9aac6","name":"Lena Klaus","image":{"@type":"ImageObject","inLanguage":"de","@id":"https:\/\/it-service.network\/blog\/#\/schema\/person\/image\/","url":"https:\/\/it-service.network\/blog\/wp-content\/uploads\/2019\/04\/lena-klaus-96x96.jpg","contentUrl":"https:\/\/it-service.network\/blog\/wp-content\/uploads\/2019\/04\/lena-klaus-96x96.jpg","caption":"Lena Klaus"},"description":"Lena Klaus arbeitet seit 2018 als freie Autorin und SEO-Expertin f\u00fcr das IT-SERVICE.NETWORK. Besonders die Themen rund um den digitalen Wandel und New Work haben es ihr angetan. Dar\u00fcber hinaus ist die erfahrene Texterin immer wieder fasziniert davon, welche neue Methoden und Tricks Hackern und Cyberkriminellen einfallen. Seit 2013 kennt Lena Klaus die IT-Branche und hat sich in diesem Zusammenhang auf die Erstellung von Webtexten und Blogartikeln f\u00fcr B2C- und B2B-orientierte Content-Plattformen spezialisiert. Bis zu ihrer Elternzeit im Jahr 2017 war sie als Content Marketing- und PR-Managerin bei der SYNAXON AG, dem Mutterunternehmen des IT-SERVICE.NETWORK, fest angestellt. W\u00e4hrend dieser T\u00e4tigkeit verantwortete sie nicht nur die allgemeine Unternehmenskommunikation und Pressearbeit, sondern auch s\u00e4mtlichen Content der SYNAXON-Marke PC-SPEZIALIST. Nach ihrer Elternzeit wechselte sie hauptberuflich die Branche, blieb der SYNAXON AG und der mittlerweile fest etablierten Marke IT-SERVICE.NETWORK aber weiterhin als freie Mitarbeiterin treu. Neben ihrer Arbeit als Redakteurin f\u00fcr den IT-SERVICE.NETWORK-Blog verfasst sie auch Texte f\u00fcr das IT-SERVICE.NETWORK-Lexikon, einzelne Themenseiten, Leistungsbeschreibungen oder Profilseiten der Partner. In ihrer Freizeit bleibt der Laptop dann allerdings meist aus: Sie genie\u00dft die Zeit mit Ihrem Mann (nat\u00fcrlich auch ein ITler) und ihrer Tochter \u2013 am liebsten auf Reisen in fernen L\u00e4ndern.","sameAs":["https:\/\/it-service.network\/"],"url":"https:\/\/it-service.network\/blog\/author\/lena-klaus\/"}]}},"_links":{"self":[{"href":"https:\/\/it-service.network\/blog\/wp-json\/wp\/v2\/posts\/9836","targetHints":{"allow":["GET"]}}],"collection":[{"href":"https:\/\/it-service.network\/blog\/wp-json\/wp\/v2\/posts"}],"about":[{"href":"https:\/\/it-service.network\/blog\/wp-json\/wp\/v2\/types\/post"}],"author":[{"embeddable":true,"href":"https:\/\/it-service.network\/blog\/wp-json\/wp\/v2\/users\/14"}],"replies":[{"embeddable":true,"href":"https:\/\/it-service.network\/blog\/wp-json\/wp\/v2\/comments?post=9836"}],"version-history":[{"count":1,"href":"https:\/\/it-service.network\/blog\/wp-json\/wp\/v2\/posts\/9836\/revisions"}],"predecessor-version":[{"id":19010,"href":"https:\/\/it-service.network\/blog\/wp-json\/wp\/v2\/posts\/9836\/revisions\/19010"}],"wp:featuredmedia":[{"embeddable":true,"href":"https:\/\/it-service.network\/blog\/wp-json\/wp\/v2\/media\/9839"}],"wp:attachment":[{"href":"https:\/\/it-service.network\/blog\/wp-json\/wp\/v2\/media?parent=9836"}],"wp:term":[{"taxonomy":"category","embeddable":true,"href":"https:\/\/it-service.network\/blog\/wp-json\/wp\/v2\/categories?post=9836"},{"taxonomy":"post_tag","embeddable":true,"href":"https:\/\/it-service.network\/blog\/wp-json\/wp\/v2\/tags?post=9836"}],"curies":[{"name":"wp","href":"https:\/\/api.w.org\/{rel}","templated":true}]}}