{"id":9913,"date":"2020-01-17T07:20:50","date_gmt":"2020-01-17T06:20:50","guid":{"rendered":"https:\/\/it-service.network\/blog\/?p=9913"},"modified":"2020-01-17T07:20:50","modified_gmt":"2020-01-17T06:20:50","slug":"digitale-kompetenz","status":"publish","type":"post","link":"https:\/\/it-service.network\/blog\/2020\/01\/17\/digitale-kompetenz\/","title":{"rendered":"Digitale Kompetenz ## Weichen f\u00fcr den digitalen Wandel"},"content":{"rendered":"<p><strong>Die digitale Kompetenz der eigenen Mitarbeiter ist zu einem \u00fcberaus relevanten Kriterium f\u00fcr Personaler geworden. 80 Prozent der in einer aktuellen Studie befragten Unternehmen geben sogar an, die Digitalkompetenz ihrer Mitarbeiter gezielt zu f\u00f6rdern, um sie so f\u00fcr den digitalen Wandel fit zu machen.<\/strong><br \/>\nAber was genau ist digitale Kompetenz eigentlich? Wir geben Antwort!<!--more--><br \/>\n<div id=\"attachment_9925\" style=\"width: 310px\" class=\"wp-caption alignright\"><img loading=\"lazy\" decoding=\"async\" aria-describedby=\"caption-attachment-9925\" class=\"size-medium wp-image-9925\" src=\"https:\/\/it-service.network\/blog\/wp-content\/uploads\/2019\/12\/digitale-kompetenz-300x200.jpg\" alt=\"digitale kompetenz\" width=\"300\" height=\"200\" srcset=\"https:\/\/it-service.network\/blog\/wp-content\/uploads\/2019\/12\/digitale-kompetenz-300x200.jpg 300w, https:\/\/it-service.network\/blog\/wp-content\/uploads\/2019\/12\/digitale-kompetenz-768x512.jpg 768w, https:\/\/it-service.network\/blog\/wp-content\/uploads\/2019\/12\/digitale-kompetenz.jpg 960w\" sizes=\"auto, (max-width: 300px) 100vw, 300px\" \/><p id=\"caption-attachment-9925\" class=\"wp-caption-text\">Die digitale Kompetenz der Mitarbeiter stellt die Weichen f\u00fcr den Wandel. Bild: Pixabay\/geralt<\/p><\/div><\/p>\n<h3>Digitale Kompetenz \u2013 startklar f\u00fcr den Wandel<\/h3>\n<p>So langsam scheint sich der Gro\u00dfteil deutscher Unternehmen dar\u00fcber bewusst zu sein, dass der <a href=\"https:\/\/it-service.network\/blog\/2018\/05\/16\/digitaler-wandel\/\" target=\"_blank\" rel=\"noopener noreferrer\">Digitale Wandel<\/a> nicht aufzuhalten ist. Zum einen sind damit Investitionen in moderne Technologien, die Cloud und leistungsf\u00e4hige Infrastrukturen verbunden, zum anderen m\u00fcssen die Mitarbeiter notwendige Transformationsprozesse mittragen.<br \/>\nUnd genau dieser Umstand scheint immer mehr in den Fokus zu r\u00fccken. Einer <a href=\"https:\/\/downloads.studie-digitalisierung.de\/2019\/de\/Trendstudie_TCS_2019_Bericht_DE.pdf\" target=\"_blank\" rel=\"noopener noreferrer\">aktuellen Erhebung<\/a> zufolge f\u00f6rdern acht von zehn Unternehmen gezielt die digitale Kompetenz ihrer Mitarbeiter \u2013 oder streben es zumindest an.<br \/>\nDas Schlagwort in diesem Zusammenhang lautet Change Prozess. Und bei jedem zweiten Unternehmen mit mehr als 100 Mitarbeitern ist dieser mittlerweile in vollem Gange \u2013 noch vor zwei Jahren lag der Anteil \u00fcbrigens nur bei einem guten Drittel.<\/p>\n<h3>Was ist digitale Kompetenz?<\/h3>\n<p><span class=\"citation__meta__author\">Frank Karcher, <\/span><span class=\"citation__meta__information\">Personalleiter Central Europe, Tata Consultancy Services Deutschland, fasst die aktuelle Herausforderung in der Studie wie folgt zusammen: \u201eN<span class=\"Typewriter__wrapper\">eue Anforderungsprofile, fortschreitende Automatisierung, flexiblere Arbeitsmodelle: Die <a href=\"https:\/\/it-service.network\/blog\/2018\/02\/07\/new-work\/\" target=\"_blank\" rel=\"noopener noreferrer\">neue Arbeitswelt<\/a> wirft viele Fragen auf, die uns HR-Entscheider unmittelbar angehen. Wir m\u00fcssen uns st\u00e4rker in Diskussionen um den digitalen Kurs unserer Unternehmen einbringen.\u201c Von dieser Aussage l\u00e4sst sich gut eine Definition ableiten.<\/span><\/span><br \/>\n<span class=\"citation__meta__information\"><span class=\"Typewriter__wrapper\">Mit digitaler Kompetenz wird eine Schl\u00fcsselkompetenz f\u00fcr das lebenslange Lernen bezeichnet. Im Kern geht es darum, sicher (und auch kritisch) mit digitalen Technologien umzugehen. Damit sollen die Mitarbeiter daf\u00fcr sorgen, dass die mit den Technologien einhergehenden Informationen, Probleml\u00f6sungsans\u00e4tzen und Kommunikationsmethoden in allen Lebens- und Arbeitsbereichen genutzt werden. <\/span><\/span><br \/>\n<span class=\"citation__meta__information\"><span class=\"Typewriter__wrapper\">Doch der Ansatz geht noch weiter. Digitale Kompetenz gilt als eine \u00fcbergreifende F\u00e4higkeit, die auch dabei hilft, andere Kompetenzen zu meistern, wie beispielsweise Kommunikation, Sprachkenntnisse oder Grundfertigkeiten in Mathematik und Naturwissenschaften. So viel zur Theorie.<\/span><\/span><\/p>\n<h3>Herausforderungen f\u00fcr Unternehmen<\/h3>\n<p>In der Praxis sind viele Change-Management-Prozesse mit einigen H\u00fcrden verbunden. Das scheint vor allem an der altbekannten Tatsache zu liegen, dass der Mensch als Gewohnheitstier gilt. Besonders langj\u00e4hrige Mitarbeiter tun sich h\u00e4ufig schwer damit, Ver\u00e4nderungen etwas Positives abzugewinnen und neue Chancen zu erkennen. Nicht jeder bringt au\u00dferdem die Bereitschaft mit, auf \u201eseine alten Tage\u201c noch Neues zu lernen.\u00a0Ein weiteres Problem: Die W\u00fcnsche und Bed\u00fcrfnisse sind von Generation zu Generation unterschiedlich. Was der Generation Y heute wichtig ist, tangiert die <a href=\"https:\/\/de.wikipedia.org\/wiki\/Baby-Boomer\" target=\"_blank\" rel=\"noopener noreferrer\">Baby-Boomer<\/a> eher wenig \u2013 und umgekehrt.<br \/>\nDie Kunst f\u00fcr Gesch\u00e4ftsf\u00fchrer besteht darin, die Mitarbeiter in Summe mit ins Boot zu holen \u2013 und dabei ausreichend behutsam vorzugehen. Wer bei Neueinstellungen aber direkt Kandidaten ausw\u00e4hlt, die gen\u00fcgend digitale Affinit\u00e4t mitbringen, kann von einer Sog-Wirkung profitieren.<br \/>\nWie man durch Change-Management Schritt f\u00fcr Schritt die digitale Kompetenz steigern und das Unternehmen damit erfolgreich Richtung Zukunft entwickeln kann, verr\u00e4t unser Artikel <a href=\"https:\/\/it-service.network\/blog\/2019\/03\/13\/change-management\/\" target=\"_blank\" rel=\"noopener noreferrer\">\u201eChange-Management \u2013 so geht es richtig!\u201c<\/a>.<\/p>\n","protected":false},"excerpt":{"rendered":"<p>Die digitale Kompetenz der eigenen Mitarbeiter ist zu einem \u00fcberaus relevanten Kriterium f\u00fcr Personaler geworden. 80 Prozent der in einer aktuellen Studie befragten Unternehmen geben sogar an, die Digitalkompetenz ihrer Mitarbeiter gezielt zu f\u00f6rdern, um sie so f\u00fcr den digitalen Wandel fit zu machen. Aber was genau ist digitale Kompetenz eigentlich? Wir geben Antwort!<\/p>\n","protected":false},"author":14,"featured_media":9925,"comment_status":"open","ping_status":"open","sticky":false,"template":"","format":"standard","meta":{"footnotes":""},"categories":[408],"tags":[45,898,326],"class_list":["post-9913","post","type-post","status-publish","format-standard","has-post-thumbnail","hentry","category-arbeitswelt-trends","tag-digitaler-wandel","tag-it-management","tag-new-work"],"yoast_head":"<!-- This site is optimized with the Yoast SEO plugin v26.5 - https:\/\/yoast.com\/wordpress\/plugins\/seo\/ -->\n<title>Digitale Kompetenz der Mitarbeiter f\u00f6rdern \u2013 Weichen f\u00fcr den Wandel<\/title>\n<meta name=\"description\" content=\"Die digitale Kompetenz der eigenen Mitarbeiter ist zu einem hochrelevanten Kriterium und Basis f\u00fcr eine Zukunft in Zeiten der Digitalisierung geworden.\" \/>\n<meta name=\"robots\" content=\"index, follow, max-snippet:-1, max-image-preview:large, max-video-preview:-1\" \/>\n<link rel=\"canonical\" href=\"https:\/\/it-service.network\/blog\/2020\/01\/17\/digitale-kompetenz\/\" \/>\n<meta property=\"og:locale\" content=\"de_DE\" \/>\n<meta property=\"og:type\" content=\"article\" \/>\n<meta property=\"og:title\" content=\"Digitale Kompetenz der Mitarbeiter f\u00f6rdern \u2013 Weichen f\u00fcr den Wandel\" \/>\n<meta property=\"og:description\" content=\"Die digitale Kompetenz der eigenen Mitarbeiter ist zu einem hochrelevanten Kriterium und Basis f\u00fcr eine Zukunft in Zeiten der Digitalisierung geworden.\" \/>\n<meta property=\"og:url\" content=\"https:\/\/it-service.network\/blog\/2020\/01\/17\/digitale-kompetenz\/\" \/>\n<meta property=\"og:site_name\" content=\"IT-SERVICE.NETWORK Blog\" \/>\n<meta property=\"article:publisher\" content=\"https:\/\/www.facebook.com\/itservicenetwork\/\" \/>\n<meta property=\"article:published_time\" content=\"2020-01-17T06:20:50+00:00\" \/>\n<meta property=\"og:image\" content=\"https:\/\/it-service.network\/blog\/wp-content\/uploads\/2019\/12\/digitale-kompetenz.jpg\" \/>\n\t<meta property=\"og:image:width\" content=\"960\" \/>\n\t<meta property=\"og:image:height\" content=\"640\" \/>\n\t<meta property=\"og:image:type\" content=\"image\/jpeg\" \/>\n<meta name=\"author\" content=\"Lena Klaus\" \/>\n<meta name=\"twitter:card\" content=\"summary_large_image\" \/>\n<meta name=\"twitter:creator\" content=\"@ITSERVICNETWORK\" \/>\n<meta name=\"twitter:site\" content=\"@ITSERVICNETWORK\" \/>\n<meta name=\"twitter:label1\" content=\"Verfasst von\" \/>\n\t<meta name=\"twitter:data1\" content=\"Lena Klaus\" \/>\n\t<meta name=\"twitter:label2\" content=\"Gesch\u00e4tzte Lesezeit\" \/>\n\t<meta name=\"twitter:data2\" content=\"3\u00a0Minuten\" \/>\n<script type=\"application\/ld+json\" class=\"yoast-schema-graph\">{\"@context\":\"https:\/\/schema.org\",\"@graph\":[{\"@type\":\"WebPage\",\"@id\":\"https:\/\/it-service.network\/blog\/2020\/01\/17\/digitale-kompetenz\/\",\"url\":\"https:\/\/it-service.network\/blog\/2020\/01\/17\/digitale-kompetenz\/\",\"name\":\"Digitale Kompetenz der Mitarbeiter f\u00f6rdern \u2013 Weichen f\u00fcr den Wandel\",\"isPartOf\":{\"@id\":\"https:\/\/it-service.network\/blog\/#website\"},\"primaryImageOfPage\":{\"@id\":\"https:\/\/it-service.network\/blog\/2020\/01\/17\/digitale-kompetenz\/#primaryimage\"},\"image\":{\"@id\":\"https:\/\/it-service.network\/blog\/2020\/01\/17\/digitale-kompetenz\/#primaryimage\"},\"thumbnailUrl\":\"https:\/\/it-service.network\/blog\/wp-content\/uploads\/2019\/12\/digitale-kompetenz.jpg\",\"datePublished\":\"2020-01-17T06:20:50+00:00\",\"author\":{\"@id\":\"https:\/\/it-service.network\/blog\/#\/schema\/person\/9cffbe4f537d5e70bde59b560ce9aac6\"},\"description\":\"Die digitale Kompetenz der eigenen Mitarbeiter ist zu einem hochrelevanten Kriterium und Basis f\u00fcr eine Zukunft in Zeiten der Digitalisierung geworden.\",\"breadcrumb\":{\"@id\":\"https:\/\/it-service.network\/blog\/2020\/01\/17\/digitale-kompetenz\/#breadcrumb\"},\"inLanguage\":\"de\",\"potentialAction\":[{\"@type\":\"ReadAction\",\"target\":[\"https:\/\/it-service.network\/blog\/2020\/01\/17\/digitale-kompetenz\/\"]}]},{\"@type\":\"ImageObject\",\"inLanguage\":\"de\",\"@id\":\"https:\/\/it-service.network\/blog\/2020\/01\/17\/digitale-kompetenz\/#primaryimage\",\"url\":\"https:\/\/it-service.network\/blog\/wp-content\/uploads\/2019\/12\/digitale-kompetenz.jpg\",\"contentUrl\":\"https:\/\/it-service.network\/blog\/wp-content\/uploads\/2019\/12\/digitale-kompetenz.jpg\",\"width\":960,\"height\":640,\"caption\":\"Die digitale Kompetenz der Mitarbeiter stellt die Weichen f\u00fcr den Wandel. Bild: Pixabay\/geralt\"},{\"@type\":\"BreadcrumbList\",\"@id\":\"https:\/\/it-service.network\/blog\/2020\/01\/17\/digitale-kompetenz\/#breadcrumb\",\"itemListElement\":[{\"@type\":\"ListItem\",\"position\":1,\"name\":\"Startseite\",\"item\":\"https:\/\/it-service.network\/blog\/\"},{\"@type\":\"ListItem\",\"position\":2,\"name\":\"Digitale Kompetenz ## Weichen f\u00fcr den digitalen Wandel\"}]},{\"@type\":\"WebSite\",\"@id\":\"https:\/\/it-service.network\/blog\/#website\",\"url\":\"https:\/\/it-service.network\/blog\/\",\"name\":\"IT-SERVICE.NETWORK Blog\",\"description\":\"Der IT-SERVICE.NETWORK Blog mit spannenden IT-News: \u2713 IT-Themen \u2713 IT-Trends \u2713 Business-Themen \u2713 IT-Dienstleistungen\",\"potentialAction\":[{\"@type\":\"SearchAction\",\"target\":{\"@type\":\"EntryPoint\",\"urlTemplate\":\"https:\/\/it-service.network\/blog\/?s={search_term_string}\"},\"query-input\":{\"@type\":\"PropertyValueSpecification\",\"valueRequired\":true,\"valueName\":\"search_term_string\"}}],\"inLanguage\":\"de\"},{\"@type\":\"Person\",\"@id\":\"https:\/\/it-service.network\/blog\/#\/schema\/person\/9cffbe4f537d5e70bde59b560ce9aac6\",\"name\":\"Lena Klaus\",\"image\":{\"@type\":\"ImageObject\",\"inLanguage\":\"de\",\"@id\":\"https:\/\/it-service.network\/blog\/#\/schema\/person\/image\/\",\"url\":\"https:\/\/it-service.network\/blog\/wp-content\/uploads\/2019\/04\/lena-klaus-96x96.jpg\",\"contentUrl\":\"https:\/\/it-service.network\/blog\/wp-content\/uploads\/2019\/04\/lena-klaus-96x96.jpg\",\"caption\":\"Lena Klaus\"},\"description\":\"Lena Klaus arbeitet seit 2018 als freie Autorin und SEO-Expertin f\u00fcr das IT-SERVICE.NETWORK. Besonders die Themen rund um den digitalen Wandel und New Work haben es ihr angetan. Dar\u00fcber hinaus ist die erfahrene Texterin immer wieder fasziniert davon, welche neue Methoden und Tricks Hackern und Cyberkriminellen einfallen. Seit 2013 kennt Lena Klaus die IT-Branche und hat sich in diesem Zusammenhang auf die Erstellung von Webtexten und Blogartikeln f\u00fcr B2C- und B2B-orientierte Content-Plattformen spezialisiert. Bis zu ihrer Elternzeit im Jahr 2017 war sie als Content Marketing- und PR-Managerin bei der SYNAXON AG, dem Mutterunternehmen des IT-SERVICE.NETWORK, fest angestellt. W\u00e4hrend dieser T\u00e4tigkeit verantwortete sie nicht nur die allgemeine Unternehmenskommunikation und Pressearbeit, sondern auch s\u00e4mtlichen Content der SYNAXON-Marke PC-SPEZIALIST. Nach ihrer Elternzeit wechselte sie hauptberuflich die Branche, blieb der SYNAXON AG und der mittlerweile fest etablierten Marke IT-SERVICE.NETWORK aber weiterhin als freie Mitarbeiterin treu. Neben ihrer Arbeit als Redakteurin f\u00fcr den IT-SERVICE.NETWORK-Blog verfasst sie auch Texte f\u00fcr das IT-SERVICE.NETWORK-Lexikon, einzelne Themenseiten, Leistungsbeschreibungen oder Profilseiten der Partner. In ihrer Freizeit bleibt der Laptop dann allerdings meist aus: Sie genie\u00dft die Zeit mit Ihrem Mann (nat\u00fcrlich auch ein ITler) und ihrer Tochter \u2013 am liebsten auf Reisen in fernen L\u00e4ndern.\",\"sameAs\":[\"https:\/\/it-service.network\/\"],\"url\":\"https:\/\/it-service.network\/blog\/author\/lena-klaus\/\"}]}<\/script>\n<!-- \/ Yoast SEO plugin. -->","yoast_head_json":{"title":"Digitale Kompetenz der Mitarbeiter f\u00f6rdern \u2013 Weichen f\u00fcr den Wandel","description":"Die digitale Kompetenz der eigenen Mitarbeiter ist zu einem hochrelevanten Kriterium und Basis f\u00fcr eine Zukunft in Zeiten der Digitalisierung geworden.","robots":{"index":"index","follow":"follow","max-snippet":"max-snippet:-1","max-image-preview":"max-image-preview:large","max-video-preview":"max-video-preview:-1"},"canonical":"https:\/\/it-service.network\/blog\/2020\/01\/17\/digitale-kompetenz\/","og_locale":"de_DE","og_type":"article","og_title":"Digitale Kompetenz der Mitarbeiter f\u00f6rdern \u2013 Weichen f\u00fcr den Wandel","og_description":"Die digitale Kompetenz der eigenen Mitarbeiter ist zu einem hochrelevanten Kriterium und Basis f\u00fcr eine Zukunft in Zeiten der Digitalisierung geworden.","og_url":"https:\/\/it-service.network\/blog\/2020\/01\/17\/digitale-kompetenz\/","og_site_name":"IT-SERVICE.NETWORK Blog","article_publisher":"https:\/\/www.facebook.com\/itservicenetwork\/","article_published_time":"2020-01-17T06:20:50+00:00","og_image":[{"width":960,"height":640,"url":"https:\/\/it-service.network\/blog\/wp-content\/uploads\/2019\/12\/digitale-kompetenz.jpg","type":"image\/jpeg"}],"author":"Lena Klaus","twitter_card":"summary_large_image","twitter_creator":"@ITSERVICNETWORK","twitter_site":"@ITSERVICNETWORK","twitter_misc":{"Verfasst von":"Lena Klaus","Gesch\u00e4tzte Lesezeit":"3\u00a0Minuten"},"schema":{"@context":"https:\/\/schema.org","@graph":[{"@type":"WebPage","@id":"https:\/\/it-service.network\/blog\/2020\/01\/17\/digitale-kompetenz\/","url":"https:\/\/it-service.network\/blog\/2020\/01\/17\/digitale-kompetenz\/","name":"Digitale Kompetenz der Mitarbeiter f\u00f6rdern \u2013 Weichen f\u00fcr den Wandel","isPartOf":{"@id":"https:\/\/it-service.network\/blog\/#website"},"primaryImageOfPage":{"@id":"https:\/\/it-service.network\/blog\/2020\/01\/17\/digitale-kompetenz\/#primaryimage"},"image":{"@id":"https:\/\/it-service.network\/blog\/2020\/01\/17\/digitale-kompetenz\/#primaryimage"},"thumbnailUrl":"https:\/\/it-service.network\/blog\/wp-content\/uploads\/2019\/12\/digitale-kompetenz.jpg","datePublished":"2020-01-17T06:20:50+00:00","author":{"@id":"https:\/\/it-service.network\/blog\/#\/schema\/person\/9cffbe4f537d5e70bde59b560ce9aac6"},"description":"Die digitale Kompetenz der eigenen Mitarbeiter ist zu einem hochrelevanten Kriterium und Basis f\u00fcr eine Zukunft in Zeiten der Digitalisierung geworden.","breadcrumb":{"@id":"https:\/\/it-service.network\/blog\/2020\/01\/17\/digitale-kompetenz\/#breadcrumb"},"inLanguage":"de","potentialAction":[{"@type":"ReadAction","target":["https:\/\/it-service.network\/blog\/2020\/01\/17\/digitale-kompetenz\/"]}]},{"@type":"ImageObject","inLanguage":"de","@id":"https:\/\/it-service.network\/blog\/2020\/01\/17\/digitale-kompetenz\/#primaryimage","url":"https:\/\/it-service.network\/blog\/wp-content\/uploads\/2019\/12\/digitale-kompetenz.jpg","contentUrl":"https:\/\/it-service.network\/blog\/wp-content\/uploads\/2019\/12\/digitale-kompetenz.jpg","width":960,"height":640,"caption":"Die digitale Kompetenz der Mitarbeiter stellt die Weichen f\u00fcr den Wandel. Bild: Pixabay\/geralt"},{"@type":"BreadcrumbList","@id":"https:\/\/it-service.network\/blog\/2020\/01\/17\/digitale-kompetenz\/#breadcrumb","itemListElement":[{"@type":"ListItem","position":1,"name":"Startseite","item":"https:\/\/it-service.network\/blog\/"},{"@type":"ListItem","position":2,"name":"Digitale Kompetenz ## Weichen f\u00fcr den digitalen Wandel"}]},{"@type":"WebSite","@id":"https:\/\/it-service.network\/blog\/#website","url":"https:\/\/it-service.network\/blog\/","name":"IT-SERVICE.NETWORK Blog","description":"Der IT-SERVICE.NETWORK Blog mit spannenden IT-News: \u2713 IT-Themen \u2713 IT-Trends \u2713 Business-Themen \u2713 IT-Dienstleistungen","potentialAction":[{"@type":"SearchAction","target":{"@type":"EntryPoint","urlTemplate":"https:\/\/it-service.network\/blog\/?s={search_term_string}"},"query-input":{"@type":"PropertyValueSpecification","valueRequired":true,"valueName":"search_term_string"}}],"inLanguage":"de"},{"@type":"Person","@id":"https:\/\/it-service.network\/blog\/#\/schema\/person\/9cffbe4f537d5e70bde59b560ce9aac6","name":"Lena Klaus","image":{"@type":"ImageObject","inLanguage":"de","@id":"https:\/\/it-service.network\/blog\/#\/schema\/person\/image\/","url":"https:\/\/it-service.network\/blog\/wp-content\/uploads\/2019\/04\/lena-klaus-96x96.jpg","contentUrl":"https:\/\/it-service.network\/blog\/wp-content\/uploads\/2019\/04\/lena-klaus-96x96.jpg","caption":"Lena Klaus"},"description":"Lena Klaus arbeitet seit 2018 als freie Autorin und SEO-Expertin f\u00fcr das IT-SERVICE.NETWORK. Besonders die Themen rund um den digitalen Wandel und New Work haben es ihr angetan. Dar\u00fcber hinaus ist die erfahrene Texterin immer wieder fasziniert davon, welche neue Methoden und Tricks Hackern und Cyberkriminellen einfallen. Seit 2013 kennt Lena Klaus die IT-Branche und hat sich in diesem Zusammenhang auf die Erstellung von Webtexten und Blogartikeln f\u00fcr B2C- und B2B-orientierte Content-Plattformen spezialisiert. Bis zu ihrer Elternzeit im Jahr 2017 war sie als Content Marketing- und PR-Managerin bei der SYNAXON AG, dem Mutterunternehmen des IT-SERVICE.NETWORK, fest angestellt. W\u00e4hrend dieser T\u00e4tigkeit verantwortete sie nicht nur die allgemeine Unternehmenskommunikation und Pressearbeit, sondern auch s\u00e4mtlichen Content der SYNAXON-Marke PC-SPEZIALIST. Nach ihrer Elternzeit wechselte sie hauptberuflich die Branche, blieb der SYNAXON AG und der mittlerweile fest etablierten Marke IT-SERVICE.NETWORK aber weiterhin als freie Mitarbeiterin treu. Neben ihrer Arbeit als Redakteurin f\u00fcr den IT-SERVICE.NETWORK-Blog verfasst sie auch Texte f\u00fcr das IT-SERVICE.NETWORK-Lexikon, einzelne Themenseiten, Leistungsbeschreibungen oder Profilseiten der Partner. In ihrer Freizeit bleibt der Laptop dann allerdings meist aus: Sie genie\u00dft die Zeit mit Ihrem Mann (nat\u00fcrlich auch ein ITler) und ihrer Tochter \u2013 am liebsten auf Reisen in fernen L\u00e4ndern.","sameAs":["https:\/\/it-service.network\/"],"url":"https:\/\/it-service.network\/blog\/author\/lena-klaus\/"}]}},"_links":{"self":[{"href":"https:\/\/it-service.network\/blog\/wp-json\/wp\/v2\/posts\/9913","targetHints":{"allow":["GET"]}}],"collection":[{"href":"https:\/\/it-service.network\/blog\/wp-json\/wp\/v2\/posts"}],"about":[{"href":"https:\/\/it-service.network\/blog\/wp-json\/wp\/v2\/types\/post"}],"author":[{"embeddable":true,"href":"https:\/\/it-service.network\/blog\/wp-json\/wp\/v2\/users\/14"}],"replies":[{"embeddable":true,"href":"https:\/\/it-service.network\/blog\/wp-json\/wp\/v2\/comments?post=9913"}],"version-history":[{"count":0,"href":"https:\/\/it-service.network\/blog\/wp-json\/wp\/v2\/posts\/9913\/revisions"}],"wp:featuredmedia":[{"embeddable":true,"href":"https:\/\/it-service.network\/blog\/wp-json\/wp\/v2\/media\/9925"}],"wp:attachment":[{"href":"https:\/\/it-service.network\/blog\/wp-json\/wp\/v2\/media?parent=9913"}],"wp:term":[{"taxonomy":"category","embeddable":true,"href":"https:\/\/it-service.network\/blog\/wp-json\/wp\/v2\/categories?post=9913"},{"taxonomy":"post_tag","embeddable":true,"href":"https:\/\/it-service.network\/blog\/wp-json\/wp\/v2\/tags?post=9913"}],"curies":[{"name":"wp","href":"https:\/\/api.w.org\/{rel}","templated":true}]}}